{"id":136705,"date":"2021-09-05T23:33:00","date_gmt":"2021-09-06T02:33:00","guid":{"rendered":"https:\/\/www.hoymercedes.com.ar\/principal\/?p=136705"},"modified":"2021-09-05T22:36:16","modified_gmt":"2021-09-06T01:36:16","slug":"allanamientos-permiten-esclarecer-ilicito","status":"publish","type":"post","link":"https:\/\/www.hoymercedes.com.ar\/principal\/2021\/09\/05\/allanamientos-permiten-esclarecer-ilicito\/","title":{"rendered":"Allanamientos permiten esclarecer il\u00edcito"},"content":{"rendered":"\n<p>Personal de la Polic\u00eda Comunal junto a GTO Mercedes logran la detenci\u00f3n de un masculino bajo car\u00e1tula de \u201cDefraudaci\u00f3n yH\u201d. La detenci\u00f3n fue en el predio de Gendarmer\u00eda Nacional en avenida 2 y 29 con pedido de intervenci\u00f3n de la UFI N\u00ba4. El operativo permiti\u00f3 dar resoluci\u00f3n a la investigaci\u00f3n, pero hasta el momento no se tiene m\u00e1s detalles del procedimiento ni la causa.<\/p>\n\n\n\n<p><\/p>\n","protected":false},"excerpt":{"rendered":"<p>Personal de la Polic\u00eda Comunal junto a GTO Mercedes logran la detenci\u00f3n de un masculino bajo car\u00e1tula de \u201cDefraudaci\u00f3n yH\u201d. &#8230; <a title=\"Allanamientos permiten esclarecer il\u00edcito\" class=\"read-more\" href=\"https:\/\/www.hoymercedes.com.ar\/principal\/2021\/09\/05\/allanamientos-permiten-esclarecer-ilicito\/\" aria-label=\"Leer m\u00e1s sobre Allanamientos permiten esclarecer il\u00edcito\">Leer m\u00e1s<\/a><\/p>\n","protected":false},"author":1,"featured_media":125642,"comment_status":"closed","ping_status":"open","sticky":false,"template":"","format":"standard","meta":{"_monsterinsights_skip_tracking":false,"_monsterinsights_sitenote_active":false,"_monsterinsights_sitenote_note":"","_monsterinsights_sitenote_category":0,"jetpack_post_was_ever_published":false,"_jetpack_newsletter_access":"","_jetpack_dont_email_post_to_subs":false,"_jetpack_newsletter_tier_id":0,"_jetpack_memberships_contains_paywalled_content":false,"_jetpack_memberships_contains_paid_content":false,"footnotes":"","jetpack_publicize_message":"","jetpack_publicize_feature_enabled":true,"jetpack_social_post_already_shared":true,"jetpack_social_options":{"image_generator_settings":{"template":"highway","default_image_id":0,"font":"","enabled":false},"version":2},"_wpas_customize_per_network":false},"categories":[85],"tags":[96],"class_list":["post-136705","post","type-post","status-publish","format-standard","has-post-thumbnail","hentry","category-policial","tag-policial-2","generate-columns","tablet-grid-50","mobile-grid-100","grid-parent","grid-50"],"jetpack_publicize_connections":[],"jetpack_featured_media_url":"https:\/\/www.hoymercedes.com.ar\/principal\/wp-content\/uploads\/2021\/03\/02-movil-policia.jpg","wps_subtitle":"","jetpack_sharing_enabled":true,"_links":{"self":[{"href":"https:\/\/www.hoymercedes.com.ar\/principal\/wp-json\/wp\/v2\/posts\/136705","targetHints":{"allow":["GET"]}}],"collection":[{"href":"https:\/\/www.hoymercedes.com.ar\/principal\/wp-json\/wp\/v2\/posts"}],"about":[{"href":"https:\/\/www.hoymercedes.com.ar\/principal\/wp-json\/wp\/v2\/types\/post"}],"author":[{"embeddable":true,"href":"https:\/\/www.hoymercedes.com.ar\/principal\/wp-json\/wp\/v2\/users\/1"}],"replies":[{"embeddable":true,"href":"https:\/\/www.hoymercedes.com.ar\/principal\/wp-json\/wp\/v2\/comments?post=136705"}],"version-history":[{"count":0,"href":"https:\/\/www.hoymercedes.com.ar\/principal\/wp-json\/wp\/v2\/posts\/136705\/revisions"}],"wp:featuredmedia":[{"embeddable":true,"href":"https:\/\/www.hoymercedes.com.ar\/principal\/wp-json\/wp\/v2\/media\/125642"}],"wp:attachment":[{"href":"https:\/\/www.hoymercedes.com.ar\/principal\/wp-json\/wp\/v2\/media?parent=136705"}],"wp:term":[{"taxonomy":"category","embeddable":true,"href":"https:\/\/www.hoymercedes.com.ar\/principal\/wp-json\/wp\/v2\/categories?post=136705"},{"taxonomy":"post_tag","embeddable":true,"href":"https:\/\/www.hoymercedes.com.ar\/principal\/wp-json\/wp\/v2\/tags?post=136705"}],"curies":[{"name":"wp","href":"https:\/\/api.w.org\/{rel}","templated":true}]}}