{"id":136724,"date":"2021-09-06T09:30:00","date_gmt":"2021-09-06T12:30:00","guid":{"rendered":"https:\/\/www.hoymercedes.com.ar\/principal\/?p=136724"},"modified":"2021-09-06T09:23:22","modified_gmt":"2021-09-06T12:23:22","slug":"detenido-circulando-en-una-moto-robada","status":"publish","type":"post","link":"https:\/\/www.hoymercedes.com.ar\/principal\/2021\/09\/06\/detenido-circulando-en-una-moto-robada\/","title":{"rendered":"Detenido circulando en una moto robada"},"content":{"rendered":"\n<p>La Polic\u00eda Comunal detect\u00f3 a un hombre en una motocicleta con un perfil \u201chuidizo\u201d o \u201ctenso\u201d. Buscan identificarlo gener\u00e1ndose un intento de fuga del mencionado. Finalmente fue detenido.<\/p>\n\n\n\n<p>En Avenidas 29 y 40 los efectivos de la Polic\u00eda Comunal observan actitud sospechosa de un sujeto en una motocicleta 110cc. Al intentar frenarlo \u00e9ste emprende la fuga por 29 a 42 y desde ah\u00ed hacia 31, mostr\u00e1ndose agresivo y hostil a los requerimientos, pero siendo finalmente atrapado.<\/p>\n\n\n\n<p>Como consecuencia del accionar se detecta iba en una motocicleta robada con pedido activo de secuestro a instancias de la U.F.I N\u00ba6. El detenido es menor de edad. Ahora interviene la U.F.I N\u00ba8 del Departamento judicial. <\/p>\n\n\n\n<p>Fotograf\u00eda: Polic\u00eda Comunal<\/p>\n\n\n\n<div class=\"wp-block-image\"><figure class=\"aligncenter size-full\"><img loading=\"lazy\" decoding=\"async\" width=\"525\" height=\"591\" data-attachment-id=\"136725\" data-permalink=\"https:\/\/www.hoymercedes.com.ar\/principal\/2021\/09\/06\/detenido-circulando-en-una-moto-robada\/moto-menor\/#main\" data-orig-file=\"https:\/\/www.hoymercedes.com.ar\/principal\/wp-content\/uploads\/2021\/09\/Moto.Menor_.jpg\" data-orig-size=\"525,591\" data-comments-opened=\"0\" data-image-meta=\"{&quot;aperture&quot;:&quot;0&quot;,&quot;credit&quot;:&quot;&quot;,&quot;camera&quot;:&quot;&quot;,&quot;caption&quot;:&quot;&quot;,&quot;created_timestamp&quot;:&quot;0&quot;,&quot;copyright&quot;:&quot;&quot;,&quot;focal_length&quot;:&quot;0&quot;,&quot;iso&quot;:&quot;0&quot;,&quot;shutter_speed&quot;:&quot;0&quot;,&quot;title&quot;:&quot;&quot;,&quot;orientation&quot;:&quot;0&quot;}\" data-image-title=\"Moto.Menor\" data-image-description=\"\" data-image-caption=\"\" data-large-file=\"https:\/\/www.hoymercedes.com.ar\/principal\/wp-content\/uploads\/2021\/09\/Moto.Menor_.jpg\" src=\"https:\/\/www.hoymercedes.com.ar\/principal\/wp-content\/uploads\/2021\/09\/Moto.Menor_.jpg\" alt=\"\" class=\"wp-image-136725\" srcset=\"https:\/\/www.hoymercedes.com.ar\/principal\/wp-content\/uploads\/2021\/09\/Moto.Menor_.jpg 525w, https:\/\/www.hoymercedes.com.ar\/principal\/wp-content\/uploads\/2021\/09\/Moto.Menor_-133x150.jpg 133w\" sizes=\"auto, (max-width: 525px) 100vw, 525px\" \/><\/figure><\/div>\n\n\n\n<p><\/p>\n","protected":false},"excerpt":{"rendered":"<p>La Polic\u00eda Comunal detect\u00f3 a un hombre en una motocicleta con un perfil \u201chuidizo\u201d o \u201ctenso\u201d. Buscan identificarlo gener\u00e1ndose un &#8230; <a title=\"Detenido circulando en una moto robada\" class=\"read-more\" href=\"https:\/\/www.hoymercedes.com.ar\/principal\/2021\/09\/06\/detenido-circulando-en-una-moto-robada\/\" aria-label=\"Leer m\u00e1s sobre Detenido circulando en una moto robada\">Leer m\u00e1s<\/a><\/p>\n","protected":false},"author":1,"featured_media":136725,"comment_status":"closed","ping_status":"open","sticky":false,"template":"","format":"standard","meta":{"_monsterinsights_skip_tracking":false,"_monsterinsights_sitenote_active":false,"_monsterinsights_sitenote_note":"","_monsterinsights_sitenote_category":0,"jetpack_post_was_ever_published":false,"_jetpack_newsletter_access":"","_jetpack_dont_email_post_to_subs":false,"_jetpack_newsletter_tier_id":0,"_jetpack_memberships_contains_paywalled_content":false,"_jetpack_memberships_contains_paid_content":false,"footnotes":"","jetpack_publicize_message":"","jetpack_publicize_feature_enabled":true,"jetpack_social_post_already_shared":true,"jetpack_social_options":{"image_generator_settings":{"template":"highway","default_image_id":0,"font":"","enabled":false},"version":2},"_wpas_customize_per_network":false},"categories":[85],"tags":[],"class_list":["post-136724","post","type-post","status-publish","format-standard","has-post-thumbnail","hentry","category-policial","generate-columns","tablet-grid-50","mobile-grid-100","grid-parent","grid-50"],"jetpack_publicize_connections":[],"jetpack_featured_media_url":"https:\/\/www.hoymercedes.com.ar\/principal\/wp-content\/uploads\/2021\/09\/Moto.Menor_.jpg","wps_subtitle":"","jetpack_sharing_enabled":true,"_links":{"self":[{"href":"https:\/\/www.hoymercedes.com.ar\/principal\/wp-json\/wp\/v2\/posts\/136724","targetHints":{"allow":["GET"]}}],"collection":[{"href":"https:\/\/www.hoymercedes.com.ar\/principal\/wp-json\/wp\/v2\/posts"}],"about":[{"href":"https:\/\/www.hoymercedes.com.ar\/principal\/wp-json\/wp\/v2\/types\/post"}],"author":[{"embeddable":true,"href":"https:\/\/www.hoymercedes.com.ar\/principal\/wp-json\/wp\/v2\/users\/1"}],"replies":[{"embeddable":true,"href":"https:\/\/www.hoymercedes.com.ar\/principal\/wp-json\/wp\/v2\/comments?post=136724"}],"version-history":[{"count":0,"href":"https:\/\/www.hoymercedes.com.ar\/principal\/wp-json\/wp\/v2\/posts\/136724\/revisions"}],"wp:featuredmedia":[{"embeddable":true,"href":"https:\/\/www.hoymercedes.com.ar\/principal\/wp-json\/wp\/v2\/media\/136725"}],"wp:attachment":[{"href":"https:\/\/www.hoymercedes.com.ar\/principal\/wp-json\/wp\/v2\/media?parent=136724"}],"wp:term":[{"taxonomy":"category","embeddable":true,"href":"https:\/\/www.hoymercedes.com.ar\/principal\/wp-json\/wp\/v2\/categories?post=136724"},{"taxonomy":"post_tag","embeddable":true,"href":"https:\/\/www.hoymercedes.com.ar\/principal\/wp-json\/wp\/v2\/tags?post=136724"}],"curies":[{"name":"wp","href":"https:\/\/api.w.org\/{rel}","templated":true}]}}