{"id":136942,"date":"2021-09-09T15:01:37","date_gmt":"2021-09-09T18:01:37","guid":{"rendered":"https:\/\/www.hoymercedes.com.ar\/principal\/?p=136942"},"modified":"2021-09-09T15:02:06","modified_gmt":"2021-09-09T18:02:06","slug":"beneficiarias-del-programa-mil-dias-podran-viajar-gratis-en-colectivos-locales","status":"publish","type":"post","link":"https:\/\/www.hoymercedes.com.ar\/principal\/2021\/09\/09\/beneficiarias-del-programa-mil-dias-podran-viajar-gratis-en-colectivos-locales\/","title":{"rendered":"Beneficiarias del Programa Mil D\u00edas podr\u00e1n viajar gratis en colectivos locales"},"content":{"rendered":"\n<p>Las mam\u00e1s del programa Primeros Mil D\u00edas ahora tendr\u00e1n un \u201cboleto gratis\u201d para poder utilizar el transporte local p\u00fablico de pasajeros. Es una medida integral para promover la seguridad vial, el cuidado de las infancias y el uso de los colectivos. <\/p>\n\n\n\n<div class=\"wp-block-image\"><figure class=\"aligncenter size-full\"><img loading=\"lazy\" decoding=\"async\" width=\"800\" height=\"323\" data-attachment-id=\"136946\" data-permalink=\"https:\/\/www.hoymercedes.com.ar\/principal\/2021\/09\/09\/beneficiarias-del-programa-mil-dias-podran-viajar-gratis-en-colectivos-locales\/dsc03431\/#main\" data-orig-file=\"https:\/\/www.hoymercedes.com.ar\/principal\/wp-content\/uploads\/2021\/09\/DSC03431.jpg\" data-orig-size=\"800,323\" data-comments-opened=\"0\" data-image-meta=\"{&quot;aperture&quot;:&quot;0&quot;,&quot;credit&quot;:&quot;&quot;,&quot;camera&quot;:&quot;&quot;,&quot;caption&quot;:&quot;&quot;,&quot;created_timestamp&quot;:&quot;0&quot;,&quot;copyright&quot;:&quot;&quot;,&quot;focal_length&quot;:&quot;0&quot;,&quot;iso&quot;:&quot;0&quot;,&quot;shutter_speed&quot;:&quot;0&quot;,&quot;title&quot;:&quot;&quot;,&quot;orientation&quot;:&quot;0&quot;}\" data-image-title=\"DSC03431\" data-image-description=\"\" data-image-caption=\"\" data-large-file=\"https:\/\/www.hoymercedes.com.ar\/principal\/wp-content\/uploads\/2021\/09\/DSC03431.jpg\" src=\"https:\/\/www.hoymercedes.com.ar\/principal\/wp-content\/uploads\/2021\/09\/DSC03431.jpg\" alt=\"\" class=\"wp-image-136946\" srcset=\"https:\/\/www.hoymercedes.com.ar\/principal\/wp-content\/uploads\/2021\/09\/DSC03431.jpg 800w, https:\/\/www.hoymercedes.com.ar\/principal\/wp-content\/uploads\/2021\/09\/DSC03431-630x254.jpg 630w, https:\/\/www.hoymercedes.com.ar\/principal\/wp-content\/uploads\/2021\/09\/DSC03431-150x61.jpg 150w\" sizes=\"auto, (max-width: 800px) 100vw, 800px\" \/><\/figure><\/div>\n\n\n\n<p>En la presentaci\u00f3n el intendente Ustarroz destac\u00f3 la importancia de la medida y agradeci\u00f3 a las \u00e1reas de salud, seguridad y tr\u00e1nsito por la articulaci\u00f3n y crear este beneficio. A su vez, se expres\u00f3 que es una experiencia piloto para en el futuro, al igual que el programa Mil D\u00edas, se llegue a nacionalizar dado que se cuenta con el apoyo de la Agencia Nacional de Seguridad Vial. \u00a0<\/p>\n\n\n\n<p>Al respeto, Magdalena Levermann sostuvo que \u201clanzamos una nueva propuesta desde el Programa Primeros Mil D\u00edas de la Secretar\u00eda de Salud y se trata de ofrecer un boleto gratuito para las l\u00edneas urbanas de pasajeros de Mercedes a las mam\u00e1s del programa, promoviendo as\u00ed un viaje seguro en esta etapa que es el embarazo y los primeros meses de vida\u201d &nbsp;<\/p>\n\n\n\n<p>Y a\u00f1adi\u00f3 que \u201ctendr\u00e1 como marco un programa m\u00e1s amplio y ambicioso de seguridad vial en la primera infancia que incluir\u00e1 una bater\u00eda de acciones tendientes a promover la seguridad de las y los ni\u00f1os en el traslado en la v\u00eda p\u00fablica\u201d. &nbsp;<\/p>\n\n\n\n<p>\u201cEs parte de las directivas que nos da nuestro intendente que es la articulaci\u00f3n de distintas \u00e1reas para llevar mayores beneficios y en este caso seguridad vial a nuestros vecinos y vecinas\u201d sostuvo Gonzalo Anselmo y destac\u00f3 que \u201ctambi\u00e9n quiero recalcar el trabajo de Nancy Okos y todo el personal de la salud y seguridad en este intercambio para establecer nuevas pol\u00edticas p\u00fablicas\u201d afirm\u00f3 y destac\u00f3 que \u201ces para el cuidado del bien m\u00e1s preciado que tenemos, que es la vida humana y la salud\u201d &nbsp;<\/p>\n\n\n\n<p>\u201cDesde el \u00e1rea de seguridad queremos agradecer a todas las \u00e1reas porque la verdad se est\u00e1 trabajando mucho en el tema de tr\u00e1nsito y movilidad, porque est\u00e1 transversal a todos\u201d coment\u00f3 Nancy Okos y dijo que \u201cen este caso, el boleto para Mil D\u00edas es un puntapi\u00e9 desde Mercedes al pa\u00eds, porque lo hemos hablado con la Agencia Nacional de Seguridad Vial que brindar\u00e1 capacitaciones al personal de salud, tr\u00e1nsito, educaci\u00f3n, con lo cual estamos sumamente felices porque nuestra ciudad expone un proyecto que saldr\u00e1 a todo el pa\u00eds\u201d sostuvo la coordinadora de tr\u00e1nsito. &nbsp;<\/p>\n\n\n\n<p>A su vez, se present\u00f3 a Cecilia Zapatelli, la segunda chofera de colectivos a nivel provincial de conducir un micro a nivel local. &nbsp;<\/p>\n\n\n\n<p>M\u00e1s adelante el intendente Ustarroz narr\u00f3 que \u201cante todo estamos muy felices y orgullos. Este programa, Mil D\u00edas, tiene una mirada integral que es ir haciendo desde todas las \u00e1reas crecer los derechos que se brindan a la comunidad a la primera infancia por sobre todas las cosas, pero tambi\u00e9n algo muy importante que es el uso del transporte p\u00fablico de pasajeros, que viene creciendo, que se ampli\u00f3 a la zona de Gowland-Agote, que queremos sean m\u00e1s las vecinas y vecinos que le den uso\u201d &nbsp;<\/p>\n\n\n\n<p>\u201cAhora lanzamos este servicio gratuito para las mam\u00e1s del programa y eso nos da alegr\u00eda porque fomenta su uso\u201d, remarc\u00f3 el jefe comunal y destac\u00f3 que \u201cadem\u00e1s, quiero destacar el trabajo de Dany, de todo el equipo del \u00e1rea de transporte p\u00fablico, porque est\u00e1n haciendo un gran trabajo\u201d &nbsp;<\/p>\n\n\n\n<p>Por Prensa Municipal<\/p>\n","protected":false},"excerpt":{"rendered":"<p>Las mam\u00e1s del programa Primeros Mil D\u00edas ahora tendr\u00e1n un \u201cboleto gratis\u201d para poder utilizar el transporte local p\u00fablico de &#8230; <a title=\"Beneficiarias del Programa Mil D\u00edas podr\u00e1n viajar gratis en colectivos locales\" class=\"read-more\" href=\"https:\/\/www.hoymercedes.com.ar\/principal\/2021\/09\/09\/beneficiarias-del-programa-mil-dias-podran-viajar-gratis-en-colectivos-locales\/\" aria-label=\"Leer m\u00e1s sobre Beneficiarias del Programa Mil D\u00edas podr\u00e1n viajar gratis en colectivos locales\">Leer m\u00e1s<\/a><\/p>\n","protected":false},"author":1,"featured_media":136946,"comment_status":"closed","ping_status":"open","sticky":false,"template":"","format":"standard","meta":{"_monsterinsights_skip_tracking":false,"_monsterinsights_sitenote_active":false,"_monsterinsights_sitenote_note":"","_monsterinsights_sitenote_category":0,"jetpack_post_was_ever_published":false,"_jetpack_newsletter_access":"","_jetpack_dont_email_post_to_subs":false,"_jetpack_newsletter_tier_id":0,"_jetpack_memberships_contains_paywalled_content":false,"_jetpack_memberships_contains_paid_content":false,"footnotes":"","jetpack_publicize_message":"","jetpack_publicize_feature_enabled":true,"jetpack_social_post_already_shared":true,"jetpack_social_options":{"image_generator_settings":{"template":"highway","default_image_id":0,"font":"","enabled":false},"version":2},"_wpas_customize_per_network":false},"categories":[30],"tags":[870,244,11368,134,18032],"class_list":["post-136942","post","type-post","status-publish","format-standard","has-post-thumbnail","hentry","category-municipio","tag-desarrollo-social","tag-municipio-2","tag-programa-mil-dias","tag-salud","tag-transito-2","generate-columns","tablet-grid-50","mobile-grid-100","grid-parent","grid-50"],"jetpack_publicize_connections":[],"jetpack_featured_media_url":"https:\/\/www.hoymercedes.com.ar\/principal\/wp-content\/uploads\/2021\/09\/DSC03431.jpg","wps_subtitle":"","jetpack_sharing_enabled":true,"_links":{"self":[{"href":"https:\/\/www.hoymercedes.com.ar\/principal\/wp-json\/wp\/v2\/posts\/136942","targetHints":{"allow":["GET"]}}],"collection":[{"href":"https:\/\/www.hoymercedes.com.ar\/principal\/wp-json\/wp\/v2\/posts"}],"about":[{"href":"https:\/\/www.hoymercedes.com.ar\/principal\/wp-json\/wp\/v2\/types\/post"}],"author":[{"embeddable":true,"href":"https:\/\/www.hoymercedes.com.ar\/principal\/wp-json\/wp\/v2\/users\/1"}],"replies":[{"embeddable":true,"href":"https:\/\/www.hoymercedes.com.ar\/principal\/wp-json\/wp\/v2\/comments?post=136942"}],"version-history":[{"count":0,"href":"https:\/\/www.hoymercedes.com.ar\/principal\/wp-json\/wp\/v2\/posts\/136942\/revisions"}],"wp:featuredmedia":[{"embeddable":true,"href":"https:\/\/www.hoymercedes.com.ar\/principal\/wp-json\/wp\/v2\/media\/136946"}],"wp:attachment":[{"href":"https:\/\/www.hoymercedes.com.ar\/principal\/wp-json\/wp\/v2\/media?parent=136942"}],"wp:term":[{"taxonomy":"category","embeddable":true,"href":"https:\/\/www.hoymercedes.com.ar\/principal\/wp-json\/wp\/v2\/categories?post=136942"},{"taxonomy":"post_tag","embeddable":true,"href":"https:\/\/www.hoymercedes.com.ar\/principal\/wp-json\/wp\/v2\/tags?post=136942"}],"curies":[{"name":"wp","href":"https:\/\/api.w.org\/{rel}","templated":true}]}}