{"id":137015,"date":"2021-09-11T07:31:00","date_gmt":"2021-09-11T10:31:00","guid":{"rendered":"https:\/\/www.hoymercedes.com.ar\/principal\/?p=137015"},"modified":"2021-09-10T20:59:00","modified_gmt":"2021-09-10T23:59:00","slug":"visita-a-la-obra-de-lo-que-sera-el-hogar-villa-juanita","status":"publish","type":"post","link":"https:\/\/www.hoymercedes.com.ar\/principal\/2021\/09\/11\/visita-a-la-obra-de-lo-que-sera-el-hogar-villa-juanita\/","title":{"rendered":"Visita a la obra de lo que ser\u00e1 el Hogar Villa Juanita"},"content":{"rendered":"\n<p>El jefe comunal de Mercedes Juan Ignacio Ustarroz recibi\u00f3 al Director Nacional de Pol\u00edticas para Adultos Mayores, el Dr. Tom\u00e1s Pessacq y el Secretario Nacional de Ni\u00f1ez, Adolescencia y Familia, el Dr. Gabriel Lerner, quienes participaron del curso \u201cPotenciar Trabajo\u201d de capacitaci\u00f3n para el cuidado de adultos mayores, visitaron la obra del hogar Villa Juanita que financia Provincia de Buenos Aires, el CAPS exclusivo ubicado en la \u201cCasita del Unzu\u00e9\u201d para adultos mayores y avanzaron en tem\u00e1ticas de cuidado de la ni\u00f1ez. \u00a0<\/p>\n\n\n\n<div class=\"wp-block-image\"><figure class=\"aligncenter size-full is-resized\"><img decoding=\"async\" data-attachment-id=\"137016\" data-permalink=\"https:\/\/www.hoymercedes.com.ar\/principal\/2021\/09\/11\/visita-a-la-obra-de-lo-que-sera-el-hogar-villa-juanita\/dsc03820\/#main\" data-orig-file=\"https:\/\/www.hoymercedes.com.ar\/principal\/wp-content\/uploads\/2021\/09\/DSC03820.jpg\" data-orig-size=\"922,615\" data-comments-opened=\"0\" data-image-meta=\"{&quot;aperture&quot;:&quot;0&quot;,&quot;credit&quot;:&quot;&quot;,&quot;camera&quot;:&quot;&quot;,&quot;caption&quot;:&quot;&quot;,&quot;created_timestamp&quot;:&quot;0&quot;,&quot;copyright&quot;:&quot;&quot;,&quot;focal_length&quot;:&quot;0&quot;,&quot;iso&quot;:&quot;0&quot;,&quot;shutter_speed&quot;:&quot;0&quot;,&quot;title&quot;:&quot;&quot;,&quot;orientation&quot;:&quot;0&quot;}\" data-image-title=\"DSC03820\" data-image-description=\"\" data-image-caption=\"\" data-large-file=\"https:\/\/www.hoymercedes.com.ar\/principal\/wp-content\/uploads\/2021\/09\/DSC03820.jpg\" src=\"https:\/\/www.hoymercedes.com.ar\/principal\/wp-content\/uploads\/2021\/09\/DSC03820.jpg\" alt=\"\" class=\"wp-image-137016\" width=\"-116\" height=\"-77\" srcset=\"https:\/\/www.hoymercedes.com.ar\/principal\/wp-content\/uploads\/2021\/09\/DSC03820.jpg 922w, https:\/\/www.hoymercedes.com.ar\/principal\/wp-content\/uploads\/2021\/09\/DSC03820-630x420.jpg 630w, https:\/\/www.hoymercedes.com.ar\/principal\/wp-content\/uploads\/2021\/09\/DSC03820-150x100.jpg 150w\" sizes=\"(max-width: 922px) 100vw, 922px\" \/><\/figure><\/div>\n\n\n\n<p>El intendente Juan Ignacio Ustarroz durante el encuentro manifest\u00f3 \u201cqueremos agradecer el acompa\u00f1amiento permanente, no al Municipio, sino al pueblo de Mercedes del Estado Nacional. Desarrollamos diferentes pol\u00edticas p\u00fablicas donde tenemos un acompa\u00f1amiento en t\u00e9rminos de recursos humanos y econ\u00f3micos para poder llevar adelante los proyectos\u201d. &nbsp;<\/p>\n\n\n\n<p>En este sentido, el intendente Ustarroz se\u00f1al\u00f3 \u201csobre la base del gran trabajo de la Direcci\u00f3n de Adultos Mayores y todo el equipo, poder proyectar este programa para el cuidado de nuestros adultos mayores, estamos realmente muy satisfechos con este permanente acompa\u00f1amiento, con funcionarios que recorren el pa\u00eds, los municipios, que escuchan a los intendentes, a los vecinos, para poder avanzar\u201d y apunt\u00f3 \u201choy, con la pandemia, donde ya comenzamos a dar vuelta la p\u00e1gina, nos permitimos impulsar nuevos proyectos que tengan que ver con el bienestar de todo nuestro pueblo\u201d.\u00a0\u00a0\u00a0\u00a0\u00a0\u00a0\u00a0<\/p>\n\n\n\n<p>Victoria Odell, directora de Adultos Mayores de la Municipalidad de Mercedes expres\u00f3 \u201cmuy contentos con la presencia de estas autoridades, estamos sumamente felices y poder mostrarles los trabajos que realizamos con los aportes que nos hacen desde Naci\u00f3n. Principalmente, hoy estamos visitando el Curso de Cuidadores Domiciliarios, mismo que reci\u00e9n inicia y que durar\u00e1 4 meses, capacitaci\u00f3n sumamente importante para la atenci\u00f3n y el cuidado de los adultos mayores\u201d. &nbsp;<\/p>\n\n\n\n<p><strong>Naci\u00f3n &nbsp;<\/strong><\/p>\n\n\n\n<p>Por su parte, el Secretario Nacional de Ni\u00f1ez, Adolescencia y Familia, el Dr. Gabriel Lerner dijo \u201cexiste un trabajo muy coordinado con el Municipio de Mercedes, hoy venimos por el tema adultos mayores. Nosotros junto al Director Nacional de Pol\u00edticas para Adultos Mayores planificamos capacitar en el pa\u00eds, en el segundo semestre del a\u00f1o 2021 y primer semestre del a\u00f1o 2022, 4.900 cuidadores de adultos mayores\u201d y a\u00f1adi\u00f3 \u201cuna buena parte de ellos \u2013en Mercedes- son parte del Potenciar Trabajo ese es un dato objetivo, con dificultades para insertarse al mercado laboral\u201d. &nbsp;<\/p>\n\n\n\n<p>\u201cEste curso est\u00e1 aprobado, que califica y abre enormes posibilidades para que esos vecinos puedan conseguir trabajo y desempe\u00f1arse aut\u00f3nomamente y tiene un impacto muy bueno en la comunidad, porque si hay cuidadores la vida de buena parte de las personas&nbsp;mayores se enriquece, se facilita que mantengan sus relaciones afectivas, emocionales sin tener que ir a vivir a una instituci\u00f3n. Es una pol\u00edtica que nos entusiasma mucho, donde Mercedes le dedica un esfuerzo importante, la verdad que muy bueno lo que se est\u00e1 haciendo\u201d destac\u00f3&nbsp;el Secretario Nacional de Ni\u00f1ez, Adolescencia y Familia.&nbsp;&nbsp;&nbsp;&nbsp;<\/p>\n\n\n\n<p><strong>Visita &nbsp;<\/strong><\/p>\n\n\n\n<p>Fueron parte del encuentro, adem\u00e1s, la secretaria de desarrollo de la comunidad, Jorgelina Silva, la coordinadora Noelia Gollo, Ulises Contarelli y Paula Cisilino, funcionarios nacionales, el secretario de salud, N\u00e9stor Pisapia, generando una mesa de trabajo y gesti\u00f3n no s\u00f3lo por el presente, sino tambi\u00e9n por el futuro en articulaci\u00f3n de distintos programas e intervenciones. \u00a0<\/p>\n\n\n\n<p>Por Prensa Municipal<\/p>\n","protected":false},"excerpt":{"rendered":"<p>El jefe comunal de Mercedes Juan Ignacio Ustarroz recibi\u00f3 al Director Nacional de Pol\u00edticas para Adultos Mayores, el Dr. Tom\u00e1s &#8230; <a title=\"Visita a la obra de lo que ser\u00e1 el Hogar Villa Juanita\" class=\"read-more\" href=\"https:\/\/www.hoymercedes.com.ar\/principal\/2021\/09\/11\/visita-a-la-obra-de-lo-que-sera-el-hogar-villa-juanita\/\" aria-label=\"Leer m\u00e1s sobre Visita a la obra de lo que ser\u00e1 el Hogar Villa Juanita\">Leer m\u00e1s<\/a><\/p>\n","protected":false},"author":1,"featured_media":137016,"comment_status":"closed","ping_status":"open","sticky":false,"template":"","format":"standard","meta":{"_monsterinsights_skip_tracking":false,"_monsterinsights_sitenote_active":false,"_monsterinsights_sitenote_note":"","_monsterinsights_sitenote_category":0,"jetpack_post_was_ever_published":false,"_jetpack_newsletter_access":"","_jetpack_dont_email_post_to_subs":false,"_jetpack_newsletter_tier_id":0,"_jetpack_memberships_contains_paywalled_content":false,"_jetpack_memberships_contains_paid_content":false,"footnotes":"","jetpack_publicize_message":"","jetpack_publicize_feature_enabled":true,"jetpack_social_post_already_shared":true,"jetpack_social_options":{"image_generator_settings":{"template":"highway","default_image_id":0,"font":"","enabled":false},"version":2},"_wpas_customize_per_network":false},"categories":[30],"tags":[244],"class_list":["post-137015","post","type-post","status-publish","format-standard","has-post-thumbnail","hentry","category-municipio","tag-municipio-2","generate-columns","tablet-grid-50","mobile-grid-100","grid-parent","grid-50"],"jetpack_publicize_connections":[],"jetpack_featured_media_url":"https:\/\/www.hoymercedes.com.ar\/principal\/wp-content\/uploads\/2021\/09\/DSC03820.jpg","wps_subtitle":"Trabajo conjunto","jetpack_sharing_enabled":true,"_links":{"self":[{"href":"https:\/\/www.hoymercedes.com.ar\/principal\/wp-json\/wp\/v2\/posts\/137015","targetHints":{"allow":["GET"]}}],"collection":[{"href":"https:\/\/www.hoymercedes.com.ar\/principal\/wp-json\/wp\/v2\/posts"}],"about":[{"href":"https:\/\/www.hoymercedes.com.ar\/principal\/wp-json\/wp\/v2\/types\/post"}],"author":[{"embeddable":true,"href":"https:\/\/www.hoymercedes.com.ar\/principal\/wp-json\/wp\/v2\/users\/1"}],"replies":[{"embeddable":true,"href":"https:\/\/www.hoymercedes.com.ar\/principal\/wp-json\/wp\/v2\/comments?post=137015"}],"version-history":[{"count":0,"href":"https:\/\/www.hoymercedes.com.ar\/principal\/wp-json\/wp\/v2\/posts\/137015\/revisions"}],"wp:featuredmedia":[{"embeddable":true,"href":"https:\/\/www.hoymercedes.com.ar\/principal\/wp-json\/wp\/v2\/media\/137016"}],"wp:attachment":[{"href":"https:\/\/www.hoymercedes.com.ar\/principal\/wp-json\/wp\/v2\/media?parent=137015"}],"wp:term":[{"taxonomy":"category","embeddable":true,"href":"https:\/\/www.hoymercedes.com.ar\/principal\/wp-json\/wp\/v2\/categories?post=137015"},{"taxonomy":"post_tag","embeddable":true,"href":"https:\/\/www.hoymercedes.com.ar\/principal\/wp-json\/wp\/v2\/tags?post=137015"}],"curies":[{"name":"wp","href":"https:\/\/api.w.org\/{rel}","templated":true}]}}