{"id":13708,"date":"2012-06-15T01:53:05","date_gmt":"2012-06-15T01:53:05","guid":{"rendered":"http:\/\/www.hoymercedes.com.ar\/principal\/?p=13708"},"modified":"2012-06-15T01:53:05","modified_gmt":"2012-06-15T01:53:05","slug":"confederacion-de-trabajadores-municipales-promueve-intensificar-la-lucha-contra-los-viejos-intendentes","status":"publish","type":"post","link":"https:\/\/www.hoymercedes.com.ar\/principal\/2012\/06\/15\/confederacion-de-trabajadores-municipales-promueve-intensificar-la-lucha-contra-los-viejos-intendentes\/","title":{"rendered":"Confederaci\u00f3n de Trabajadores Municipales promueve \u00abintensificar la lucha contra los viejos intendentes\u00bb"},"content":{"rendered":"<p><a href=\"https:\/\/www.hoymercedes.com.ar\/principal\/wp-content\/uploads\/2012\/06\/RubenGarc\u00eda.jpg\"><img loading=\"lazy\" decoding=\"async\" data-attachment-id=\"13710\" data-permalink=\"https:\/\/www.hoymercedes.com.ar\/principal\/2012\/06\/15\/confederacion-de-trabajadores-municipales-promueve-intensificar-la-lucha-contra-los-viejos-intendentes\/rubengarcia\/#main\" data-orig-file=\"https:\/\/www.hoymercedes.com.ar\/principal\/wp-content\/uploads\/2012\/06\/RubenGarc\u00eda.jpg\" data-orig-size=\"612,428\" data-comments-opened=\"1\" data-image-meta=\"{&quot;aperture&quot;:&quot;0&quot;,&quot;credit&quot;:&quot;&quot;,&quot;camera&quot;:&quot;&quot;,&quot;caption&quot;:&quot;&quot;,&quot;created_timestamp&quot;:&quot;0&quot;,&quot;copyright&quot;:&quot;&quot;,&quot;focal_length&quot;:&quot;0&quot;,&quot;iso&quot;:&quot;0&quot;,&quot;shutter_speed&quot;:&quot;0&quot;,&quot;title&quot;:&quot;&quot;}\" data-image-title=\"RubenGarc\u00eda\" data-image-description=\"\" data-image-caption=\"\" data-large-file=\"https:\/\/www.hoymercedes.com.ar\/principal\/wp-content\/uploads\/2012\/06\/RubenGarc\u00eda.jpg\" class=\"aligncenter size-full wp-image-13710\" title=\"RubenGarc\u00eda\" src=\"https:\/\/www.hoymercedes.com.ar\/principal\/wp-content\/uploads\/2012\/06\/RubenGarc\u00eda.jpg\" alt=\"\" width=\"612\" height=\"428\" \/><\/a><\/p>\n<p>El Secretario General de los trabajadores municipales, Rub\u00e9n &#8216;Cholo&#8217; Garc\u00eda, anunci\u00f3 que visitar\u00e1n a los legisladores provinciales para impulsar la derogaci\u00f3n de la Ley 11.757, que \u00ables permite a los jefes comunales tener a los trabajadores en permanente estado de disponibilidad, y pagar sueldos como si fueran subsidios\u00bb. Exhort\u00f3 a los trabajadores a \u00abintensificar la lucha, estamos enfrentando al poder pol\u00edtico de los intendentes que persisten con su vieja pol\u00edtica de tener a los municipales como variable de ajuste\u00bb.<\/p>\n<p>El Secretario General de la Confederaci\u00f3n de Trabajadores Municipales de la Rep\u00fablica Argentina (CTM), y titular de la Federaci\u00f3n de Sindicatos Municipales Bonaerenses (FeSiMuBo), Rub\u00e9n &#8216;Cholo&#8217; Garc\u00eda, exhort\u00f3 a los trabajadores a \u00abintensificar la lucha, estamos enfrentando al poder pol\u00edtico de los intendentes que persisten con su vieja pol\u00edtica de tener a los municipales como variable de ajuste y seguir pagando salarios como si fueran subsidios. Cuando las cosas marchan bien, el poder pol\u00edtico se olvida de los trabajadores. Cuando aparecen los primeros nubarrones, nos convierten en la variable de ajuste, con recortes, desdoblamientos de salarios, e incluso la cesant\u00eda\u00bb, indic\u00f3 Garc\u00eda.<\/p>\n<p>El anuncio del l\u00edder del movimiento obrero municipal fue en una reuni\u00f3n con dirigentes y trabajadores del partido de Jun\u00edn, provincia de Buenos Aires, en la que participaron Rub\u00e9n \u00c1ngel Paulillo (Candidato a Secretario Adjunto de la FeSiMuBo); Daniel Alarc\u00f3n (Secretario Coordinador de la FeSiMuBo); y Gabriel Saud\u00e1n (Secretario General del STM de Jun\u00edn). Ante los presentes, Garc\u00eda asegur\u00f3 que \u00abes insostenible la situaci\u00f3n que padecen los trabajadores\u00bb y advirti\u00f3 que se va a \u00abprofundizar la lucha contra esta nefasta Ley del neoliberalismo que les habilita a los intendentes de la provincia tener a los trabajadores en un estado de inestabilidad laboral permanente\u00bb.<\/p>\n<p>Por otro lado, adelant\u00f3 que desde el gremio de los municipales se busca \u00absumar votos en la legislatura provincial que nos permita derogar la Ley 11.757 de la \u00e9poca del menemismo, imposici\u00f3n que nos quit\u00f3 todas las conquistas y les otorg\u00f3 plenos poderes a los caciques del conurbano para mantener a los trabajadores en estado de disponibilidad, adem\u00e1s de pagar sueldos por debajo de la l\u00ednea de la pobreza\u00bb.<\/p>\n<p>En este sentido revel\u00f3 que visitaran \u00aba todos los legisladores para que nos expliquen de qu\u00e9 lado est\u00e1n. Hay situaciones que son aberrantes, los planes sociales son m\u00e1s onerosos que los sueldos municipales. La gran mayor\u00eda de los trabajadores no llega al salario M\u00ednimo, Vital y M\u00f3vil, muchos de ellos apenas perciben un sueldo de 1.200 pesos. Este gremio es el \u00fanico que a nivel nacional no tiene derecho a discutir salarios en paritarias como tienen el resto de los trabajadores de las dem\u00e1s actividades. Nosotros queremos y debemos cambiar el paradigma de las relaciones laborales entre los municipios y sus trabajadores, y en ese camino estamos\u00bb.<\/p>\n<p>Cabe destacar que la visita del l\u00edder de los trabajadores municipales, es en el marco del plan de respaldo a todos los sindicatos que integran la organizaci\u00f3n gremial, y en virtud de las pr\u00f3ximas elecciones generales que se desarrollara el 29 de junio pr\u00f3ximo. Fecha que por segunda vez consecutiva y democr\u00e1tica, los trabajadores afiliados concurrir\u00e1n a las urnas en cada comuna para ejercer el derecho de votar en forma directa a sus autoridades que integrar\u00e1n el futuro Consejo Directivo. Recordemos que por Mercedes ira como candidata Maria Florencia Balsategui, actual secretaria adjunta del Sindicato de Trabajadores Municipales de Mercedes (STMM).<\/p>\n<p><span style=\"color: #888888;\">Fuente: STMM<\/span><\/p>\n","protected":false},"excerpt":{"rendered":"<p>El Secretario General de los trabajadores municipales, Rub\u00e9n &#8216;Cholo&#8217; Garc\u00eda, anunci\u00f3 que visitar\u00e1n a los legisladores provinciales para impulsar la &#8230; <a title=\"Confederaci\u00f3n de Trabajadores Municipales promueve \u00abintensificar la lucha contra los viejos intendentes\u00bb\" class=\"read-more\" href=\"https:\/\/www.hoymercedes.com.ar\/principal\/2012\/06\/15\/confederacion-de-trabajadores-municipales-promueve-intensificar-la-lucha-contra-los-viejos-intendentes\/\" aria-label=\"Leer m\u00e1s sobre Confederaci\u00f3n de Trabajadores Municipales promueve \u00abintensificar la lucha contra los viejos intendentes\u00bb\">Leer m\u00e1s<\/a><\/p>\n","protected":false},"author":1,"featured_media":0,"comment_status":"open","ping_status":"open","sticky":false,"template":"","format":"standard","meta":{"_monsterinsights_skip_tracking":false,"_monsterinsights_sitenote_active":false,"_monsterinsights_sitenote_note":"","_monsterinsights_sitenote_category":0,"jetpack_post_was_ever_published":false,"_jetpack_newsletter_access":"","_jetpack_dont_email_post_to_subs":false,"_jetpack_newsletter_tier_id":0,"_jetpack_memberships_contains_paywalled_content":false,"_jetpack_memberships_contains_paid_content":false,"footnotes":"","jetpack_publicize_message":"","jetpack_publicize_feature_enabled":true,"jetpack_social_post_already_shared":false,"jetpack_social_options":{"image_generator_settings":{"template":"highway","default_image_id":0,"font":"","enabled":false},"version":2},"_wpas_customize_per_network":false},"categories":[5],"tags":[2356,2354,2355],"class_list":["post-13708","post","type-post","status-publish","format-standard","hentry","category-politica","tag-confederacion-de-trabajadores-municipales-de-la-republica-argentina","tag-ruben-garcia","tag-secretario-general-de-los-trabajadores-municipale","generate-columns","tablet-grid-50","mobile-grid-100","grid-parent","grid-50"],"jetpack_publicize_connections":[],"jetpack_featured_media_url":"","wps_subtitle":"","jetpack_sharing_enabled":true,"_links":{"self":[{"href":"https:\/\/www.hoymercedes.com.ar\/principal\/wp-json\/wp\/v2\/posts\/13708","targetHints":{"allow":["GET"]}}],"collection":[{"href":"https:\/\/www.hoymercedes.com.ar\/principal\/wp-json\/wp\/v2\/posts"}],"about":[{"href":"https:\/\/www.hoymercedes.com.ar\/principal\/wp-json\/wp\/v2\/types\/post"}],"author":[{"embeddable":true,"href":"https:\/\/www.hoymercedes.com.ar\/principal\/wp-json\/wp\/v2\/users\/1"}],"replies":[{"embeddable":true,"href":"https:\/\/www.hoymercedes.com.ar\/principal\/wp-json\/wp\/v2\/comments?post=13708"}],"version-history":[{"count":0,"href":"https:\/\/www.hoymercedes.com.ar\/principal\/wp-json\/wp\/v2\/posts\/13708\/revisions"}],"wp:attachment":[{"href":"https:\/\/www.hoymercedes.com.ar\/principal\/wp-json\/wp\/v2\/media?parent=13708"}],"wp:term":[{"taxonomy":"category","embeddable":true,"href":"https:\/\/www.hoymercedes.com.ar\/principal\/wp-json\/wp\/v2\/categories?post=13708"},{"taxonomy":"post_tag","embeddable":true,"href":"https:\/\/www.hoymercedes.com.ar\/principal\/wp-json\/wp\/v2\/tags?post=13708"}],"curies":[{"name":"wp","href":"https:\/\/api.w.org\/{rel}","templated":true}]}}