{"id":13712,"date":"2012-06-15T02:16:13","date_gmt":"2012-06-15T02:16:13","guid":{"rendered":"http:\/\/www.hoymercedes.com.ar\/principal\/?p=13712"},"modified":"2012-06-15T02:16:13","modified_gmt":"2012-06-15T02:16:13","slug":"selva-se-reunio-con-vecinos-del-hipolito-yrigoyen","status":"publish","type":"post","link":"https:\/\/www.hoymercedes.com.ar\/principal\/2012\/06\/15\/selva-se-reunio-con-vecinos-del-hipolito-yrigoyen\/","title":{"rendered":"Selva se reuni\u00f3 con vecinos del Hip\u00f3lito Yrigoyen"},"content":{"rendered":"<p><a href=\"https:\/\/www.hoymercedes.com.ar\/principal\/wp-content\/uploads\/2012\/06\/Selva-Barrio-Hip\u00f3litoYrigoyen1.jpg\"><img loading=\"lazy\" decoding=\"async\" data-attachment-id=\"13715\" data-permalink=\"https:\/\/www.hoymercedes.com.ar\/principal\/2012\/06\/15\/selva-se-reunio-con-vecinos-del-hipolito-yrigoyen\/selva-barrio-hipolitoyrigoyen-2\/#main\" data-orig-file=\"https:\/\/www.hoymercedes.com.ar\/principal\/wp-content\/uploads\/2012\/06\/Selva-Barrio-Hip\u00f3litoYrigoyen1.jpg\" data-orig-size=\"612,459\" data-comments-opened=\"1\" data-image-meta=\"{&quot;aperture&quot;:&quot;2&quot;,&quot;credit&quot;:&quot;&quot;,&quot;camera&quot;:&quot;GR-D790&quot;,&quot;caption&quot;:&quot;&quot;,&quot;created_timestamp&quot;:&quot;1339693144&quot;,&quot;copyright&quot;:&quot;&quot;,&quot;focal_length&quot;:&quot;3.7&quot;,&quot;iso&quot;:&quot;0&quot;,&quot;shutter_speed&quot;:&quot;0.066666666666667&quot;,&quot;title&quot;:&quot;&quot;}\" data-image-title=\"Selva-Barrio-Hip\u00f3litoYrigoyen\" data-image-description=\"\" data-image-caption=\"\" data-large-file=\"https:\/\/www.hoymercedes.com.ar\/principal\/wp-content\/uploads\/2012\/06\/Selva-Barrio-Hip\u00f3litoYrigoyen1.jpg\" class=\"aligncenter size-full wp-image-13715\" title=\"Selva-Barrio-Hip\u00f3litoYrigoyen\" src=\"https:\/\/www.hoymercedes.com.ar\/principal\/wp-content\/uploads\/2012\/06\/Selva-Barrio-Hip\u00f3litoYrigoyen1.jpg\" alt=\"\" width=\"612\" height=\"459\" \/><\/a><\/p>\n<p>Carlos Selva continu\u00f3 con su habitual recorrida barrial llevando a cabo encuentros con los vecinos de nuestra ciudad.<\/p>\n<p>Este jueves 14, el intendente Carlos Selva acompa\u00f1ado por la representante del Barrio San Antonio, Nora Alvarado, se hizo presente en el Barrio Hip\u00f3lito Yrigoyen para llevar adelante un encuentro con los vecinos con el objetivo de interiorizarse de las diferentes cuestiones que hacen a la\u00a0cotidianidad\u00a0barrial.<\/p>\n<p>El compromiso asumido por el primer mandatario ha sido trabajar en conjunto con los referentes barriales en relaci\u00f3n a los diferentes problemas y asuntos a tratar.<\/p>\n<p>&nbsp;<\/p>\n<p>&nbsp;<\/p>\n<p>&nbsp;<\/p>\n","protected":false},"excerpt":{"rendered":"<p>Carlos Selva continu\u00f3 con su habitual recorrida barrial llevando a cabo encuentros con los vecinos de nuestra ciudad. Este jueves &#8230; <a title=\"Selva se reuni\u00f3 con vecinos del Hip\u00f3lito Yrigoyen\" class=\"read-more\" href=\"https:\/\/www.hoymercedes.com.ar\/principal\/2012\/06\/15\/selva-se-reunio-con-vecinos-del-hipolito-yrigoyen\/\" aria-label=\"Leer m\u00e1s sobre Selva se reuni\u00f3 con vecinos del Hip\u00f3lito Yrigoyen\">Leer m\u00e1s<\/a><\/p>\n","protected":false},"author":1,"featured_media":0,"comment_status":"open","ping_status":"open","sticky":false,"template":"","format":"standard","meta":{"_monsterinsights_skip_tracking":false,"_monsterinsights_sitenote_active":false,"_monsterinsights_sitenote_note":"","_monsterinsights_sitenote_category":0,"jetpack_post_was_ever_published":false,"_jetpack_newsletter_access":"","_jetpack_dont_email_post_to_subs":false,"_jetpack_newsletter_tier_id":0,"_jetpack_memberships_contains_paywalled_content":false,"_jetpack_memberships_contains_paid_content":false,"footnotes":"","jetpack_publicize_message":"","jetpack_publicize_feature_enabled":true,"jetpack_social_post_already_shared":false,"jetpack_social_options":{"image_generator_settings":{"template":"highway","default_image_id":0,"font":"","enabled":false},"version":2},"_wpas_customize_per_network":false},"categories":[5],"tags":[2357,18],"class_list":["post-13712","post","type-post","status-publish","format-standard","hentry","category-politica","tag-barrio-hipolito-yrygoyen-mercedes","tag-selva","generate-columns","tablet-grid-50","mobile-grid-100","grid-parent","grid-50"],"jetpack_publicize_connections":[],"jetpack_featured_media_url":"","wps_subtitle":"","jetpack_sharing_enabled":true,"_links":{"self":[{"href":"https:\/\/www.hoymercedes.com.ar\/principal\/wp-json\/wp\/v2\/posts\/13712","targetHints":{"allow":["GET"]}}],"collection":[{"href":"https:\/\/www.hoymercedes.com.ar\/principal\/wp-json\/wp\/v2\/posts"}],"about":[{"href":"https:\/\/www.hoymercedes.com.ar\/principal\/wp-json\/wp\/v2\/types\/post"}],"author":[{"embeddable":true,"href":"https:\/\/www.hoymercedes.com.ar\/principal\/wp-json\/wp\/v2\/users\/1"}],"replies":[{"embeddable":true,"href":"https:\/\/www.hoymercedes.com.ar\/principal\/wp-json\/wp\/v2\/comments?post=13712"}],"version-history":[{"count":0,"href":"https:\/\/www.hoymercedes.com.ar\/principal\/wp-json\/wp\/v2\/posts\/13712\/revisions"}],"wp:attachment":[{"href":"https:\/\/www.hoymercedes.com.ar\/principal\/wp-json\/wp\/v2\/media?parent=13712"}],"wp:term":[{"taxonomy":"category","embeddable":true,"href":"https:\/\/www.hoymercedes.com.ar\/principal\/wp-json\/wp\/v2\/categories?post=13712"},{"taxonomy":"post_tag","embeddable":true,"href":"https:\/\/www.hoymercedes.com.ar\/principal\/wp-json\/wp\/v2\/tags?post=13712"}],"curies":[{"name":"wp","href":"https:\/\/api.w.org\/{rel}","templated":true}]}}