{"id":137211,"date":"2021-09-13T09:54:29","date_gmt":"2021-09-13T12:54:29","guid":{"rendered":"https:\/\/www.hoymercedes.com.ar\/principal\/?p=137211"},"modified":"2021-09-13T09:54:36","modified_gmt":"2021-09-13T12:54:36","slug":"despiste-y-vuelco-sobre-ruta-5","status":"publish","type":"post","link":"https:\/\/www.hoymercedes.com.ar\/principal\/2021\/09\/13\/despiste-y-vuelco-sobre-ruta-5\/","title":{"rendered":"Despiste y vuelco sobre Ruta 5"},"content":{"rendered":"\n<p>Alrededor de las 17:00 horas de la tarde del domingo, se produjo el despiste y posterior vuelco de un autom\u00f3vil sobre el trazado de la ruta nacional 5, jurisdicci\u00f3n del partido de Suipacha, con el saldo de una persona herida. <\/p>\n\n\n\n<div class=\"wp-block-image\"><figure class=\"aligncenter size-full\"><img loading=\"lazy\" decoding=\"async\" width=\"800\" height=\"369\" data-attachment-id=\"137212\" data-permalink=\"https:\/\/www.hoymercedes.com.ar\/principal\/2021\/09\/13\/despiste-y-vuelco-sobre-ruta-5\/despiste-2\/#main\" data-orig-file=\"https:\/\/www.hoymercedes.com.ar\/principal\/wp-content\/uploads\/2021\/09\/despiste-2.jpg\" data-orig-size=\"800,369\" data-comments-opened=\"0\" data-image-meta=\"{&quot;aperture&quot;:&quot;0&quot;,&quot;credit&quot;:&quot;&quot;,&quot;camera&quot;:&quot;&quot;,&quot;caption&quot;:&quot;&quot;,&quot;created_timestamp&quot;:&quot;0&quot;,&quot;copyright&quot;:&quot;&quot;,&quot;focal_length&quot;:&quot;0&quot;,&quot;iso&quot;:&quot;0&quot;,&quot;shutter_speed&quot;:&quot;0&quot;,&quot;title&quot;:&quot;&quot;,&quot;orientation&quot;:&quot;0&quot;}\" data-image-title=\"despiste 2\" data-image-description=\"\" data-image-caption=\"\" data-large-file=\"https:\/\/www.hoymercedes.com.ar\/principal\/wp-content\/uploads\/2021\/09\/despiste-2.jpg\" src=\"https:\/\/www.hoymercedes.com.ar\/principal\/wp-content\/uploads\/2021\/09\/despiste-2.jpg\" alt=\"\" class=\"wp-image-137212\" srcset=\"https:\/\/www.hoymercedes.com.ar\/principal\/wp-content\/uploads\/2021\/09\/despiste-2.jpg 800w, https:\/\/www.hoymercedes.com.ar\/principal\/wp-content\/uploads\/2021\/09\/despiste-2-630x291.jpg 630w, https:\/\/www.hoymercedes.com.ar\/principal\/wp-content\/uploads\/2021\/09\/despiste-2-150x69.jpg 150w\" sizes=\"auto, (max-width: 800px) 100vw, 800px\" \/><\/figure><\/div>\n\n\n\n<p>El siniestro ocurri\u00f3 a la altura del kil\u00f3metro 137,250, donde un autom\u00f3vil Renault Clio , color gris oscuro, dominio AA705RG que circulaba por ruta 5 , en sentido Suipacha-Chivilcoy, se despisto cruzando la cinta asf\u00e1ltica hacia la banquina y pr\u00e9stamo de la mano contraria donde vuelca, finalizando a varios metros de la ruta sobre sus cuatro rueda con sus cuatro ocupantes en su interior, luego de efectuar al menos dos vuelcos totales.<\/p>\n\n\n\n<p>El autom\u00f3vil era conducido por Juan Carlos Bustos, quien viajaba acompa\u00f1ado por su esposa Margarita Picot, ambos de 75 a\u00f1os y dos nietas de 14 a\u00f1os, todos domiciliados en San Isidro y se dirig\u00edan a visitar familiares a Chivilcoy, el despieste se hab\u00eda producido cuando el conductor maniobro para esquivar un autom\u00f3vil que circulaba a baja velocidad en el mismo sentido.<\/p>\n\n\n\n<p>Luego del evento, los ocupantes del veh\u00edculo fueron auxiliados por otros automovilistas que pasaban por el lugar, minutos m\u00e1s tarde se acerc\u00f3 una ambulancia del Same que traslado a la se\u00f1ora mayor y a las dos menores al hospital Esteban Iribarne de Suipacha, donde luego de las atenciones de rigor, fueron derivadas por su obra social a un centro asistencial de Capital Federal, con lesiones que no revestir\u00edan gravedad.<\/p>\n\n\n\n<p>Intervino Polic\u00eda Comunal, ambulancia del SAME de Suipacha , Polic\u00eda Vial Chivilcoy y personal del concesionario vial Corredores Viales de Olivera, el tr\u00e1nsito de la ruta, que a esa hora era fluido, no se vio afectado.<\/p>\n\n\n\n<div class=\"wp-block-image\"><figure class=\"aligncenter size-full\"><img loading=\"lazy\" decoding=\"async\" width=\"800\" height=\"533\" data-attachment-id=\"137213\" data-permalink=\"https:\/\/www.hoymercedes.com.ar\/principal\/2021\/09\/13\/despiste-y-vuelco-sobre-ruta-5\/despiste-14\/#main\" data-orig-file=\"https:\/\/www.hoymercedes.com.ar\/principal\/wp-content\/uploads\/2021\/09\/despiste-14.jpg\" data-orig-size=\"800,533\" data-comments-opened=\"0\" data-image-meta=\"{&quot;aperture&quot;:&quot;0&quot;,&quot;credit&quot;:&quot;&quot;,&quot;camera&quot;:&quot;&quot;,&quot;caption&quot;:&quot;&quot;,&quot;created_timestamp&quot;:&quot;1631526052&quot;,&quot;copyright&quot;:&quot;&quot;,&quot;focal_length&quot;:&quot;0&quot;,&quot;iso&quot;:&quot;0&quot;,&quot;shutter_speed&quot;:&quot;0&quot;,&quot;title&quot;:&quot;&quot;,&quot;orientation&quot;:&quot;1&quot;}\" data-image-title=\"despiste 14\" data-image-description=\"\" data-image-caption=\"\" data-large-file=\"https:\/\/www.hoymercedes.com.ar\/principal\/wp-content\/uploads\/2021\/09\/despiste-14.jpg\" src=\"https:\/\/www.hoymercedes.com.ar\/principal\/wp-content\/uploads\/2021\/09\/despiste-14.jpg\" alt=\"\" class=\"wp-image-137213\" srcset=\"https:\/\/www.hoymercedes.com.ar\/principal\/wp-content\/uploads\/2021\/09\/despiste-14.jpg 800w, https:\/\/www.hoymercedes.com.ar\/principal\/wp-content\/uploads\/2021\/09\/despiste-14-630x420.jpg 630w, https:\/\/www.hoymercedes.com.ar\/principal\/wp-content\/uploads\/2021\/09\/despiste-14-150x100.jpg 150w, https:\/\/www.hoymercedes.com.ar\/principal\/wp-content\/uploads\/2021\/09\/despiste-14-700x465.jpg 700w\" sizes=\"auto, (max-width: 800px) 100vw, 800px\" \/><\/figure><\/div>\n","protected":false},"excerpt":{"rendered":"<p>Alrededor de las 17:00 horas de la tarde del domingo, se produjo el despiste y posterior vuelco de un autom\u00f3vil &#8230; <a title=\"Despiste y vuelco sobre Ruta 5\" class=\"read-more\" href=\"https:\/\/www.hoymercedes.com.ar\/principal\/2021\/09\/13\/despiste-y-vuelco-sobre-ruta-5\/\" aria-label=\"Leer m\u00e1s sobre Despiste y vuelco sobre Ruta 5\">Leer m\u00e1s<\/a><\/p>\n","protected":false},"author":1,"featured_media":137213,"comment_status":"closed","ping_status":"open","sticky":false,"template":"","format":"standard","meta":{"_monsterinsights_skip_tracking":false,"_monsterinsights_sitenote_active":false,"_monsterinsights_sitenote_note":"","_monsterinsights_sitenote_category":0,"jetpack_post_was_ever_published":false,"_jetpack_newsletter_access":"","_jetpack_dont_email_post_to_subs":false,"_jetpack_newsletter_tier_id":0,"_jetpack_memberships_contains_paywalled_content":false,"_jetpack_memberships_contains_paid_content":false,"footnotes":"","jetpack_publicize_message":"","jetpack_publicize_feature_enabled":true,"jetpack_social_post_already_shared":true,"jetpack_social_options":{"image_generator_settings":{"template":"highway","default_image_id":0,"font":"","enabled":false},"version":2},"_wpas_customize_per_network":false},"categories":[85],"tags":[],"class_list":["post-137211","post","type-post","status-publish","format-standard","has-post-thumbnail","hentry","category-policial","generate-columns","tablet-grid-50","mobile-grid-100","grid-parent","grid-50"],"jetpack_publicize_connections":[],"jetpack_featured_media_url":"https:\/\/www.hoymercedes.com.ar\/principal\/wp-content\/uploads\/2021\/09\/despiste-14.jpg","wps_subtitle":"En la tarde del domingo","jetpack_sharing_enabled":true,"_links":{"self":[{"href":"https:\/\/www.hoymercedes.com.ar\/principal\/wp-json\/wp\/v2\/posts\/137211","targetHints":{"allow":["GET"]}}],"collection":[{"href":"https:\/\/www.hoymercedes.com.ar\/principal\/wp-json\/wp\/v2\/posts"}],"about":[{"href":"https:\/\/www.hoymercedes.com.ar\/principal\/wp-json\/wp\/v2\/types\/post"}],"author":[{"embeddable":true,"href":"https:\/\/www.hoymercedes.com.ar\/principal\/wp-json\/wp\/v2\/users\/1"}],"replies":[{"embeddable":true,"href":"https:\/\/www.hoymercedes.com.ar\/principal\/wp-json\/wp\/v2\/comments?post=137211"}],"version-history":[{"count":0,"href":"https:\/\/www.hoymercedes.com.ar\/principal\/wp-json\/wp\/v2\/posts\/137211\/revisions"}],"wp:featuredmedia":[{"embeddable":true,"href":"https:\/\/www.hoymercedes.com.ar\/principal\/wp-json\/wp\/v2\/media\/137213"}],"wp:attachment":[{"href":"https:\/\/www.hoymercedes.com.ar\/principal\/wp-json\/wp\/v2\/media?parent=137211"}],"wp:term":[{"taxonomy":"category","embeddable":true,"href":"https:\/\/www.hoymercedes.com.ar\/principal\/wp-json\/wp\/v2\/categories?post=137211"},{"taxonomy":"post_tag","embeddable":true,"href":"https:\/\/www.hoymercedes.com.ar\/principal\/wp-json\/wp\/v2\/tags?post=137211"}],"curies":[{"name":"wp","href":"https:\/\/api.w.org\/{rel}","templated":true}]}}