{"id":13742,"date":"2012-06-16T02:08:23","date_gmt":"2012-06-16T02:08:23","guid":{"rendered":"http:\/\/www.hoymercedes.com.ar\/principal\/?p=13742"},"modified":"2012-06-16T02:10:49","modified_gmt":"2012-06-16T02:10:49","slug":"se-firmarian-las-nuevas-adecuaciones-en-los-valores-de-las-viviendas-del-plan-federal","status":"publish","type":"post","link":"https:\/\/www.hoymercedes.com.ar\/principal\/2012\/06\/16\/se-firmarian-las-nuevas-adecuaciones-en-los-valores-de-las-viviendas-del-plan-federal\/","title":{"rendered":"Se firmar\u00edan las nuevas adecuaciones en los valores de las viviendas del Plan Federal"},"content":{"rendered":"<p>Voceros muy cercanos al Secretario de Obras de la comuna sostuvieron que el intendente Selva ya lo firm\u00f3 y que el ingeniero Gustavo Salomone se habr\u00eda encargado de entregarlos en las \u00e1reas nacionales correspondientes. Esto permitir\u00eda volver a recibir dinero para poder continuar con la construcci\u00f3n del Plan original de 112 unidades<\/p>\n<p>Dentro de la controversia generada en torno a la construcci\u00f3n de las viviendas pertenecientes al Plan feral en nuestra ciudad, cuya segunda parte se encuentra paralizada debido a todos los inconvenientes producidos que son de dominio p\u00fablico, se supo que el ingeniero Gustavo Salomone ya tiene en su poder los nuevos convenios elaborados con la readecuaci\u00f3n de los valores asignados para la construcci\u00f3n de cada vivienda, fijados en su momento en alrededor de 65.000 pesos para poder hacer las casas hoy se habla de m\u00e1s de Cien Mil Pesos.<\/p>\n<p>Seg\u00fan se inform\u00f3 ayer, el Secretario de Obras del Municipio, Ingeniero Gustavo Salomone hab\u00eda viajado para entregar los nuevos convenios elaborados que el intendente Carlos Selva hab\u00eda firmado, pero ahora deber convalidar los mismos con sus firmas el Instituto de la Vivienda de la Provincia y posteriormente la Secretar\u00eda de Viviendas de la Naci\u00f3n con lo cual se destraba el problema del envi\u00f3 de dinero para as\u00ed poder continuar con la construcci\u00f3n de las unidades que hoy est\u00e1n a mitad e camino para llegar a su finalizaci\u00f3n.<\/p>\n<p><strong><br \/>\n<\/strong><\/p>\n","protected":false},"excerpt":{"rendered":"<p>Voceros muy cercanos al Secretario de Obras de la comuna sostuvieron que el intendente Selva ya lo firm\u00f3 y que &#8230; <a title=\"Se firmar\u00edan las nuevas adecuaciones en los valores de las viviendas del Plan Federal\" class=\"read-more\" href=\"https:\/\/www.hoymercedes.com.ar\/principal\/2012\/06\/16\/se-firmarian-las-nuevas-adecuaciones-en-los-valores-de-las-viviendas-del-plan-federal\/\" aria-label=\"Leer m\u00e1s sobre Se firmar\u00edan las nuevas adecuaciones en los valores de las viviendas del Plan Federal\">Leer m\u00e1s<\/a><\/p>\n","protected":false},"author":1,"featured_media":0,"comment_status":"open","ping_status":"open","sticky":false,"template":"","format":"standard","meta":{"_monsterinsights_skip_tracking":false,"_monsterinsights_sitenote_active":false,"_monsterinsights_sitenote_note":"","_monsterinsights_sitenote_category":0,"jetpack_post_was_ever_published":false,"_jetpack_newsletter_access":"","_jetpack_dont_email_post_to_subs":false,"_jetpack_newsletter_tier_id":0,"_jetpack_memberships_contains_paywalled_content":false,"_jetpack_memberships_contains_paid_content":false,"footnotes":"","jetpack_publicize_message":"","jetpack_publicize_feature_enabled":true,"jetpack_social_post_already_shared":false,"jetpack_social_options":{"image_generator_settings":{"template":"highway","default_image_id":0,"font":"","enabled":false},"version":2},"_wpas_customize_per_network":false},"categories":[5],"tags":[2063,2064,1173],"class_list":["post-13742","post","type-post","status-publish","format-standard","hentry","category-politica","tag-barrio-favaloro","tag-plan-federal-de-viviendas","tag-salomone","generate-columns","tablet-grid-50","mobile-grid-100","grid-parent","grid-50"],"jetpack_publicize_connections":[],"jetpack_featured_media_url":"","wps_subtitle":"","jetpack_sharing_enabled":true,"_links":{"self":[{"href":"https:\/\/www.hoymercedes.com.ar\/principal\/wp-json\/wp\/v2\/posts\/13742","targetHints":{"allow":["GET"]}}],"collection":[{"href":"https:\/\/www.hoymercedes.com.ar\/principal\/wp-json\/wp\/v2\/posts"}],"about":[{"href":"https:\/\/www.hoymercedes.com.ar\/principal\/wp-json\/wp\/v2\/types\/post"}],"author":[{"embeddable":true,"href":"https:\/\/www.hoymercedes.com.ar\/principal\/wp-json\/wp\/v2\/users\/1"}],"replies":[{"embeddable":true,"href":"https:\/\/www.hoymercedes.com.ar\/principal\/wp-json\/wp\/v2\/comments?post=13742"}],"version-history":[{"count":0,"href":"https:\/\/www.hoymercedes.com.ar\/principal\/wp-json\/wp\/v2\/posts\/13742\/revisions"}],"wp:attachment":[{"href":"https:\/\/www.hoymercedes.com.ar\/principal\/wp-json\/wp\/v2\/media?parent=13742"}],"wp:term":[{"taxonomy":"category","embeddable":true,"href":"https:\/\/www.hoymercedes.com.ar\/principal\/wp-json\/wp\/v2\/categories?post=13742"},{"taxonomy":"post_tag","embeddable":true,"href":"https:\/\/www.hoymercedes.com.ar\/principal\/wp-json\/wp\/v2\/tags?post=13742"}],"curies":[{"name":"wp","href":"https:\/\/api.w.org\/{rel}","templated":true}]}}