{"id":137432,"date":"2021-09-18T11:00:00","date_gmt":"2021-09-18T14:00:00","guid":{"rendered":"https:\/\/www.hoymercedes.com.ar\/principal\/?p=137432"},"modified":"2021-09-18T02:31:41","modified_gmt":"2021-09-18T05:31:41","slug":"se-viene-el-festival-del-salame-quintero","status":"publish","type":"post","link":"https:\/\/www.hoymercedes.com.ar\/principal\/2021\/09\/18\/se-viene-el-festival-del-salame-quintero\/","title":{"rendered":"Se viene el \u201cFestival del Salame Quintero\u201d"},"content":{"rendered":"\n<figure class=\"wp-block-image size-full is-resized\"><img loading=\"lazy\" decoding=\"async\" data-attachment-id=\"62344\" data-permalink=\"https:\/\/www.hoymercedes.com.ar\/principal\/2017\/05\/04\/ultimando-detalles-para-la-pre-fiesta-del-salame-quintero\/04-muni-salame\/#main\" data-orig-file=\"https:\/\/www.hoymercedes.com.ar\/principal\/wp-content\/uploads\/2017\/05\/04-muni-salame.jpg\" data-orig-size=\"630,341\" data-comments-opened=\"0\" data-image-meta=\"{&quot;aperture&quot;:&quot;4.5&quot;,&quot;credit&quot;:&quot;&quot;,&quot;camera&quot;:&quot;Canon EOS 60D&quot;,&quot;caption&quot;:&quot;&quot;,&quot;created_timestamp&quot;:&quot;1492596256&quot;,&quot;copyright&quot;:&quot;&quot;,&quot;focal_length&quot;:&quot;33&quot;,&quot;iso&quot;:&quot;125&quot;,&quot;shutter_speed&quot;:&quot;0.016666666666667&quot;,&quot;title&quot;:&quot;&quot;,&quot;orientation&quot;:&quot;1&quot;}\" data-image-title=\"04 muni salame\" data-image-description=\"\" data-image-caption=\"\" data-large-file=\"https:\/\/www.hoymercedes.com.ar\/principal\/wp-content\/uploads\/2017\/05\/04-muni-salame.jpg\" src=\"https:\/\/www.hoymercedes.com.ar\/principal\/wp-content\/uploads\/2017\/05\/04-muni-salame.jpg\" alt=\"\" class=\"wp-image-62344\" width=\"958\" height=\"519\" srcset=\"https:\/\/www.hoymercedes.com.ar\/principal\/wp-content\/uploads\/2017\/05\/04-muni-salame.jpg 630w, https:\/\/www.hoymercedes.com.ar\/principal\/wp-content\/uploads\/2017\/05\/04-muni-salame-150x81.jpg 150w\" sizes=\"auto, (max-width: 958px) 100vw, 958px\" \/><\/figure>\n\n\n\n<p>Los pr\u00f3ximos 9 y 10 de octubre se llevar\u00e1 a cabo un festival dedicado al Salame Quintero organizado por la Municipalidad de Mercedes. Ser\u00e1 en el Parque Municipal Independencia y tendr\u00e1 un l\u00edmite de ingreso. Es una oportunidad para promover el turismo, el trabajo, el comercio local y el entretenimiento al aire libre y con un fuerte v\u00ednculo hacia la naturaleza. A su vez, si bien la campa\u00f1a de vacunaci\u00f3n ha hecho que el aspecto epidemiol\u00f3gico sea muy bueno, se continuar\u00e1n tomando medidas protocolares de cuidado y prevenci\u00f3n.<\/p>\n\n\n\n<p>La propuesta comprender\u00e1 distintos aspectos que tanto nos gustan a los mercedinos y mercedinas como as\u00ed tambi\u00e9n al turismo.<\/p>\n\n\n\n<p>Habr\u00e1 shows musicales, paseo de artesanos, paseo de emprendedores, cantinas solidarias, patio cervecero, entre otros atractivos.<\/p>\n\n\n\n<p>Se supo, tambi\u00e9n, se denomina \u201cfestival\u201d y no \u201cfiesta\u201d por las dimensiones y caracter\u00edsticas de menor porte que tendr\u00e1.<\/p>\n\n\n\n<p>Por el momento, desde la Municipalidad no se ha emitido un comunicado oficial, pero ya se ha observado en redes y grupos de whatsapp el primer \u201cflyer promocional\u201d. Se supo, tambi\u00e9n, que durante la jornada del lunes se har\u00e1 la presentaci\u00f3n oficial a los medios para de esa manera invitar a toda la ciudadan\u00eda.<\/p>\n","protected":false},"excerpt":{"rendered":"<p>Los pr\u00f3ximos 9 y 10 de octubre se llevar\u00e1 a cabo un festival dedicado al Salame Quintero organizado por la &#8230; <a title=\"Se viene el \u201cFestival del Salame Quintero\u201d\" class=\"read-more\" href=\"https:\/\/www.hoymercedes.com.ar\/principal\/2021\/09\/18\/se-viene-el-festival-del-salame-quintero\/\" aria-label=\"Leer m\u00e1s sobre Se viene el \u201cFestival del Salame Quintero\u201d\">Leer m\u00e1s<\/a><\/p>\n","protected":false},"author":1,"featured_media":62344,"comment_status":"closed","ping_status":"open","sticky":false,"template":"","format":"standard","meta":{"_monsterinsights_skip_tracking":false,"_monsterinsights_sitenote_active":false,"_monsterinsights_sitenote_note":"","_monsterinsights_sitenote_category":0,"jetpack_post_was_ever_published":false,"_jetpack_newsletter_access":"","_jetpack_dont_email_post_to_subs":false,"_jetpack_newsletter_tier_id":0,"_jetpack_memberships_contains_paywalled_content":false,"_jetpack_memberships_contains_paid_content":false,"footnotes":"","jetpack_publicize_message":"","jetpack_publicize_feature_enabled":true,"jetpack_social_post_already_shared":true,"jetpack_social_options":{"image_generator_settings":{"template":"highway","default_image_id":0,"font":"","enabled":false},"version":2},"_wpas_customize_per_network":false},"categories":[30],"tags":[18045,1110],"class_list":["post-137432","post","type-post","status-publish","format-standard","has-post-thumbnail","hentry","category-municipio","tag-festival-del-salame","tag-fiesta-del-salame","generate-columns","tablet-grid-50","mobile-grid-100","grid-parent","grid-50"],"jetpack_publicize_connections":[],"jetpack_featured_media_url":"https:\/\/www.hoymercedes.com.ar\/principal\/wp-content\/uploads\/2017\/05\/04-muni-salame.jpg","wps_subtitle":"","jetpack_sharing_enabled":true,"_links":{"self":[{"href":"https:\/\/www.hoymercedes.com.ar\/principal\/wp-json\/wp\/v2\/posts\/137432","targetHints":{"allow":["GET"]}}],"collection":[{"href":"https:\/\/www.hoymercedes.com.ar\/principal\/wp-json\/wp\/v2\/posts"}],"about":[{"href":"https:\/\/www.hoymercedes.com.ar\/principal\/wp-json\/wp\/v2\/types\/post"}],"author":[{"embeddable":true,"href":"https:\/\/www.hoymercedes.com.ar\/principal\/wp-json\/wp\/v2\/users\/1"}],"replies":[{"embeddable":true,"href":"https:\/\/www.hoymercedes.com.ar\/principal\/wp-json\/wp\/v2\/comments?post=137432"}],"version-history":[{"count":0,"href":"https:\/\/www.hoymercedes.com.ar\/principal\/wp-json\/wp\/v2\/posts\/137432\/revisions"}],"wp:featuredmedia":[{"embeddable":true,"href":"https:\/\/www.hoymercedes.com.ar\/principal\/wp-json\/wp\/v2\/media\/62344"}],"wp:attachment":[{"href":"https:\/\/www.hoymercedes.com.ar\/principal\/wp-json\/wp\/v2\/media?parent=137432"}],"wp:term":[{"taxonomy":"category","embeddable":true,"href":"https:\/\/www.hoymercedes.com.ar\/principal\/wp-json\/wp\/v2\/categories?post=137432"},{"taxonomy":"post_tag","embeddable":true,"href":"https:\/\/www.hoymercedes.com.ar\/principal\/wp-json\/wp\/v2\/tags?post=137432"}],"curies":[{"name":"wp","href":"https:\/\/api.w.org\/{rel}","templated":true}]}}