{"id":137515,"date":"2021-09-19T20:01:10","date_gmt":"2021-09-19T23:01:10","guid":{"rendered":"https:\/\/www.hoymercedes.com.ar\/principal\/?p=137515"},"modified":"2021-09-19T20:01:15","modified_gmt":"2021-09-19T23:01:15","slug":"muere-mercedino-en-siniestro-vial-sobre-ruta-41","status":"publish","type":"post","link":"https:\/\/www.hoymercedes.com.ar\/principal\/2021\/09\/19\/muere-mercedino-en-siniestro-vial-sobre-ruta-41\/","title":{"rendered":"Muere mercedino en siniestro vial sobre ruta 41"},"content":{"rendered":"\n<p>En un choque m\u00faltiple sobre la Ruta 41 en la jurisdicci\u00f3n Navarro sucedi\u00f3 en la noche del s\u00e1bado. A metros del puente \u00abDe Amado\u00bb, colisionaron la Partner en la que iban cuatro mercedinos, uno de ellos fallecido, una Saveiro con ocupantes oriundos de la ciudad de Buenos Aires y una Amarok en la cual iban vecinos de Navarro. <\/p>\n\n\n\n<div class=\"wp-block-image\"><figure class=\"aligncenter size-full\"><img loading=\"lazy\" decoding=\"async\" width=\"720\" height=\"540\" data-attachment-id=\"137520\" data-permalink=\"https:\/\/www.hoymercedes.com.ar\/principal\/2021\/09\/19\/muere-mercedino-en-siniestro-vial-sobre-ruta-41\/choque-ruta-41-2\/#main\" data-orig-file=\"https:\/\/www.hoymercedes.com.ar\/principal\/wp-content\/uploads\/2021\/09\/choque-ruta-41-2.jpg\" data-orig-size=\"720,540\" data-comments-opened=\"0\" data-image-meta=\"{&quot;aperture&quot;:&quot;0&quot;,&quot;credit&quot;:&quot;&quot;,&quot;camera&quot;:&quot;&quot;,&quot;caption&quot;:&quot;&quot;,&quot;created_timestamp&quot;:&quot;0&quot;,&quot;copyright&quot;:&quot;&quot;,&quot;focal_length&quot;:&quot;0&quot;,&quot;iso&quot;:&quot;0&quot;,&quot;shutter_speed&quot;:&quot;0&quot;,&quot;title&quot;:&quot;&quot;,&quot;orientation&quot;:&quot;0&quot;}\" data-image-title=\"choque ruta 41 2\" data-image-description=\"\" data-image-caption=\"\" data-large-file=\"https:\/\/www.hoymercedes.com.ar\/principal\/wp-content\/uploads\/2021\/09\/choque-ruta-41-2.jpg\" src=\"https:\/\/www.hoymercedes.com.ar\/principal\/wp-content\/uploads\/2021\/09\/choque-ruta-41-2.jpg\" alt=\"\" class=\"wp-image-137520\" srcset=\"https:\/\/www.hoymercedes.com.ar\/principal\/wp-content\/uploads\/2021\/09\/choque-ruta-41-2.jpg 720w, https:\/\/www.hoymercedes.com.ar\/principal\/wp-content\/uploads\/2021\/09\/choque-ruta-41-2-630x473.jpg 630w, https:\/\/www.hoymercedes.com.ar\/principal\/wp-content\/uploads\/2021\/09\/choque-ruta-41-2-150x113.jpg 150w\" sizes=\"auto, (max-width: 720px) 100vw, 720px\" \/><\/figure><\/div>\n\n\n\n<p>En total eran diez los ocupantes entre los tres veh\u00edculos. Seis mujeres y cuatro hombres. Las tres mujeres mercedinas debieron ser rescatadas por los Bomberos del utilitario conducido por el hombre fallecido luego del siniestro vial, en el hospital de Navarro. Luego fueron derivadas al igual que el resto de las personas de los veh\u00edculos a los hospitales de Navarro y Lobos. <\/p>\n\n\n\n<p>La informaci\u00f3n que llegan desde Navarro y Lobos dicen que pasadas la hora 22\u00a0del s\u00e1bado, sobre la Ruta Provincial 41, en jurisdicci\u00f3n de Navarro, por causas que se desconocen, chocaron una Peugeot Partner, conducida por Fabi\u00e1n Eduardo Esquivel, de 57 a\u00f1os, quien iba acompa\u00f1ado por Mar\u00eda Loza, Marta Forneri y Gabriela P\u00e9rez, todos domiciliados en Mercedes; una camioneta Volkswagen Amarok, conducida por Rub\u00e9n Torres, de 62 a\u00f1os, quien viajaba a Lobos a ver el recital de Kino, junto a Juliana Jaime, Juliana Rasero, Gisela Regiardo y Nair Carrizo, todos oriundos de Navarro. En el tercer veh\u00edculo involucrado, una Volkswagen Saveiro, viajaba C\u00e9sar Bordelli, de 52 a\u00f1os, domiciliado en Capital Federal.<\/p>\n\n\n\n<p>Intervinieron en el lugar, los Bomberos de Lobos y Navarro, el SAME, ambulancias del hospital de Navarro, Polic\u00eda de Lobos y Navarro y del Destacamento Vial. <\/p>\n\n\n\n<p>Se iniciaron actuaciones por Homicidio Culposo y Lesiones Culposas, con intervenci\u00f3n de la UFI 4 de Mercedes.<\/p>\n\n\n\n<p>Fuente: Lobos Medios, LTVN, infolobos.com.ar y Lobos24<\/p>\n\n\n\n<figure class=\"wp-block-gallery columns-3 is-cropped wp-block-gallery-1 is-layout-flex wp-block-gallery-is-layout-flex\"><ul class=\"blocks-gallery-grid\"><li class=\"blocks-gallery-item\"><figure><img loading=\"lazy\" decoding=\"async\" width=\"720\" height=\"540\" data-attachment-id=\"137521\" data-permalink=\"https:\/\/www.hoymercedes.com.ar\/principal\/2021\/09\/19\/muere-mercedino-en-siniestro-vial-sobre-ruta-41\/choque-ruta-41-1\/#main\" data-orig-file=\"https:\/\/www.hoymercedes.com.ar\/principal\/wp-content\/uploads\/2021\/09\/choque-ruta-41-1.jpg\" data-orig-size=\"720,540\" data-comments-opened=\"0\" data-image-meta=\"{&quot;aperture&quot;:&quot;0&quot;,&quot;credit&quot;:&quot;&quot;,&quot;camera&quot;:&quot;&quot;,&quot;caption&quot;:&quot;&quot;,&quot;created_timestamp&quot;:&quot;0&quot;,&quot;copyright&quot;:&quot;&quot;,&quot;focal_length&quot;:&quot;0&quot;,&quot;iso&quot;:&quot;0&quot;,&quot;shutter_speed&quot;:&quot;0&quot;,&quot;title&quot;:&quot;&quot;,&quot;orientation&quot;:&quot;0&quot;}\" data-image-title=\"choque ruta 41 1\" data-image-description=\"\" data-image-caption=\"\" data-large-file=\"https:\/\/www.hoymercedes.com.ar\/principal\/wp-content\/uploads\/2021\/09\/choque-ruta-41-1.jpg\" src=\"https:\/\/www.hoymercedes.com.ar\/principal\/wp-content\/uploads\/2021\/09\/choque-ruta-41-1.jpg\" alt=\"\" data-id=\"137521\" data-full-url=\"https:\/\/www.hoymercedes.com.ar\/principal\/wp-content\/uploads\/2021\/09\/choque-ruta-41-1.jpg\" data-link=\"https:\/\/www.hoymercedes.com.ar\/principal\/?attachment_id=137521\" class=\"wp-image-137521\" srcset=\"https:\/\/www.hoymercedes.com.ar\/principal\/wp-content\/uploads\/2021\/09\/choque-ruta-41-1.jpg 720w, https:\/\/www.hoymercedes.com.ar\/principal\/wp-content\/uploads\/2021\/09\/choque-ruta-41-1-630x473.jpg 630w, https:\/\/www.hoymercedes.com.ar\/principal\/wp-content\/uploads\/2021\/09\/choque-ruta-41-1-150x113.jpg 150w\" sizes=\"auto, (max-width: 720px) 100vw, 720px\" \/><\/figure><\/li><li class=\"blocks-gallery-item\"><figure><img loading=\"lazy\" decoding=\"async\" width=\"720\" height=\"540\" data-attachment-id=\"137519\" data-permalink=\"https:\/\/www.hoymercedes.com.ar\/principal\/2021\/09\/19\/muere-mercedino-en-siniestro-vial-sobre-ruta-41\/choque-ruta-41-3\/#main\" data-orig-file=\"https:\/\/www.hoymercedes.com.ar\/principal\/wp-content\/uploads\/2021\/09\/choque-ruta-41-3.jpg\" data-orig-size=\"720,540\" data-comments-opened=\"0\" data-image-meta=\"{&quot;aperture&quot;:&quot;0&quot;,&quot;credit&quot;:&quot;&quot;,&quot;camera&quot;:&quot;&quot;,&quot;caption&quot;:&quot;&quot;,&quot;created_timestamp&quot;:&quot;0&quot;,&quot;copyright&quot;:&quot;&quot;,&quot;focal_length&quot;:&quot;0&quot;,&quot;iso&quot;:&quot;0&quot;,&quot;shutter_speed&quot;:&quot;0&quot;,&quot;title&quot;:&quot;&quot;,&quot;orientation&quot;:&quot;0&quot;}\" data-image-title=\"choque ruta 41 3\" data-image-description=\"\" data-image-caption=\"\" data-large-file=\"https:\/\/www.hoymercedes.com.ar\/principal\/wp-content\/uploads\/2021\/09\/choque-ruta-41-3.jpg\" src=\"https:\/\/www.hoymercedes.com.ar\/principal\/wp-content\/uploads\/2021\/09\/choque-ruta-41-3.jpg\" alt=\"\" data-id=\"137519\" data-full-url=\"https:\/\/www.hoymercedes.com.ar\/principal\/wp-content\/uploads\/2021\/09\/choque-ruta-41-3.jpg\" data-link=\"https:\/\/www.hoymercedes.com.ar\/principal\/?attachment_id=137519\" class=\"wp-image-137519\" srcset=\"https:\/\/www.hoymercedes.com.ar\/principal\/wp-content\/uploads\/2021\/09\/choque-ruta-41-3.jpg 720w, https:\/\/www.hoymercedes.com.ar\/principal\/wp-content\/uploads\/2021\/09\/choque-ruta-41-3-630x473.jpg 630w, https:\/\/www.hoymercedes.com.ar\/principal\/wp-content\/uploads\/2021\/09\/choque-ruta-41-3-150x113.jpg 150w\" sizes=\"auto, (max-width: 720px) 100vw, 720px\" \/><\/figure><\/li><li class=\"blocks-gallery-item\"><figure><img loading=\"lazy\" decoding=\"async\" width=\"720\" height=\"960\" data-attachment-id=\"137518\" data-permalink=\"https:\/\/www.hoymercedes.com.ar\/principal\/2021\/09\/19\/muere-mercedino-en-siniestro-vial-sobre-ruta-41\/choque-ruta-41-4\/#main\" data-orig-file=\"https:\/\/www.hoymercedes.com.ar\/principal\/wp-content\/uploads\/2021\/09\/choque-ruta-41-4.jpg\" data-orig-size=\"720,960\" data-comments-opened=\"0\" data-image-meta=\"{&quot;aperture&quot;:&quot;0&quot;,&quot;credit&quot;:&quot;&quot;,&quot;camera&quot;:&quot;&quot;,&quot;caption&quot;:&quot;&quot;,&quot;created_timestamp&quot;:&quot;0&quot;,&quot;copyright&quot;:&quot;&quot;,&quot;focal_length&quot;:&quot;0&quot;,&quot;iso&quot;:&quot;0&quot;,&quot;shutter_speed&quot;:&quot;0&quot;,&quot;title&quot;:&quot;&quot;,&quot;orientation&quot;:&quot;0&quot;}\" data-image-title=\"choque ruta 41 4\" data-image-description=\"\" data-image-caption=\"\" data-large-file=\"https:\/\/www.hoymercedes.com.ar\/principal\/wp-content\/uploads\/2021\/09\/choque-ruta-41-4.jpg\" src=\"https:\/\/www.hoymercedes.com.ar\/principal\/wp-content\/uploads\/2021\/09\/choque-ruta-41-4.jpg\" alt=\"\" data-id=\"137518\" data-full-url=\"https:\/\/www.hoymercedes.com.ar\/principal\/wp-content\/uploads\/2021\/09\/choque-ruta-41-4.jpg\" data-link=\"https:\/\/www.hoymercedes.com.ar\/principal\/?attachment_id=137518\" class=\"wp-image-137518\" srcset=\"https:\/\/www.hoymercedes.com.ar\/principal\/wp-content\/uploads\/2021\/09\/choque-ruta-41-4.jpg 720w, https:\/\/www.hoymercedes.com.ar\/principal\/wp-content\/uploads\/2021\/09\/choque-ruta-41-4-465x620.jpg 465w, https:\/\/www.hoymercedes.com.ar\/principal\/wp-content\/uploads\/2021\/09\/choque-ruta-41-4-113x150.jpg 113w\" sizes=\"auto, (max-width: 720px) 100vw, 720px\" \/><\/figure><\/li><\/ul><\/figure>\n","protected":false},"excerpt":{"rendered":"<p>En un choque m\u00faltiple sobre la Ruta 41 en la jurisdicci\u00f3n Navarro sucedi\u00f3 en la noche del s\u00e1bado. A metros &#8230; <a title=\"Muere mercedino en siniestro vial sobre ruta 41\" class=\"read-more\" href=\"https:\/\/www.hoymercedes.com.ar\/principal\/2021\/09\/19\/muere-mercedino-en-siniestro-vial-sobre-ruta-41\/\" aria-label=\"Leer m\u00e1s sobre Muere mercedino en siniestro vial sobre ruta 41\">Leer m\u00e1s<\/a><\/p>\n","protected":false},"author":1,"featured_media":137521,"comment_status":"closed","ping_status":"open","sticky":false,"template":"","format":"standard","meta":{"_monsterinsights_skip_tracking":false,"_monsterinsights_sitenote_active":false,"_monsterinsights_sitenote_note":"","_monsterinsights_sitenote_category":0,"jetpack_post_was_ever_published":false,"_jetpack_newsletter_access":"","_jetpack_dont_email_post_to_subs":false,"_jetpack_newsletter_tier_id":0,"_jetpack_memberships_contains_paywalled_content":false,"_jetpack_memberships_contains_paid_content":false,"footnotes":"","jetpack_publicize_message":"","jetpack_publicize_feature_enabled":true,"jetpack_social_post_already_shared":true,"jetpack_social_options":{"image_generator_settings":{"template":"highway","default_image_id":0,"font":"","enabled":false},"version":2},"_wpas_customize_per_network":false},"categories":[85],"tags":[18048,2670,10395],"class_list":["post-137515","post","type-post","status-publish","format-standard","has-post-thumbnail","hentry","category-policial","tag-choque-multiple","tag-ruta-41","tag-siniestro-vial","generate-columns","tablet-grid-50","mobile-grid-100","grid-parent","grid-50"],"jetpack_publicize_connections":[],"jetpack_featured_media_url":"https:\/\/www.hoymercedes.com.ar\/principal\/wp-content\/uploads\/2021\/09\/choque-ruta-41-1.jpg","wps_subtitle":"En la noche del s\u00e1bado","jetpack_sharing_enabled":true,"_links":{"self":[{"href":"https:\/\/www.hoymercedes.com.ar\/principal\/wp-json\/wp\/v2\/posts\/137515","targetHints":{"allow":["GET"]}}],"collection":[{"href":"https:\/\/www.hoymercedes.com.ar\/principal\/wp-json\/wp\/v2\/posts"}],"about":[{"href":"https:\/\/www.hoymercedes.com.ar\/principal\/wp-json\/wp\/v2\/types\/post"}],"author":[{"embeddable":true,"href":"https:\/\/www.hoymercedes.com.ar\/principal\/wp-json\/wp\/v2\/users\/1"}],"replies":[{"embeddable":true,"href":"https:\/\/www.hoymercedes.com.ar\/principal\/wp-json\/wp\/v2\/comments?post=137515"}],"version-history":[{"count":0,"href":"https:\/\/www.hoymercedes.com.ar\/principal\/wp-json\/wp\/v2\/posts\/137515\/revisions"}],"wp:featuredmedia":[{"embeddable":true,"href":"https:\/\/www.hoymercedes.com.ar\/principal\/wp-json\/wp\/v2\/media\/137521"}],"wp:attachment":[{"href":"https:\/\/www.hoymercedes.com.ar\/principal\/wp-json\/wp\/v2\/media?parent=137515"}],"wp:term":[{"taxonomy":"category","embeddable":true,"href":"https:\/\/www.hoymercedes.com.ar\/principal\/wp-json\/wp\/v2\/categories?post=137515"},{"taxonomy":"post_tag","embeddable":true,"href":"https:\/\/www.hoymercedes.com.ar\/principal\/wp-json\/wp\/v2\/tags?post=137515"}],"curies":[{"name":"wp","href":"https:\/\/api.w.org\/{rel}","templated":true}]}}