{"id":137532,"date":"2021-09-20T00:26:00","date_gmt":"2021-09-20T03:26:00","guid":{"rendered":"https:\/\/www.hoymercedes.com.ar\/principal\/?p=137532"},"modified":"2021-09-19T22:39:37","modified_gmt":"2021-09-20T01:39:37","slug":"detenida-por-sustraccion-de-ropa-en-comercios-centricos","status":"publish","type":"post","link":"https:\/\/www.hoymercedes.com.ar\/principal\/2021\/09\/20\/detenida-por-sustraccion-de-ropa-en-comercios-centricos\/","title":{"rendered":"Detenida por sustracci\u00f3n de ropa en comercios c\u00e9ntricos"},"content":{"rendered":"\n<p>Una mujer de General Rodr\u00edguez fue detenida por sustracci\u00f3n de mercader\u00edas en unos locales c\u00e9ntricos de Mercedes. La sospechosa robaba vestimentas. La detenci\u00f3n se gener\u00f3 en calle 27 y 16.<\/p>\n\n\n\n<div class=\"wp-block-image\"><figure class=\"aligncenter size-full\"><img loading=\"lazy\" decoding=\"async\" width=\"494\" height=\"330\" data-attachment-id=\"137533\" data-permalink=\"https:\/\/www.hoymercedes.com.ar\/principal\/2021\/09\/20\/detenida-por-sustraccion-de-ropa-en-comercios-centricos\/detenidaropas\/#main\" data-orig-file=\"https:\/\/www.hoymercedes.com.ar\/principal\/wp-content\/uploads\/2021\/09\/DetenidaRopas.jpg\" data-orig-size=\"494,330\" data-comments-opened=\"0\" data-image-meta=\"{&quot;aperture&quot;:&quot;0&quot;,&quot;credit&quot;:&quot;&quot;,&quot;camera&quot;:&quot;&quot;,&quot;caption&quot;:&quot;&quot;,&quot;created_timestamp&quot;:&quot;1632090230&quot;,&quot;copyright&quot;:&quot;&quot;,&quot;focal_length&quot;:&quot;0&quot;,&quot;iso&quot;:&quot;0&quot;,&quot;shutter_speed&quot;:&quot;0&quot;,&quot;title&quot;:&quot;&quot;,&quot;orientation&quot;:&quot;1&quot;}\" data-image-title=\"DetenidaRopas\" data-image-description=\"\" data-image-caption=\"\" data-large-file=\"https:\/\/www.hoymercedes.com.ar\/principal\/wp-content\/uploads\/2021\/09\/DetenidaRopas.jpg\" src=\"https:\/\/www.hoymercedes.com.ar\/principal\/wp-content\/uploads\/2021\/09\/DetenidaRopas.jpg\" alt=\"\" class=\"wp-image-137533\" srcset=\"https:\/\/www.hoymercedes.com.ar\/principal\/wp-content\/uploads\/2021\/09\/DetenidaRopas.jpg 494w, https:\/\/www.hoymercedes.com.ar\/principal\/wp-content\/uploads\/2021\/09\/DetenidaRopas-150x100.jpg 150w\" sizes=\"auto, (max-width: 494px) 100vw, 494px\" \/><\/figure><\/div>\n\n\n\n<p>Con las habituales acciones preventivas y tras recibir una alerta personal de la Sub Estaci\u00f3n Comunal Mercedes toman conocimiento que una femenina hab\u00eda cometido un il\u00edcito. Con la informaci\u00f3n recogida generan un pre identikit sobre las caracter\u00edsticas de la misma.<\/p>\n\n\n\n<p>Tras la pesquisa la encuentran, siendo una mejor de 16 a\u00f1os de edad qui\u00e9n pose\u00eda prendas sustra\u00eddas de distintas marcas y de distintos comercios, recuper\u00e1ndose los bienes.<\/p>\n\n\n\n<p>Se dio intervenci\u00f3n a la U.F.I N\u00ba3 del Departamento Judicial Mercedes. Por cuestiones que hacen a la investigaci\u00f3n judicial, no se brindan nombres ni se le muestra su cara. <\/p>\n","protected":false},"excerpt":{"rendered":"<p>Una mujer de General Rodr\u00edguez fue detenida por sustracci\u00f3n de mercader\u00edas en unos locales c\u00e9ntricos de Mercedes. La sospechosa robaba &#8230; <a title=\"Detenida por sustracci\u00f3n de ropa en comercios c\u00e9ntricos\" class=\"read-more\" href=\"https:\/\/www.hoymercedes.com.ar\/principal\/2021\/09\/20\/detenida-por-sustraccion-de-ropa-en-comercios-centricos\/\" aria-label=\"Leer m\u00e1s sobre Detenida por sustracci\u00f3n de ropa en comercios c\u00e9ntricos\">Leer m\u00e1s<\/a><\/p>\n","protected":false},"author":1,"featured_media":137533,"comment_status":"closed","ping_status":"open","sticky":false,"template":"","format":"standard","meta":{"_monsterinsights_skip_tracking":false,"_monsterinsights_sitenote_active":false,"_monsterinsights_sitenote_note":"","_monsterinsights_sitenote_category":0,"jetpack_post_was_ever_published":false,"_jetpack_newsletter_access":"","_jetpack_dont_email_post_to_subs":false,"_jetpack_newsletter_tier_id":0,"_jetpack_memberships_contains_paywalled_content":false,"_jetpack_memberships_contains_paid_content":false,"footnotes":"","jetpack_publicize_message":"","jetpack_publicize_feature_enabled":true,"jetpack_social_post_already_shared":true,"jetpack_social_options":{"image_generator_settings":{"template":"highway","default_image_id":0,"font":"","enabled":false},"version":2},"_wpas_customize_per_network":false},"categories":[85],"tags":[],"class_list":["post-137532","post","type-post","status-publish","format-standard","has-post-thumbnail","hentry","category-policial","generate-columns","tablet-grid-50","mobile-grid-100","grid-parent","grid-50"],"jetpack_publicize_connections":[],"jetpack_featured_media_url":"https:\/\/www.hoymercedes.com.ar\/principal\/wp-content\/uploads\/2021\/09\/DetenidaRopas.jpg","wps_subtitle":"","jetpack_sharing_enabled":true,"_links":{"self":[{"href":"https:\/\/www.hoymercedes.com.ar\/principal\/wp-json\/wp\/v2\/posts\/137532","targetHints":{"allow":["GET"]}}],"collection":[{"href":"https:\/\/www.hoymercedes.com.ar\/principal\/wp-json\/wp\/v2\/posts"}],"about":[{"href":"https:\/\/www.hoymercedes.com.ar\/principal\/wp-json\/wp\/v2\/types\/post"}],"author":[{"embeddable":true,"href":"https:\/\/www.hoymercedes.com.ar\/principal\/wp-json\/wp\/v2\/users\/1"}],"replies":[{"embeddable":true,"href":"https:\/\/www.hoymercedes.com.ar\/principal\/wp-json\/wp\/v2\/comments?post=137532"}],"version-history":[{"count":0,"href":"https:\/\/www.hoymercedes.com.ar\/principal\/wp-json\/wp\/v2\/posts\/137532\/revisions"}],"wp:featuredmedia":[{"embeddable":true,"href":"https:\/\/www.hoymercedes.com.ar\/principal\/wp-json\/wp\/v2\/media\/137533"}],"wp:attachment":[{"href":"https:\/\/www.hoymercedes.com.ar\/principal\/wp-json\/wp\/v2\/media?parent=137532"}],"wp:term":[{"taxonomy":"category","embeddable":true,"href":"https:\/\/www.hoymercedes.com.ar\/principal\/wp-json\/wp\/v2\/categories?post=137532"},{"taxonomy":"post_tag","embeddable":true,"href":"https:\/\/www.hoymercedes.com.ar\/principal\/wp-json\/wp\/v2\/tags?post=137532"}],"curies":[{"name":"wp","href":"https:\/\/api.w.org\/{rel}","templated":true}]}}