{"id":137568,"date":"2021-09-20T12:30:00","date_gmt":"2021-09-20T15:30:00","guid":{"rendered":"https:\/\/www.hoymercedes.com.ar\/principal\/?p=137568"},"modified":"2021-09-20T18:34:27","modified_gmt":"2021-09-20T21:34:27","slug":"detenida-sospechosa-de-encubrir-el-robo-de-una-moto","status":"publish","type":"post","link":"https:\/\/www.hoymercedes.com.ar\/principal\/2021\/09\/20\/detenida-sospechosa-de-encubrir-el-robo-de-una-moto\/","title":{"rendered":"Detenida sospechosa de encubrir el robo de una moto"},"content":{"rendered":"\n<p>Una mujer de Mercedes fue detenida en colectora norte km 94.500 circulando con una motocicleta cuyo paradero ten\u00eda pedido de captura. Con 19 a\u00f1os de edad, est\u00e1 a disposici\u00f3n de la justicia.<\/p>\n\n\n\n<p>La Polic\u00eda Comunal logr\u00f3 detectar la anomal\u00eda y recuperar la motocicleta a la cual le hab\u00edan borrado los datos grabados en el cuadro y motor.<\/p>\n\n\n\n<p>Se secuestr\u00f3 del motoveh\u00edculo y se le dio intervenci\u00f3n a la U.F.I N\u00ba3 del Departamento Judicial Mercedes. <\/p>\n","protected":false},"excerpt":{"rendered":"<p>Una mujer de Mercedes fue detenida en colectora norte km 94.500 circulando con una motocicleta cuyo paradero ten\u00eda pedido de &#8230; <a title=\"Detenida sospechosa de encubrir el robo de una moto\" class=\"read-more\" href=\"https:\/\/www.hoymercedes.com.ar\/principal\/2021\/09\/20\/detenida-sospechosa-de-encubrir-el-robo-de-una-moto\/\" aria-label=\"Leer m\u00e1s sobre Detenida sospechosa de encubrir el robo de una moto\">Leer m\u00e1s<\/a><\/p>\n","protected":false},"author":1,"featured_media":137565,"comment_status":"closed","ping_status":"open","sticky":false,"template":"","format":"standard","meta":{"_monsterinsights_skip_tracking":false,"_monsterinsights_sitenote_active":false,"_monsterinsights_sitenote_note":"","_monsterinsights_sitenote_category":0,"jetpack_post_was_ever_published":false,"_jetpack_newsletter_access":"","_jetpack_dont_email_post_to_subs":false,"_jetpack_newsletter_tier_id":0,"_jetpack_memberships_contains_paywalled_content":false,"_jetpack_memberships_contains_paid_content":false,"footnotes":"","jetpack_publicize_message":"","jetpack_publicize_feature_enabled":true,"jetpack_social_post_already_shared":true,"jetpack_social_options":{"image_generator_settings":{"template":"highway","default_image_id":0,"font":"","enabled":false},"version":2},"_wpas_customize_per_network":false},"categories":[85],"tags":[],"class_list":["post-137568","post","type-post","status-publish","format-standard","has-post-thumbnail","hentry","category-policial","generate-columns","tablet-grid-50","mobile-grid-100","grid-parent","grid-50"],"jetpack_publicize_connections":[],"jetpack_featured_media_url":"https:\/\/www.hoymercedes.com.ar\/principal\/wp-content\/uploads\/2021\/09\/MotoColectora.jpg","wps_subtitle":"","jetpack_sharing_enabled":true,"_links":{"self":[{"href":"https:\/\/www.hoymercedes.com.ar\/principal\/wp-json\/wp\/v2\/posts\/137568","targetHints":{"allow":["GET"]}}],"collection":[{"href":"https:\/\/www.hoymercedes.com.ar\/principal\/wp-json\/wp\/v2\/posts"}],"about":[{"href":"https:\/\/www.hoymercedes.com.ar\/principal\/wp-json\/wp\/v2\/types\/post"}],"author":[{"embeddable":true,"href":"https:\/\/www.hoymercedes.com.ar\/principal\/wp-json\/wp\/v2\/users\/1"}],"replies":[{"embeddable":true,"href":"https:\/\/www.hoymercedes.com.ar\/principal\/wp-json\/wp\/v2\/comments?post=137568"}],"version-history":[{"count":0,"href":"https:\/\/www.hoymercedes.com.ar\/principal\/wp-json\/wp\/v2\/posts\/137568\/revisions"}],"wp:featuredmedia":[{"embeddable":true,"href":"https:\/\/www.hoymercedes.com.ar\/principal\/wp-json\/wp\/v2\/media\/137565"}],"wp:attachment":[{"href":"https:\/\/www.hoymercedes.com.ar\/principal\/wp-json\/wp\/v2\/media?parent=137568"}],"wp:term":[{"taxonomy":"category","embeddable":true,"href":"https:\/\/www.hoymercedes.com.ar\/principal\/wp-json\/wp\/v2\/categories?post=137568"},{"taxonomy":"post_tag","embeddable":true,"href":"https:\/\/www.hoymercedes.com.ar\/principal\/wp-json\/wp\/v2\/tags?post=137568"}],"curies":[{"name":"wp","href":"https:\/\/api.w.org\/{rel}","templated":true}]}}