{"id":137588,"date":"2021-09-20T19:37:50","date_gmt":"2021-09-20T22:37:50","guid":{"rendered":"https:\/\/www.hoymercedes.com.ar\/principal\/?p=137588"},"modified":"2021-09-20T19:37:59","modified_gmt":"2021-09-20T22:37:59","slug":"covid-en-el-pais-fallecieron-90-personas-y-hubo-2-162-nuevos-contagios","status":"publish","type":"post","link":"https:\/\/www.hoymercedes.com.ar\/principal\/2021\/09\/20\/covid-en-el-pais-fallecieron-90-personas-y-hubo-2-162-nuevos-contagios\/","title":{"rendered":"Covid en el pa\u00eds: Fallecieron 90 personas y hubo 2.162 nuevos contagios"},"content":{"rendered":"\n<p>El Ministerio de Salud de la Naci\u00f3n inform\u00f3 este lunes 20 de septiembre que se registraron 90 muertes y 2.162 nuevos contagios de coronavirus. De esta manera, el pa\u00eds acumula un total de 5.241.394 casos positivos desde el comienzo de la pandemia, mientras que los fallecimientos son 114.518. <\/p>\n\n\n\n<div class=\"wp-block-image\"><figure class=\"aligncenter size-full is-resized\"><img decoding=\"async\" data-attachment-id=\"137581\" data-permalink=\"https:\/\/www.hoymercedes.com.ar\/principal\/img_20210920_184018\/\" data-orig-file=\"https:\/\/www.hoymercedes.com.ar\/principal\/wp-content\/uploads\/2021\/09\/IMG_20210920_184018.jpg\" data-orig-size=\"990,481\" data-comments-opened=\"0\" data-image-meta=\"{&quot;aperture&quot;:&quot;0&quot;,&quot;credit&quot;:&quot;&quot;,&quot;camera&quot;:&quot;&quot;,&quot;caption&quot;:&quot;&quot;,&quot;created_timestamp&quot;:&quot;0&quot;,&quot;copyright&quot;:&quot;&quot;,&quot;focal_length&quot;:&quot;0&quot;,&quot;iso&quot;:&quot;0&quot;,&quot;shutter_speed&quot;:&quot;0&quot;,&quot;title&quot;:&quot;&quot;,&quot;orientation&quot;:&quot;0&quot;}\" data-image-title=\"IMG_20210920_184018\" data-image-description=\"\" data-image-caption=\"\" data-large-file=\"https:\/\/www.hoymercedes.com.ar\/principal\/wp-content\/uploads\/2021\/09\/IMG_20210920_184018.jpg\" src=\"https:\/\/www.hoymercedes.com.ar\/principal\/wp-content\/uploads\/2021\/09\/IMG_20210920_184018.jpg\" alt=\"\" class=\"wp-image-137581\" width=\"-249\" height=\"-120\" srcset=\"https:\/\/www.hoymercedes.com.ar\/principal\/wp-content\/uploads\/2021\/09\/IMG_20210920_184018.jpg 990w, https:\/\/www.hoymercedes.com.ar\/principal\/wp-content\/uploads\/2021\/09\/IMG_20210920_184018-630x306.jpg 630w, https:\/\/www.hoymercedes.com.ar\/principal\/wp-content\/uploads\/2021\/09\/IMG_20210920_184018-150x73.jpg 150w\" sizes=\"(max-width: 990px) 100vw, 990px\" \/><\/figure><\/div>\n\n\n\n<p>De los decesos reportados hoy, 55 son hombres y 35 son mujeres. La provincias que m\u00e1s muertes registraron fueron Tucum\u00e1n, Santa Fe y Neuqu\u00e9n con 16, 14 y 9 decesos, respectivamente. El parte precis\u00f3 que murieron 55 hombres, tres en la provincia de Buenos Aires; tres en la Ciudad de Buenos Aires; uno en Chaco; cinco en Corrientes; tres en C\u00f3rdoba; uno en Entre R\u00edos; uno en Formosa; cuatro en La Pampa; uno en Mendoza; uno en Misiones; cuatro en Neuqu\u00e9n; dos en Salta; uno en San Juan; tres en San Luis; uno en Santa Cruz; ocho en Santa Fe; uno en Santiago del Estero; uno en Tierra del Fuego y 11 en Tucum\u00e1n. Tambi\u00e9n fallecieron 35 mujeres: cuatro en Buenos Aires; dos en Chubut; dos en Corrientes; cuatro en C\u00f3rdoba; once en Formosa; dos en La Pampa; una en La Rioja; una en Mendoza; cinco en Neuqu\u00e9n; una en San Juan; 6 en Santa Fe y cinco en Tucum\u00e1n.<\/p>\n\n\n\n<div class=\"wp-block-image\"><figure class=\"aligncenter size-full\"><img loading=\"lazy\" decoding=\"async\" width=\"426\" height=\"474\" data-attachment-id=\"137580\" data-permalink=\"https:\/\/www.hoymercedes.com.ar\/principal\/img_20210920_184023\/\" data-orig-file=\"https:\/\/www.hoymercedes.com.ar\/principal\/wp-content\/uploads\/2021\/09\/IMG_20210920_184023.png\" data-orig-size=\"426,474\" data-comments-opened=\"0\" data-image-meta=\"{&quot;aperture&quot;:&quot;0&quot;,&quot;credit&quot;:&quot;&quot;,&quot;camera&quot;:&quot;&quot;,&quot;caption&quot;:&quot;&quot;,&quot;created_timestamp&quot;:&quot;0&quot;,&quot;copyright&quot;:&quot;&quot;,&quot;focal_length&quot;:&quot;0&quot;,&quot;iso&quot;:&quot;0&quot;,&quot;shutter_speed&quot;:&quot;0&quot;,&quot;title&quot;:&quot;&quot;,&quot;orientation&quot;:&quot;0&quot;}\" data-image-title=\"IMG_20210920_184023\" data-image-description=\"\" data-image-caption=\"\" data-large-file=\"https:\/\/www.hoymercedes.com.ar\/principal\/wp-content\/uploads\/2021\/09\/IMG_20210920_184023.png\" src=\"https:\/\/www.hoymercedes.com.ar\/principal\/wp-content\/uploads\/2021\/09\/IMG_20210920_184023.png\" alt=\"\" class=\"wp-image-137580\" srcset=\"https:\/\/www.hoymercedes.com.ar\/principal\/wp-content\/uploads\/2021\/09\/IMG_20210920_184023.png 426w, https:\/\/www.hoymercedes.com.ar\/principal\/wp-content\/uploads\/2021\/09\/IMG_20210920_184023-135x150.png 135w\" sizes=\"auto, (max-width: 426px) 100vw, 426px\" \/><\/figure><\/div>\n\n\n\n<p>De los 2.162 nuevos contagios notificados esta tarde, 693 son de la provincia de Buenos Aires, 126 de la ciudad de Buenos Aires, 55 de Catamarca, 37 de Chaco, 40 de Chubut, 53 de Corrientes, 178 de C\u00f3rdoba, 83 de Entre R\u00edos, 28 de Formosa, 14 de Jujuy, 209 de La Pampa, 5 de La Rioja, 60 de Mendoza, 25 de Misiones, 21 de Neuqu\u00e9n, 42 de R\u00edo Negro, 117 de Salta, 19 de San Juan, 10 de San Luis, 10 de Santa Cruz, 91 de Santa Fe, 25 de Santiago del Estero, 50 de Tierra del Fuego y 171 de Tucum\u00e1n.<\/p>\n\n\n\n<p>El total de acumulados por distrito indica que la provincia de Buenos Aires suma 2.053.301 casos; la Ciudad de Buenos Aires, 511.474; Catamarca, 50.632; Chaco, 99.991; Chubut, 82.522; Corrientes, 91.223; C\u00f3rdoba, 515.125; Entre R\u00edos, 136.185; Formosa, 61.825; Jujuy, 47.735; La Pampa, 68.065; La Rioja, 33.155; Mendoza, 164.410; Misiones, 36.257; Neuqu\u00e9n, 113.051; R\u00edo Negro, 99.832; Salta, 83.739; San Juan, 69.769; San Luis, 80.343; Santa Cruz, 59.381; Santa Fe, 468.513; Santiago del Estero, 80.904; Tierra del Fuego, 32.334 y Tucum\u00e1n, 201.628.<\/p>\n\n\n\n<div class=\"wp-block-image\"><figure class=\"aligncenter size-full\"><img loading=\"lazy\" decoding=\"async\" width=\"247\" height=\"647\" data-attachment-id=\"137579\" data-permalink=\"https:\/\/www.hoymercedes.com.ar\/principal\/img_20210920_184028\/\" data-orig-file=\"https:\/\/www.hoymercedes.com.ar\/principal\/wp-content\/uploads\/2021\/09\/IMG_20210920_184028.png\" data-orig-size=\"247,647\" data-comments-opened=\"0\" data-image-meta=\"{&quot;aperture&quot;:&quot;0&quot;,&quot;credit&quot;:&quot;&quot;,&quot;camera&quot;:&quot;&quot;,&quot;caption&quot;:&quot;&quot;,&quot;created_timestamp&quot;:&quot;0&quot;,&quot;copyright&quot;:&quot;&quot;,&quot;focal_length&quot;:&quot;0&quot;,&quot;iso&quot;:&quot;0&quot;,&quot;shutter_speed&quot;:&quot;0&quot;,&quot;title&quot;:&quot;&quot;,&quot;orientation&quot;:&quot;0&quot;}\" data-image-title=\"IMG_20210920_184028\" data-image-description=\"\" data-image-caption=\"\" data-large-file=\"https:\/\/www.hoymercedes.com.ar\/principal\/wp-content\/uploads\/2021\/09\/IMG_20210920_184028.png\" src=\"https:\/\/www.hoymercedes.com.ar\/principal\/wp-content\/uploads\/2021\/09\/IMG_20210920_184028.png\" alt=\"\" class=\"wp-image-137579\" srcset=\"https:\/\/www.hoymercedes.com.ar\/principal\/wp-content\/uploads\/2021\/09\/IMG_20210920_184028.png 247w, https:\/\/www.hoymercedes.com.ar\/principal\/wp-content\/uploads\/2021\/09\/IMG_20210920_184028-237x620.png 237w, https:\/\/www.hoymercedes.com.ar\/principal\/wp-content\/uploads\/2021\/09\/IMG_20210920_184028-57x150.png 57w\" sizes=\"auto, (max-width: 247px) 100vw, 247px\" \/><\/figure><\/div>\n","protected":false},"excerpt":{"rendered":"<p>El Ministerio de Salud de la Naci\u00f3n inform\u00f3 este lunes 20 de septiembre que se registraron 90 muertes y 2.162 &#8230; <a title=\"Covid en el pa\u00eds: Fallecieron 90 personas y hubo 2.162 nuevos contagios\" class=\"read-more\" href=\"https:\/\/www.hoymercedes.com.ar\/principal\/2021\/09\/20\/covid-en-el-pais-fallecieron-90-personas-y-hubo-2-162-nuevos-contagios\/\" aria-label=\"Leer m\u00e1s sobre Covid en el pa\u00eds: Fallecieron 90 personas y hubo 2.162 nuevos contagios\">Leer m\u00e1s<\/a><\/p>\n","protected":false},"author":1,"featured_media":128077,"comment_status":"closed","ping_status":"open","sticky":false,"template":"","format":"standard","meta":{"_monsterinsights_skip_tracking":false,"_monsterinsights_sitenote_active":false,"_monsterinsights_sitenote_note":"","_monsterinsights_sitenote_category":0,"jetpack_post_was_ever_published":false,"_jetpack_newsletter_access":"","_jetpack_dont_email_post_to_subs":false,"_jetpack_newsletter_tier_id":0,"_jetpack_memberships_contains_paywalled_content":false,"_jetpack_memberships_contains_paid_content":false,"footnotes":"","jetpack_publicize_message":"","jetpack_publicize_feature_enabled":true,"jetpack_social_post_already_shared":true,"jetpack_social_options":{"image_generator_settings":{"template":"highway","default_image_id":0,"font":"","enabled":false},"version":2},"_wpas_customize_per_network":false},"categories":[17182],"tags":[16175,16313,15693],"class_list":["post-137588","post","type-post","status-publish","format-standard","has-post-thumbnail","hentry","category-nacion","tag-coronavirus","tag-covid-19","tag-informe-nacional","generate-columns","tablet-grid-50","mobile-grid-100","grid-parent","grid-50"],"jetpack_publicize_connections":[],"jetpack_featured_media_url":"https:\/\/www.hoymercedes.com.ar\/principal\/wp-content\/uploads\/2021\/04\/giphy.gif","wps_subtitle":"Informe nacional","jetpack_sharing_enabled":true,"_links":{"self":[{"href":"https:\/\/www.hoymercedes.com.ar\/principal\/wp-json\/wp\/v2\/posts\/137588","targetHints":{"allow":["GET"]}}],"collection":[{"href":"https:\/\/www.hoymercedes.com.ar\/principal\/wp-json\/wp\/v2\/posts"}],"about":[{"href":"https:\/\/www.hoymercedes.com.ar\/principal\/wp-json\/wp\/v2\/types\/post"}],"author":[{"embeddable":true,"href":"https:\/\/www.hoymercedes.com.ar\/principal\/wp-json\/wp\/v2\/users\/1"}],"replies":[{"embeddable":true,"href":"https:\/\/www.hoymercedes.com.ar\/principal\/wp-json\/wp\/v2\/comments?post=137588"}],"version-history":[{"count":0,"href":"https:\/\/www.hoymercedes.com.ar\/principal\/wp-json\/wp\/v2\/posts\/137588\/revisions"}],"wp:featuredmedia":[{"embeddable":true,"href":"https:\/\/www.hoymercedes.com.ar\/principal\/wp-json\/wp\/v2\/media\/128077"}],"wp:attachment":[{"href":"https:\/\/www.hoymercedes.com.ar\/principal\/wp-json\/wp\/v2\/media?parent=137588"}],"wp:term":[{"taxonomy":"category","embeddable":true,"href":"https:\/\/www.hoymercedes.com.ar\/principal\/wp-json\/wp\/v2\/categories?post=137588"},{"taxonomy":"post_tag","embeddable":true,"href":"https:\/\/www.hoymercedes.com.ar\/principal\/wp-json\/wp\/v2\/tags?post=137588"}],"curies":[{"name":"wp","href":"https:\/\/api.w.org\/{rel}","templated":true}]}}