{"id":137623,"date":"2021-09-21T12:05:00","date_gmt":"2021-09-21T15:05:00","guid":{"rendered":"https:\/\/www.hoymercedes.com.ar\/principal\/?p=137623"},"modified":"2021-09-21T16:52:47","modified_gmt":"2021-09-21T19:52:47","slug":"nuevos-espacios-de-recreacion-para-el-centro-de-jubilados-de-gowland-y-agote","status":"publish","type":"post","link":"https:\/\/www.hoymercedes.com.ar\/principal\/2021\/09\/21\/nuevos-espacios-de-recreacion-para-el-centro-de-jubilados-de-gowland-y-agote\/","title":{"rendered":"Nuevos espacios de recreaci\u00f3n para el Centro de Jubilados de Gowland y Agote"},"content":{"rendered":"\n<p>Informaci\u00f3n Prensa Municipal &#8211; El Municipio de Mercedes sigue proyectando y disponiendo obras en m\u00faltiples sectores de la ciudad y localidades de nuestro partido. De esta manera, en un d\u00eda muy especial para los jubilados, el intendente Ustarroz se hizo presente en el Centro de Jubilados de Gowland y Agote donde se efect\u00faan mejoras y embellecimiento del espacio verde, no s\u00f3lo para este lugar, sino, para todos los vecinos. \u00a0<\/p>\n\n\n\n<div class=\"wp-block-image\"><figure class=\"aligncenter size-full\"><img loading=\"lazy\" decoding=\"async\" width=\"840\" height=\"560\" data-attachment-id=\"137624\" data-permalink=\"https:\/\/www.hoymercedes.com.ar\/principal\/2021\/09\/21\/nuevos-espacios-de-recreacion-para-el-centro-de-jubilados-de-gowland-y-agote\/dsc04637\/#main\" data-orig-file=\"https:\/\/www.hoymercedes.com.ar\/principal\/wp-content\/uploads\/2021\/09\/DSC04637.jpg\" data-orig-size=\"840,560\" data-comments-opened=\"0\" data-image-meta=\"{&quot;aperture&quot;:&quot;0&quot;,&quot;credit&quot;:&quot;&quot;,&quot;camera&quot;:&quot;&quot;,&quot;caption&quot;:&quot;&quot;,&quot;created_timestamp&quot;:&quot;1632240300&quot;,&quot;copyright&quot;:&quot;&quot;,&quot;focal_length&quot;:&quot;0&quot;,&quot;iso&quot;:&quot;0&quot;,&quot;shutter_speed&quot;:&quot;0&quot;,&quot;title&quot;:&quot;&quot;,&quot;orientation&quot;:&quot;1&quot;}\" data-image-title=\"DSC04637\" data-image-description=\"\" data-image-caption=\"\" data-large-file=\"https:\/\/www.hoymercedes.com.ar\/principal\/wp-content\/uploads\/2021\/09\/DSC04637.jpg\" src=\"https:\/\/www.hoymercedes.com.ar\/principal\/wp-content\/uploads\/2021\/09\/DSC04637.jpg\" alt=\"\" class=\"wp-image-137624\" srcset=\"https:\/\/www.hoymercedes.com.ar\/principal\/wp-content\/uploads\/2021\/09\/DSC04637.jpg 840w, https:\/\/www.hoymercedes.com.ar\/principal\/wp-content\/uploads\/2021\/09\/DSC04637-630x420.jpg 630w, https:\/\/www.hoymercedes.com.ar\/principal\/wp-content\/uploads\/2021\/09\/DSC04637-150x100.jpg 150w\" sizes=\"auto, (max-width: 840px) 100vw, 840px\" \/><\/figure><\/div>\n\n\n\n<p>El intendente Juan Ignacio Ustarroz, recorri\u00f3 el Centro de Jubilados y salud\u00f3 \u201ca todos los jubilados en su d\u00eda y quiero felicitar a toda la comisi\u00f3n el enorme trabajo y la perspectiva, donde se busca integrar a todos los jubilados de la zona\u201d. &nbsp;<\/p>\n\n\n\n<p>\u201cNosotros siempre decimos y valoramos mucho el trabajo que hacen los Centros de Jubilados, que estos espacios sean lugares de encuentro de los adultos mayores, es realmente muy importante\u201d destac\u00f3 el intendente Ustarroz y agreg\u00f3 \u201cahora, adem\u00e1s de entregar un subsidio para seguir mejorando el edificio, tambi\u00e9n preponderar el espacio al aire libre, donde mejoraremos las condiciones para el disfrute y goce de los jubilados y la comunidad de Gowland\u201d. &nbsp;<\/p>\n\n\n\n<p>En este sentido, el Dr. Ustarroz manifest\u00f3 \u201cesta es una comunidad muy unida, integrada donde est\u00e1n trabajando con un ideal que es generar acciones positivas para la sociedad\u201d y afirm\u00f3 \u201cm\u00e1s que agradecido a esta gran comisi\u00f3n por el enorme trabajo\u201d. &nbsp;<\/p>\n\n\n\n<p>\u201cAhora se viene una nueva etapa, donde ya se va saliendo de la pandemia y se reactivan las actividades, algo que todos est\u00e1bamos necesitando. As\u00ed que muy contento de contar con este Centro de Jubilados, con este enorme grupo humano que va a trabajar por el bienestar de todos\u201d subray\u00f3 el intendente Ustarroz.&nbsp;&nbsp;&nbsp;&nbsp;&nbsp;&nbsp;&nbsp;<\/p>\n\n\n\n<p>Victoria Odell, directora de Adultos Mayores de la Municipalidad de Mercedes cont\u00f3 \u201cvinimos al Centro de Jubilados de Gowland y Agote acompa\u00f1ando a esta comunidad en su d\u00eda, dialogando y teniendo en vista varios proyectos\u201d y a\u00f1adi\u00f3 \u201cadem\u00e1s, empezamos a trabajar en un nuevo espacio p\u00fablico, que pertenece al Centro de Jubilados y que ellos abrir\u00e1n para que sea aprovechado por toda la comunidad\u201d. &nbsp;<\/p>\n\n\n\n<p>El concejal y vecino de la zona, Juli\u00e1n Inzaurgarat, expres\u00f3 \u201cquiero brindar un reconocimiento especial a toda la comisi\u00f3n de este Centro de Jubilados, a la actual y la anterior, por el trabajo que vienen desarrollando. En un primer momento poni\u00e9ndole atenci\u00f3n a todo lo estructural del Centro y ahora a este espacio verde, donde se han plantado \u00e1rboles y en el cual prontamente habr\u00e1 un espacio de salud, bancos y mesas, para que este sea un lugar de recreaci\u00f3n y encuentro\u201d.&nbsp;&nbsp;&nbsp;&nbsp;&nbsp;<\/p>\n\n\n\n<p>Julio Franz, presidente de la comisi\u00f3n del Centro de Jubilados, coment\u00f3 \u201cestamos muy agradecidos con el Municipio de Mercedes y con el intendente Ustarroz, por su trabajo y porque siempre est\u00e1n dispuestos a ayudarnos. Tenemos muchos proyectos, con ganas de seguir trabajando, y en parte, gracias a la ayuda fundamental del municipio\u201d.&nbsp;&nbsp;&nbsp;<\/p>\n\n\n\n<p>Por su parte, Zulma, una de las integrantes de este Centro de Jubilados, se\u00f1al\u00f3 \u201cmuy contenta con los trabajos que se viene llevando adelante, la verdad que una gran felicidad ver como los proyectos se vuelven realidad\u201d. &nbsp;<\/p>\n","protected":false},"excerpt":{"rendered":"<p>Informaci\u00f3n Prensa Municipal &#8211; El Municipio de Mercedes sigue proyectando y disponiendo obras en m\u00faltiples sectores de la ciudad y &#8230; <a title=\"Nuevos espacios de recreaci\u00f3n para el Centro de Jubilados de Gowland y Agote\" class=\"read-more\" href=\"https:\/\/www.hoymercedes.com.ar\/principal\/2021\/09\/21\/nuevos-espacios-de-recreacion-para-el-centro-de-jubilados-de-gowland-y-agote\/\" aria-label=\"Leer m\u00e1s sobre Nuevos espacios de recreaci\u00f3n para el Centro de Jubilados de Gowland y Agote\">Leer m\u00e1s<\/a><\/p>\n","protected":false},"author":1,"featured_media":137624,"comment_status":"closed","ping_status":"open","sticky":false,"template":"","format":"standard","meta":{"_monsterinsights_skip_tracking":false,"_monsterinsights_sitenote_active":false,"_monsterinsights_sitenote_note":"","_monsterinsights_sitenote_category":0,"jetpack_post_was_ever_published":false,"_jetpack_newsletter_access":"","_jetpack_dont_email_post_to_subs":false,"_jetpack_newsletter_tier_id":0,"_jetpack_memberships_contains_paywalled_content":false,"_jetpack_memberships_contains_paid_content":false,"footnotes":"","jetpack_publicize_message":"","jetpack_publicize_feature_enabled":true,"jetpack_social_post_already_shared":true,"jetpack_social_options":{"image_generator_settings":{"template":"highway","default_image_id":0,"font":"","enabled":false},"version":2},"_wpas_customize_per_network":false},"categories":[8],"tags":[244],"class_list":["post-137623","post","type-post","status-publish","format-standard","has-post-thumbnail","hentry","category-sociedad","tag-municipio-2","generate-columns","tablet-grid-50","mobile-grid-100","grid-parent","grid-50"],"jetpack_publicize_connections":[],"jetpack_featured_media_url":"https:\/\/www.hoymercedes.com.ar\/principal\/wp-content\/uploads\/2021\/09\/DSC04637.jpg","wps_subtitle":"","jetpack_sharing_enabled":true,"_links":{"self":[{"href":"https:\/\/www.hoymercedes.com.ar\/principal\/wp-json\/wp\/v2\/posts\/137623","targetHints":{"allow":["GET"]}}],"collection":[{"href":"https:\/\/www.hoymercedes.com.ar\/principal\/wp-json\/wp\/v2\/posts"}],"about":[{"href":"https:\/\/www.hoymercedes.com.ar\/principal\/wp-json\/wp\/v2\/types\/post"}],"author":[{"embeddable":true,"href":"https:\/\/www.hoymercedes.com.ar\/principal\/wp-json\/wp\/v2\/users\/1"}],"replies":[{"embeddable":true,"href":"https:\/\/www.hoymercedes.com.ar\/principal\/wp-json\/wp\/v2\/comments?post=137623"}],"version-history":[{"count":0,"href":"https:\/\/www.hoymercedes.com.ar\/principal\/wp-json\/wp\/v2\/posts\/137623\/revisions"}],"wp:featuredmedia":[{"embeddable":true,"href":"https:\/\/www.hoymercedes.com.ar\/principal\/wp-json\/wp\/v2\/media\/137624"}],"wp:attachment":[{"href":"https:\/\/www.hoymercedes.com.ar\/principal\/wp-json\/wp\/v2\/media?parent=137623"}],"wp:term":[{"taxonomy":"category","embeddable":true,"href":"https:\/\/www.hoymercedes.com.ar\/principal\/wp-json\/wp\/v2\/categories?post=137623"},{"taxonomy":"post_tag","embeddable":true,"href":"https:\/\/www.hoymercedes.com.ar\/principal\/wp-json\/wp\/v2\/tags?post=137623"}],"curies":[{"name":"wp","href":"https:\/\/api.w.org\/{rel}","templated":true}]}}