{"id":13781,"date":"2012-06-18T15:00:46","date_gmt":"2012-06-18T15:00:46","guid":{"rendered":"http:\/\/www.hoymercedes.com.ar\/principal\/?p=13781"},"modified":"2012-06-18T14:08:04","modified_gmt":"2012-06-18T14:08:04","slug":"pami-brindo-charla-a-los-jubilados-en-relacion-al-turismo","status":"publish","type":"post","link":"https:\/\/www.hoymercedes.com.ar\/principal\/2012\/06\/18\/pami-brindo-charla-a-los-jubilados-en-relacion-al-turismo\/","title":{"rendered":"PAMI brind\u00f3 charla a los jubilados en relaci\u00f3n al turismo"},"content":{"rendered":"<p><a href=\"https:\/\/www.hoymercedes.com.ar\/principal\/wp-content\/uploads\/2012\/06\/PAMI-Turismo.jpg\"><img loading=\"lazy\" decoding=\"async\" data-attachment-id=\"13783\" data-permalink=\"https:\/\/www.hoymercedes.com.ar\/principal\/2012\/06\/18\/pami-brindo-charla-a-los-jubilados-en-relacion-al-turismo\/pami-turismo\/#main\" data-orig-file=\"https:\/\/www.hoymercedes.com.ar\/principal\/wp-content\/uploads\/2012\/06\/PAMI-Turismo.jpg\" data-orig-size=\"612,406\" data-comments-opened=\"1\" data-image-meta=\"{&quot;aperture&quot;:&quot;3.5&quot;,&quot;credit&quot;:&quot;Moreira Mario Hugo    FOTOGRAFIA&quot;,&quot;camera&quot;:&quot;NIKON D300&quot;,&quot;caption&quot;:&quot;&quot;,&quot;created_timestamp&quot;:&quot;1339607619&quot;,&quot;copyright&quot;:&quot;AW Fotografia   Moreira Mario Hugo&quot;,&quot;focal_length&quot;:&quot;18&quot;,&quot;iso&quot;:&quot;800&quot;,&quot;shutter_speed&quot;:&quot;0.008&quot;,&quot;title&quot;:&quot;&quot;}\" data-image-title=\"PAMI-Turismo\" data-image-description=\"\" data-image-caption=\"\" data-large-file=\"https:\/\/www.hoymercedes.com.ar\/principal\/wp-content\/uploads\/2012\/06\/PAMI-Turismo.jpg\" class=\"aligncenter size-full wp-image-13783\" title=\"PAMI-Turismo\" src=\"https:\/\/www.hoymercedes.com.ar\/principal\/wp-content\/uploads\/2012\/06\/PAMI-Turismo.jpg\" alt=\"\" width=\"612\" height=\"406\" \/><\/a><\/p>\n<p>Durante la semana pasada se llevo adelante en el PAMI (25 y 16) la primera reuni\u00f3n informativa para los beneficiarios del primer viaje que se realizara a la ciudad balnearia de Chapadmalal.<\/p>\n<p>El Dr. Santiago Bereterbide junto a los empleados encargados del area de turismo dieron una charla explicativa sobre las actividades que se llevaran adelante en este viaje.<\/p>\n<p>Bereterbide se dirigi\u00f3 a los afiliados diciendo<em>:\u00bbCon ustedes arrancamos una serie de viajes, tienen la suerte de haber quedado seleccionados para la apertura de ellos, estamos felices y contentos con la obtenci\u00f3n de estos viajes y es por eso es que seguimos gestionando viajes de turismo, la idea es que todos los afiliados que deseen viajar puedan hacerlo por eso es que seguimos en la b\u00fasqueda de nuevos destinos.\u201d<\/em><\/p>\n<p>En la charla informativa se explico a los afiliados sobre el horario de la partida de este viaje, los elementos indispensables que tienen que llevar los abuelos, las actividades que realizaran, dentro de estas se encuentran excursiones que se realizaran cerca del lugar donde van a hospedarse los afiliados.<\/p>\n<p>Por ultimo se les aclaro a los beneficiarios que los viajes de PAMI son totalmente gratuitos, dato mas que importante para los abuelos.<\/p>\n","protected":false},"excerpt":{"rendered":"<p>Durante la semana pasada se llevo adelante en el PAMI (25 y 16) la primera reuni\u00f3n informativa para los beneficiarios &#8230; <a title=\"PAMI brind\u00f3 charla a los jubilados en relaci\u00f3n al turismo\" class=\"read-more\" href=\"https:\/\/www.hoymercedes.com.ar\/principal\/2012\/06\/18\/pami-brindo-charla-a-los-jubilados-en-relacion-al-turismo\/\" aria-label=\"Leer m\u00e1s sobre PAMI brind\u00f3 charla a los jubilados en relaci\u00f3n al turismo\">Leer m\u00e1s<\/a><\/p>\n","protected":false},"author":1,"featured_media":0,"comment_status":"open","ping_status":"open","sticky":false,"template":"","format":"standard","meta":{"_monsterinsights_skip_tracking":false,"_monsterinsights_sitenote_active":false,"_monsterinsights_sitenote_note":"","_monsterinsights_sitenote_category":0,"jetpack_post_was_ever_published":false,"_jetpack_newsletter_access":"","_jetpack_dont_email_post_to_subs":false,"_jetpack_newsletter_tier_id":0,"_jetpack_memberships_contains_paywalled_content":false,"_jetpack_memberships_contains_paid_content":false,"footnotes":"","jetpack_publicize_message":"","jetpack_publicize_feature_enabled":true,"jetpack_social_post_already_shared":false,"jetpack_social_options":{"image_generator_settings":{"template":"highway","default_image_id":0,"font":"","enabled":false},"version":2},"_wpas_customize_per_network":false},"categories":[8],"tags":[500,2373],"class_list":["post-13781","post","type-post","status-publish","format-standard","hentry","category-sociedad","tag-pami-mercedes","tag-turismo-social-pami","generate-columns","tablet-grid-50","mobile-grid-100","grid-parent","grid-50"],"jetpack_publicize_connections":[],"jetpack_featured_media_url":"","wps_subtitle":"","jetpack_sharing_enabled":true,"_links":{"self":[{"href":"https:\/\/www.hoymercedes.com.ar\/principal\/wp-json\/wp\/v2\/posts\/13781","targetHints":{"allow":["GET"]}}],"collection":[{"href":"https:\/\/www.hoymercedes.com.ar\/principal\/wp-json\/wp\/v2\/posts"}],"about":[{"href":"https:\/\/www.hoymercedes.com.ar\/principal\/wp-json\/wp\/v2\/types\/post"}],"author":[{"embeddable":true,"href":"https:\/\/www.hoymercedes.com.ar\/principal\/wp-json\/wp\/v2\/users\/1"}],"replies":[{"embeddable":true,"href":"https:\/\/www.hoymercedes.com.ar\/principal\/wp-json\/wp\/v2\/comments?post=13781"}],"version-history":[{"count":0,"href":"https:\/\/www.hoymercedes.com.ar\/principal\/wp-json\/wp\/v2\/posts\/13781\/revisions"}],"wp:attachment":[{"href":"https:\/\/www.hoymercedes.com.ar\/principal\/wp-json\/wp\/v2\/media?parent=13781"}],"wp:term":[{"taxonomy":"category","embeddable":true,"href":"https:\/\/www.hoymercedes.com.ar\/principal\/wp-json\/wp\/v2\/categories?post=13781"},{"taxonomy":"post_tag","embeddable":true,"href":"https:\/\/www.hoymercedes.com.ar\/principal\/wp-json\/wp\/v2\/tags?post=13781"}],"curies":[{"name":"wp","href":"https:\/\/api.w.org\/{rel}","templated":true}]}}