{"id":137877,"date":"2021-09-26T11:50:33","date_gmt":"2021-09-26T14:50:33","guid":{"rendered":"https:\/\/www.hoymercedes.com.ar\/principal\/?p=137877"},"modified":"2021-09-26T11:50:40","modified_gmt":"2021-09-26T14:50:40","slug":"expo-unlu-2021-que-estudiar-en-la-universidad","status":"publish","type":"post","link":"https:\/\/www.hoymercedes.com.ar\/principal\/2021\/09\/26\/expo-unlu-2021-que-estudiar-en-la-universidad\/","title":{"rendered":"Expo UNLu 2021: Qu\u00e9 estudiar en la Universidad"},"content":{"rendered":"\n<p>Del 27 de septiembre al 2 de octubre se podr\u00e1 participar\u00a0de la EXPO UNLu 2021 con modalidad virtual, con charlas y actividades sobre las carreras de la Universidad Nacional de Luj\u00e1n (UNLu) y conociendo los servicios que la Universidad tiene para ofrecer.<\/p>\n\n\n\n<p>\u201cQuienes participen de EXPO UNLu 2021 tendr\u00e1n la posibilidad de descubrir los contenidos de la oferta educativa, conocer sobre el sistema de becas, orientaci\u00f3n vocacional, realizar consultas y descubrir todos los servicios que la UNLu ofrece para quienes la elijan\u201d,\u00a0explicaron desde el Departamento de Difusi\u00f3n Institucional, responsable de la organizaci\u00f3n de este evento anual. <br>\u00a0<br>\u201cEXPO UNLu 2021 es una instancia de encuentro virtual que se consolida como la m\u00e1s importante del a\u00f1o a nivel acad\u00e9mico, cient\u00edfico y cultural. Est\u00e1 pensado para que los estudiantes de las escuelas secundarias de la regi\u00f3n y todos aquellos interesados en comenzar o continuar sus estudios universitarios puedan comprender el ejercicio de las profesiones de aquellas carreras que se dan en la UNLu y consultar todas sus inquietudes\u201d, destacan desde la Universidad Nacional de la vecina localidad.<\/p>\n\n\n\n<div class=\"wp-block-jetpack-slideshow aligncenter\" data-effect=\"slide\"><div class=\"wp-block-jetpack-slideshow_container swiper-container\"><ul class=\"wp-block-jetpack-slideshow_swiper-wrapper swiper-wrapper\"><li class=\"wp-block-jetpack-slideshow_slide swiper-slide\"><figure><img loading=\"lazy\" decoding=\"async\" width=\"1024\" height=\"1024\" alt=\"\" class=\"wp-block-jetpack-slideshow_image wp-image-137881\" data-id=\"137881\" src=\"https:\/\/www.hoymercedes.com.ar\/principal\/wp-content\/uploads\/2021\/09\/Programa-EXPO-1-1024x1024.jpeg\"\/><\/figure><\/li><li class=\"wp-block-jetpack-slideshow_slide swiper-slide\"><figure><img loading=\"lazy\" decoding=\"async\" width=\"1024\" height=\"1024\" alt=\"\" class=\"wp-block-jetpack-slideshow_image wp-image-137879\" data-id=\"137879\" src=\"https:\/\/www.hoymercedes.com.ar\/principal\/wp-content\/uploads\/2021\/09\/Programa-EXPO-2-1024x1024.jpeg\"\/><\/figure><\/li><li class=\"wp-block-jetpack-slideshow_slide swiper-slide\"><figure><img loading=\"lazy\" decoding=\"async\" width=\"1024\" height=\"1024\" alt=\"\" class=\"wp-block-jetpack-slideshow_image wp-image-137880\" data-id=\"137880\" src=\"https:\/\/www.hoymercedes.com.ar\/principal\/wp-content\/uploads\/2021\/09\/Programa-EXPO-3-1024x1024.jpeg\"\/><\/figure><\/li><\/ul><a class=\"wp-block-jetpack-slideshow_button-prev swiper-button-prev swiper-button-white\" role=\"button\"><\/a><a class=\"wp-block-jetpack-slideshow_button-next swiper-button-next swiper-button-white\" role=\"button\"><\/a><a aria-label=\"Pause Slideshow\" class=\"wp-block-jetpack-slideshow_button-pause\" role=\"button\"><\/a><div class=\"wp-block-jetpack-slideshow_pagination swiper-pagination swiper-pagination-white\"><\/div><\/div><\/div>\n\n\n\n<p>Quienes deseen participar de EXPO UNLu 2021 podr\u00e1n inscribirse llenando el siguiente\u00a0<a href=\"https:\/\/bit.ly\/3yBHwep\" target=\"_blank\" rel=\"noopener\">formulario.<\/a><\/p>\n\n\n\n<p>Para m\u00e1s informaci\u00f3n comunicarse con alguno de los siguientes mails:&nbsp;<a href=\"http:\/\/informe@unlu.edu.ar\/\" target=\"_blank\" rel=\"noopener\">informe@unlu.edu.ar<\/a>&nbsp;&#8211;&nbsp;<a href=\"http:\/\/unludifusion@gmail.com\/\" target=\"_blank\" rel=\"noopener\">unludifusion@gmail.com<\/a><\/p>\n\n\n\n<p>El Departamento de Difusi\u00f3n Institucional, dependiente de la Direcci\u00f3n General de Extensi\u00f3n y de la Secretar\u00eda de Extensi\u00f3n y Vinculaci\u00f3n, responde consultas tambi\u00e9n a trav\u00e9s de sus redes sociales:&nbsp;Facebook&nbsp;<a href=\"http:\/\/unlu.ar\/\" target=\"_blank\" rel=\"noopener\">@UNLu.AR<\/a>&nbsp;&#8211;&nbsp;Instagram&nbsp;<a href=\"http:\/\/unlu.oficial\/\" target=\"_blank\" rel=\"noopener\">@unlu.oficial<\/a>,&nbsp;o a trav\u00e9s de WhatsApp a:&nbsp;<strong>Difusi\u00f3n Institucional, +549 2323 680 140.<\/strong><\/p>\n","protected":false},"excerpt":{"rendered":"<p>Del 27 de septiembre al 2 de octubre se podr\u00e1 participar\u00a0de la EXPO UNLu 2021 con modalidad virtual, con charlas &#8230; <a title=\"Expo UNLu 2021: Qu\u00e9 estudiar en la Universidad\" class=\"read-more\" href=\"https:\/\/www.hoymercedes.com.ar\/principal\/2021\/09\/26\/expo-unlu-2021-que-estudiar-en-la-universidad\/\" aria-label=\"Leer m\u00e1s sobre Expo UNLu 2021: Qu\u00e9 estudiar en la Universidad\">Leer m\u00e1s<\/a><\/p>\n","protected":false},"author":1,"featured_media":137882,"comment_status":"closed","ping_status":"open","sticky":false,"template":"","format":"standard","meta":{"_monsterinsights_skip_tracking":false,"_monsterinsights_sitenote_active":false,"_monsterinsights_sitenote_note":"","_monsterinsights_sitenote_category":0,"jetpack_post_was_ever_published":false,"_jetpack_newsletter_access":"","_jetpack_dont_email_post_to_subs":false,"_jetpack_newsletter_tier_id":0,"_jetpack_memberships_contains_paywalled_content":false,"_jetpack_memberships_contains_paid_content":false,"footnotes":"","jetpack_publicize_message":"","jetpack_publicize_feature_enabled":true,"jetpack_social_post_already_shared":true,"jetpack_social_options":{"image_generator_settings":{"template":"highway","default_image_id":0,"font":"","enabled":false},"version":2},"_wpas_customize_per_network":false},"categories":[23,201],"tags":[47,10593],"class_list":["post-137877","post","type-post","status-publish","format-standard","has-post-thumbnail","hentry","category-educacion","category-lujan-2","tag-educacion-2","tag-estudios-superiores","generate-columns","tablet-grid-50","mobile-grid-100","grid-parent","grid-50"],"jetpack_publicize_connections":[],"jetpack_featured_media_url":"https:\/\/www.hoymercedes.com.ar\/principal\/wp-content\/uploads\/2021\/09\/expo-unlu-1-corto.jpg","wps_subtitle":"","jetpack_sharing_enabled":true,"_links":{"self":[{"href":"https:\/\/www.hoymercedes.com.ar\/principal\/wp-json\/wp\/v2\/posts\/137877","targetHints":{"allow":["GET"]}}],"collection":[{"href":"https:\/\/www.hoymercedes.com.ar\/principal\/wp-json\/wp\/v2\/posts"}],"about":[{"href":"https:\/\/www.hoymercedes.com.ar\/principal\/wp-json\/wp\/v2\/types\/post"}],"author":[{"embeddable":true,"href":"https:\/\/www.hoymercedes.com.ar\/principal\/wp-json\/wp\/v2\/users\/1"}],"replies":[{"embeddable":true,"href":"https:\/\/www.hoymercedes.com.ar\/principal\/wp-json\/wp\/v2\/comments?post=137877"}],"version-history":[{"count":0,"href":"https:\/\/www.hoymercedes.com.ar\/principal\/wp-json\/wp\/v2\/posts\/137877\/revisions"}],"wp:featuredmedia":[{"embeddable":true,"href":"https:\/\/www.hoymercedes.com.ar\/principal\/wp-json\/wp\/v2\/media\/137882"}],"wp:attachment":[{"href":"https:\/\/www.hoymercedes.com.ar\/principal\/wp-json\/wp\/v2\/media?parent=137877"}],"wp:term":[{"taxonomy":"category","embeddable":true,"href":"https:\/\/www.hoymercedes.com.ar\/principal\/wp-json\/wp\/v2\/categories?post=137877"},{"taxonomy":"post_tag","embeddable":true,"href":"https:\/\/www.hoymercedes.com.ar\/principal\/wp-json\/wp\/v2\/tags?post=137877"}],"curies":[{"name":"wp","href":"https:\/\/api.w.org\/{rel}","templated":true}]}}