{"id":138032,"date":"2021-09-29T18:12:00","date_gmt":"2021-09-29T21:12:00","guid":{"rendered":"https:\/\/www.hoymercedes.com.ar\/principal\/?p=138032"},"modified":"2021-09-29T17:56:28","modified_gmt":"2021-09-29T20:56:28","slug":"tutorias-presenciales-para-hacer-y-pensar-artes-visuales","status":"publish","type":"post","link":"https:\/\/www.hoymercedes.com.ar\/principal\/2021\/09\/29\/tutorias-presenciales-para-hacer-y-pensar-artes-visuales\/","title":{"rendered":"Tutor\u00edas presenciales para hacer y pensar artes visuales"},"content":{"rendered":"\n<p>En el Estudio de Arte Cueto, se llevar\u00e1 adelante a partir del mes de octubre una propuesta pedag\u00f3gica diferente, pensada para quienes hacen artes visuales y necesitan un acompa\u00f1amiento personal, sumado a una experiencia y puesta en com\u00fan grupal. Se trata de tutor\u00edas individuales con encuentros grupales, presenciales, que buscan trabajar y repensar las disciplinas art\u00edsticas relacionadas con lo visual. La tutor\u00eda estar\u00e1n a cargo de Paula Figoli. <\/p>\n\n\n\n<p>La propuesta a iniciarse el pr\u00f3ximo mes contar\u00e1 con dos encuentros grupales y presenciales, el segundo y \u00faltimo mi\u00e9rcoles de cada mes, a la hora 18, y tutor\u00edas individuales en d\u00eda, hora y modalidad presencial o virtual a convenir entre Paula Figoli y el interesado. <\/p>\n\n\n\n<p>Paula Figoli es Profesora de Artes Visuales egresada de la Escuela de Arte de Luj\u00e1n y el Instituto Universitario Nacional del Arte (IUNA),\u00a0<\/p>\n\n\n\n<p>Los cupos son limitados, por lo tanto, es necesario comunicarse  por whatsapp al 11 6420 9895 por correo electr\u00f3nico a paulafigoli@yahoo.com o por mensaje a trav\u00e9s de Instagram: @laformadeloincierto. Tambi\u00e9n pueden hacerlo comunic\u00e1ndose con Marcela Cueto,  coordinadora de Estudio de arte Cueto, Taller yGaler\u00eda de arte, a trav\u00e9s del whatsapp 2324 49 9428, por correo electr\u00f3nico marcela.ines.cueto@gmail.com o su Instagram: @estudiodeartecueto<\/p>\n\n\n\n<div class=\"wp-block-image\"><figure class=\"aligncenter size-large is-resized\"><img loading=\"lazy\" decoding=\"async\" data-attachment-id=\"138063\" data-permalink=\"https:\/\/www.hoymercedes.com.ar\/principal\/2021\/09\/29\/tutorias-presenciales-para-hacer-y-pensar-artes-visuales\/taller-paula-en-cueto\/#main\" data-orig-file=\"https:\/\/www.hoymercedes.com.ar\/principal\/wp-content\/uploads\/2021\/09\/taller-paula-en-cueto.jpg\" data-orig-size=\"1080,1080\" data-comments-opened=\"0\" data-image-meta=\"{&quot;aperture&quot;:&quot;0&quot;,&quot;credit&quot;:&quot;&quot;,&quot;camera&quot;:&quot;&quot;,&quot;caption&quot;:&quot;&quot;,&quot;created_timestamp&quot;:&quot;0&quot;,&quot;copyright&quot;:&quot;&quot;,&quot;focal_length&quot;:&quot;0&quot;,&quot;iso&quot;:&quot;0&quot;,&quot;shutter_speed&quot;:&quot;0&quot;,&quot;title&quot;:&quot;&quot;,&quot;orientation&quot;:&quot;0&quot;}\" data-image-title=\"taller paula en cueto\" data-image-description=\"\" data-image-caption=\"\" data-large-file=\"https:\/\/www.hoymercedes.com.ar\/principal\/wp-content\/uploads\/2021\/09\/taller-paula-en-cueto-1024x1024.jpg\" src=\"https:\/\/www.hoymercedes.com.ar\/principal\/wp-content\/uploads\/2021\/09\/taller-paula-en-cueto-1024x1024.jpg\" alt=\"\" class=\"wp-image-138063\" width=\"564\" height=\"564\" srcset=\"https:\/\/www.hoymercedes.com.ar\/principal\/wp-content\/uploads\/2021\/09\/taller-paula-en-cueto-1024x1024.jpg 1024w, https:\/\/www.hoymercedes.com.ar\/principal\/wp-content\/uploads\/2021\/09\/taller-paula-en-cueto-620x620.jpg 620w, https:\/\/www.hoymercedes.com.ar\/principal\/wp-content\/uploads\/2021\/09\/taller-paula-en-cueto-150x150.jpg 150w, https:\/\/www.hoymercedes.com.ar\/principal\/wp-content\/uploads\/2021\/09\/taller-paula-en-cueto.jpg 1080w\" sizes=\"auto, (max-width: 564px) 100vw, 564px\" \/><\/figure><\/div>\n","protected":false},"excerpt":{"rendered":"<p>En el Estudio de Arte Cueto, se llevar\u00e1 adelante a partir del mes de octubre una propuesta pedag\u00f3gica diferente, pensada &#8230; <a title=\"Tutor\u00edas presenciales para hacer y pensar artes visuales\" class=\"read-more\" href=\"https:\/\/www.hoymercedes.com.ar\/principal\/2021\/09\/29\/tutorias-presenciales-para-hacer-y-pensar-artes-visuales\/\" aria-label=\"Leer m\u00e1s sobre Tutor\u00edas presenciales para hacer y pensar artes visuales\">Leer m\u00e1s<\/a><\/p>\n","protected":false},"author":1,"featured_media":138063,"comment_status":"closed","ping_status":"open","sticky":false,"template":"","format":"standard","meta":{"_monsterinsights_skip_tracking":false,"_monsterinsights_sitenote_active":false,"_monsterinsights_sitenote_note":"","_monsterinsights_sitenote_category":0,"jetpack_post_was_ever_published":false,"_jetpack_newsletter_access":"","_jetpack_dont_email_post_to_subs":false,"_jetpack_newsletter_tier_id":0,"_jetpack_memberships_contains_paywalled_content":false,"_jetpack_memberships_contains_paid_content":false,"footnotes":"","jetpack_publicize_message":"","jetpack_publicize_feature_enabled":true,"jetpack_social_post_already_shared":true,"jetpack_social_options":{"image_generator_settings":{"template":"highway","default_image_id":0,"font":"","enabled":false},"version":2},"_wpas_customize_per_network":false},"categories":[104],"tags":[12151,7805,5434,10030,18060],"class_list":["post-138032","post","type-post","status-publish","format-standard","has-post-thumbnail","hentry","category-cultura","tag-artes-visuales","tag-cultura","tag-marcela-cueto","tag-talleres","tag-tutorias","generate-columns","tablet-grid-50","mobile-grid-100","grid-parent","grid-50"],"jetpack_publicize_connections":[],"jetpack_featured_media_url":"https:\/\/www.hoymercedes.com.ar\/principal\/wp-content\/uploads\/2021\/09\/taller-paula-en-cueto.jpg","wps_subtitle":"Presencial en el Taller de Marcela Cueto","jetpack_sharing_enabled":true,"_links":{"self":[{"href":"https:\/\/www.hoymercedes.com.ar\/principal\/wp-json\/wp\/v2\/posts\/138032","targetHints":{"allow":["GET"]}}],"collection":[{"href":"https:\/\/www.hoymercedes.com.ar\/principal\/wp-json\/wp\/v2\/posts"}],"about":[{"href":"https:\/\/www.hoymercedes.com.ar\/principal\/wp-json\/wp\/v2\/types\/post"}],"author":[{"embeddable":true,"href":"https:\/\/www.hoymercedes.com.ar\/principal\/wp-json\/wp\/v2\/users\/1"}],"replies":[{"embeddable":true,"href":"https:\/\/www.hoymercedes.com.ar\/principal\/wp-json\/wp\/v2\/comments?post=138032"}],"version-history":[{"count":0,"href":"https:\/\/www.hoymercedes.com.ar\/principal\/wp-json\/wp\/v2\/posts\/138032\/revisions"}],"wp:featuredmedia":[{"embeddable":true,"href":"https:\/\/www.hoymercedes.com.ar\/principal\/wp-json\/wp\/v2\/media\/138063"}],"wp:attachment":[{"href":"https:\/\/www.hoymercedes.com.ar\/principal\/wp-json\/wp\/v2\/media?parent=138032"}],"wp:term":[{"taxonomy":"category","embeddable":true,"href":"https:\/\/www.hoymercedes.com.ar\/principal\/wp-json\/wp\/v2\/categories?post=138032"},{"taxonomy":"post_tag","embeddable":true,"href":"https:\/\/www.hoymercedes.com.ar\/principal\/wp-json\/wp\/v2\/tags?post=138032"}],"curies":[{"name":"wp","href":"https:\/\/api.w.org\/{rel}","templated":true}]}}