{"id":138065,"date":"2021-09-29T19:00:00","date_gmt":"2021-09-29T22:00:00","guid":{"rendered":"https:\/\/www.hoymercedes.com.ar\/principal\/?p=138065"},"modified":"2021-09-29T17:56:10","modified_gmt":"2021-09-29T20:56:10","slug":"carlos-selva-fue-parte-de-jornada-de-la-unesco","status":"publish","type":"post","link":"https:\/\/www.hoymercedes.com.ar\/principal\/2021\/09\/29\/carlos-selva-fue-parte-de-jornada-de-la-unesco\/","title":{"rendered":"Carlos Selva fue parte de Jornada de la UNESCO"},"content":{"rendered":"\n<p>En el marco de la celebraci\u00f3n por el D\u00eda Internacional del Acceso Universal a la Informaci\u00f3n, el diputado nacional Carlos Selva, presidente de la Biblioteca del Congreso de la Naci\u00f3n, particip\u00f3 de la jornada que organiz\u00f3 la UNESCO junto a la BCN como sede de la Oficina Regional para Am\u00e9rica Latina y el Caribe de la IFLA.<\/p>\n\n\n\n<div class=\"wp-block-image\"><figure class=\"aligncenter size-full\"><img loading=\"lazy\" decoding=\"async\" width=\"670\" height=\"350\" data-attachment-id=\"138066\" data-permalink=\"https:\/\/www.hoymercedes.com.ar\/principal\/2021\/09\/29\/carlos-selva-fue-parte-de-jornada-de-la-unesco\/29-carlos-selva-21\/#main\" data-orig-file=\"https:\/\/www.hoymercedes.com.ar\/principal\/wp-content\/uploads\/2021\/09\/29-carlos-selva-21.jpg\" data-orig-size=\"670,350\" data-comments-opened=\"0\" data-image-meta=\"{&quot;aperture&quot;:&quot;0&quot;,&quot;credit&quot;:&quot;&quot;,&quot;camera&quot;:&quot;&quot;,&quot;caption&quot;:&quot;&quot;,&quot;created_timestamp&quot;:&quot;0&quot;,&quot;copyright&quot;:&quot;&quot;,&quot;focal_length&quot;:&quot;0&quot;,&quot;iso&quot;:&quot;0&quot;,&quot;shutter_speed&quot;:&quot;0&quot;,&quot;title&quot;:&quot;&quot;,&quot;orientation&quot;:&quot;0&quot;}\" data-image-title=\"29 carlos selva 21\" data-image-description=\"\" data-image-caption=\"\" data-large-file=\"https:\/\/www.hoymercedes.com.ar\/principal\/wp-content\/uploads\/2021\/09\/29-carlos-selva-21.jpg\" src=\"https:\/\/www.hoymercedes.com.ar\/principal\/wp-content\/uploads\/2021\/09\/29-carlos-selva-21.jpg\" alt=\"\" class=\"wp-image-138066\" srcset=\"https:\/\/www.hoymercedes.com.ar\/principal\/wp-content\/uploads\/2021\/09\/29-carlos-selva-21.jpg 670w, https:\/\/www.hoymercedes.com.ar\/principal\/wp-content\/uploads\/2021\/09\/29-carlos-selva-21-630x329.jpg 630w, https:\/\/www.hoymercedes.com.ar\/principal\/wp-content\/uploads\/2021\/09\/29-carlos-selva-21-150x78.jpg 150w\" sizes=\"auto, (max-width: 670px) 100vw, 670px\" \/><\/figure><\/div>\n\n\n\n<p>Particularmente habl\u00f3 sobre la importancia del \u201cTratado de Escaz\u00fa\u201d, ratificado por la Argentina en el a\u00f1o 2018 y que entr\u00f3 en vigencia en abril de este a\u00f1o.<\/p>\n\n\n\n<p>\u201cEl Tratado de Escaz\u00fa es un paso muy importante para garantizar a todos los y las argentinas un acceso a la informaci\u00f3n en materia ambiental y para generar herramientas en virtud de un ambiente sano, equilibrado y apto para el desarrollo humano en consonancia con el desarrollo productivo en pos de satisfacer necesidades presentes sin comprometer a las generaciones futuras\u201d, dijo Selva.<\/p>\n\n\n\n<p>\u201cEn ese marco recalqu\u00e9 el rol de los municipios como un eslab\u00f3n fundamental en el cuidado y en la generaci\u00f3n de pol\u00edticas p\u00fablicas en torno al cuidado del ambiente\u201d, afirm\u00f3 sobre su intervenci\u00f3n.<\/p>\n\n\n\n<p>El 17 de noviembre de 2015, la Organizaci\u00f3n de las Naciones Unidas para la Educaci\u00f3n, la Ciencia y la Cultura (UNESCO) declar\u00f3 el 28 de septiembre como D\u00eda Internacional del Acceso Universal a la Informaci\u00f3n. Teniendo en cuenta que varias organizaciones de la sociedad civil y organismos gubernamentales en el mundo han adoptado y celebran actualmente este D\u00eda Internacional, la Asamblea General de la ONU tambi\u00e9n adopt\u00f3 el 28 de septiembre de 2019 como D\u00eda Internacional para el Acceso Universal a la Informaci\u00f3n.<\/p>\n\n\n\n<p>La UNESCO y sus programas intergubernamentales -el Programa Internacional para el Desarrollo de la Comunicaci\u00f3n y el Programa Informaci\u00f3n para Todos- proporcionan una plataforma y un marco para que todos los interesados participen en los debates internacionales sobre pol\u00edticas y directrices en materia de acceso a la informaci\u00f3n. Ambos programas tambi\u00e9n permiten que prospere un entorno positivo para el acceso a la informaci\u00f3n mediante la elaboraci\u00f3n de proyectos destinados a fortalecer la ciencia abierta, el multiling\u00fcismo, las TIC para discapacitados y marginados, y la formaci\u00f3n b\u00e1sica en materia de alfabetizaci\u00f3n medi\u00e1tica e informacional.<\/p>\n\n\n\n<p>Fuente: Prensa Carlos Selva<\/p>\n\n\n\n<div class=\"wp-block-image\"><figure class=\"aligncenter size-full\"><img loading=\"lazy\" decoding=\"async\" width=\"674\" height=\"354\" data-attachment-id=\"138067\" data-permalink=\"https:\/\/www.hoymercedes.com.ar\/principal\/2021\/09\/29\/carlos-selva-fue-parte-de-jornada-de-la-unesco\/29-carlos-selva-1\/#main\" data-orig-file=\"https:\/\/www.hoymercedes.com.ar\/principal\/wp-content\/uploads\/2021\/09\/29-carlos-selva-1.jpg\" data-orig-size=\"674,354\" data-comments-opened=\"0\" data-image-meta=\"{&quot;aperture&quot;:&quot;0&quot;,&quot;credit&quot;:&quot;&quot;,&quot;camera&quot;:&quot;&quot;,&quot;caption&quot;:&quot;&quot;,&quot;created_timestamp&quot;:&quot;0&quot;,&quot;copyright&quot;:&quot;&quot;,&quot;focal_length&quot;:&quot;0&quot;,&quot;iso&quot;:&quot;0&quot;,&quot;shutter_speed&quot;:&quot;0&quot;,&quot;title&quot;:&quot;&quot;,&quot;orientation&quot;:&quot;0&quot;}\" data-image-title=\"29 carlos selva 1\" data-image-description=\"\" data-image-caption=\"\" data-large-file=\"https:\/\/www.hoymercedes.com.ar\/principal\/wp-content\/uploads\/2021\/09\/29-carlos-selva-1.jpg\" src=\"https:\/\/www.hoymercedes.com.ar\/principal\/wp-content\/uploads\/2021\/09\/29-carlos-selva-1.jpg\" alt=\"\" class=\"wp-image-138067\" srcset=\"https:\/\/www.hoymercedes.com.ar\/principal\/wp-content\/uploads\/2021\/09\/29-carlos-selva-1.jpg 674w, https:\/\/www.hoymercedes.com.ar\/principal\/wp-content\/uploads\/2021\/09\/29-carlos-selva-1-630x331.jpg 630w, https:\/\/www.hoymercedes.com.ar\/principal\/wp-content\/uploads\/2021\/09\/29-carlos-selva-1-150x79.jpg 150w\" sizes=\"auto, (max-width: 674px) 100vw, 674px\" \/><\/figure><\/div>\n","protected":false},"excerpt":{"rendered":"<p>En el marco de la celebraci\u00f3n por el D\u00eda Internacional del Acceso Universal a la Informaci\u00f3n, el diputado nacional Carlos &#8230; <a title=\"Carlos Selva fue parte de Jornada de la UNESCO\" class=\"read-more\" href=\"https:\/\/www.hoymercedes.com.ar\/principal\/2021\/09\/29\/carlos-selva-fue-parte-de-jornada-de-la-unesco\/\" aria-label=\"Leer m\u00e1s sobre Carlos Selva fue parte de Jornada de la UNESCO\">Leer m\u00e1s<\/a><\/p>\n","protected":false},"author":1,"featured_media":138067,"comment_status":"closed","ping_status":"open","sticky":false,"template":"","format":"standard","meta":{"_monsterinsights_skip_tracking":false,"_monsterinsights_sitenote_active":false,"_monsterinsights_sitenote_note":"","_monsterinsights_sitenote_category":0,"jetpack_post_was_ever_published":false,"_jetpack_newsletter_access":"","_jetpack_dont_email_post_to_subs":false,"_jetpack_newsletter_tier_id":0,"_jetpack_memberships_contains_paywalled_content":false,"_jetpack_memberships_contains_paid_content":false,"footnotes":"","jetpack_publicize_message":"","jetpack_publicize_feature_enabled":true,"jetpack_social_post_already_shared":true,"jetpack_social_options":{"image_generator_settings":{"template":"highway","default_image_id":0,"font":"","enabled":false},"version":2},"_wpas_customize_per_network":false},"categories":[5210],"tags":[11227,39,5319],"class_list":["post-138065","post","type-post","status-publish","format-standard","has-post-thumbnail","hentry","category-politica-nacional","tag-biblioteca-del-congreso","tag-carlos-selva","tag-politica-2","generate-columns","tablet-grid-50","mobile-grid-100","grid-parent","grid-50"],"jetpack_publicize_connections":[],"jetpack_featured_media_url":"https:\/\/www.hoymercedes.com.ar\/principal\/wp-content\/uploads\/2021\/09\/29-carlos-selva-1.jpg","wps_subtitle":"Por su cargo en la Biblioteca del Congreso","jetpack_sharing_enabled":true,"_links":{"self":[{"href":"https:\/\/www.hoymercedes.com.ar\/principal\/wp-json\/wp\/v2\/posts\/138065","targetHints":{"allow":["GET"]}}],"collection":[{"href":"https:\/\/www.hoymercedes.com.ar\/principal\/wp-json\/wp\/v2\/posts"}],"about":[{"href":"https:\/\/www.hoymercedes.com.ar\/principal\/wp-json\/wp\/v2\/types\/post"}],"author":[{"embeddable":true,"href":"https:\/\/www.hoymercedes.com.ar\/principal\/wp-json\/wp\/v2\/users\/1"}],"replies":[{"embeddable":true,"href":"https:\/\/www.hoymercedes.com.ar\/principal\/wp-json\/wp\/v2\/comments?post=138065"}],"version-history":[{"count":0,"href":"https:\/\/www.hoymercedes.com.ar\/principal\/wp-json\/wp\/v2\/posts\/138065\/revisions"}],"wp:featuredmedia":[{"embeddable":true,"href":"https:\/\/www.hoymercedes.com.ar\/principal\/wp-json\/wp\/v2\/media\/138067"}],"wp:attachment":[{"href":"https:\/\/www.hoymercedes.com.ar\/principal\/wp-json\/wp\/v2\/media?parent=138065"}],"wp:term":[{"taxonomy":"category","embeddable":true,"href":"https:\/\/www.hoymercedes.com.ar\/principal\/wp-json\/wp\/v2\/categories?post=138065"},{"taxonomy":"post_tag","embeddable":true,"href":"https:\/\/www.hoymercedes.com.ar\/principal\/wp-json\/wp\/v2\/tags?post=138065"}],"curies":[{"name":"wp","href":"https:\/\/api.w.org\/{rel}","templated":true}]}}