{"id":138246,"date":"2021-10-04T13:00:00","date_gmt":"2021-10-04T16:00:00","guid":{"rendered":"https:\/\/www.hoymercedes.com.ar\/principal\/?p=138246"},"modified":"2021-10-04T18:58:24","modified_gmt":"2021-10-04T21:58:24","slug":"mision-paz-contra-el-grooming-y-violencia-en-redes","status":"publish","type":"post","link":"https:\/\/www.hoymercedes.com.ar\/principal\/2021\/10\/04\/mision-paz-contra-el-grooming-y-violencia-en-redes\/","title":{"rendered":"Facebook elige Mercedes como primera ciudad del pa\u00eds para el programa \u00abMisi\u00f3n Paz Escolar\u00bb"},"content":{"rendered":"\n<p><strong><em>Facebook Internacional eligi\u00f3 a Mercedes como primera ciudad del pa\u00eds para un programa contra el grooming y la violencia en redes sociales. El proyecto incluye 10 escuelas en esta etapa orientado a estudiantes de 13 a 18 a\u00f1os.<\/em><\/strong><\/p>\n\n\n\n<div class=\"wp-block-image\"><figure class=\"aligncenter size-full\"><img loading=\"lazy\" decoding=\"async\" width=\"768\" height=\"508\" data-attachment-id=\"138247\" data-permalink=\"https:\/\/www.hoymercedes.com.ar\/principal\/2021\/10\/04\/mision-paz-contra-el-grooming-y-violencia-en-redes\/facebook-grooming\/#main\" data-orig-file=\"https:\/\/www.hoymercedes.com.ar\/principal\/wp-content\/uploads\/2021\/10\/facebook-grooming.jpeg\" data-orig-size=\"768,508\" data-comments-opened=\"0\" data-image-meta=\"{&quot;aperture&quot;:&quot;0&quot;,&quot;credit&quot;:&quot;&quot;,&quot;camera&quot;:&quot;&quot;,&quot;caption&quot;:&quot;&quot;,&quot;created_timestamp&quot;:&quot;0&quot;,&quot;copyright&quot;:&quot;&quot;,&quot;focal_length&quot;:&quot;0&quot;,&quot;iso&quot;:&quot;0&quot;,&quot;shutter_speed&quot;:&quot;0&quot;,&quot;title&quot;:&quot;&quot;,&quot;orientation&quot;:&quot;0&quot;}\" data-image-title=\"facebook grooming\" data-image-description=\"\" data-image-caption=\"\" data-large-file=\"https:\/\/www.hoymercedes.com.ar\/principal\/wp-content\/uploads\/2021\/10\/facebook-grooming.jpeg\" src=\"https:\/\/www.hoymercedes.com.ar\/principal\/wp-content\/uploads\/2021\/10\/facebook-grooming.jpeg\" alt=\"\" class=\"wp-image-138247\" srcset=\"https:\/\/www.hoymercedes.com.ar\/principal\/wp-content\/uploads\/2021\/10\/facebook-grooming.jpeg 768w, https:\/\/www.hoymercedes.com.ar\/principal\/wp-content\/uploads\/2021\/10\/facebook-grooming-630x417.jpeg 630w, https:\/\/www.hoymercedes.com.ar\/principal\/wp-content\/uploads\/2021\/10\/facebook-grooming-150x99.jpeg 150w\" sizes=\"auto, (max-width: 768px) 100vw, 768px\" \/><\/figure><\/div>\n\n\n\n<p>Facebook internacional eligi\u00f3 Mercedes como primera ciudad del pa\u00eds para desarrollar un programa de educaci\u00f3n contra el grooming y la violencia en las redes. Especificaron que lo hacen tras ver el s\u00f3lido trabajo en Mercedes Aprende Unida, Mil D\u00edas, la mirada de Ciudad Educadora y los reconocimientos obtenidos. El proyecto incluye 10 escuelas en esta etapa y es una gran intervenci\u00f3n entre el sector p\u00fablico y privado en post de la educaci\u00f3n. Tambi\u00e9n participa MINU, una asociaci\u00f3n civil vinculada a la tem\u00e1tica.<\/p>\n\n\n\n<p>Mar\u00eda Julia D\u00edaz Ardaya, L\u00edder de Pol\u00edticas P\u00fablicas para Sudam\u00e9rica de Facebook, remarc\u00f3 que \u00abMuchas gracias al intendente Juan Ignacio Ustarroz, al presidente del consejo al consejo escolar y su presidente, al inspector educativo, a las y los funcionarios de Mercedes presentes para luego contar que \u00abpara nosotros es un honor hacer este primer lanzamiento del programa en Mercedes y lo elegimos porque nos hicimos eco del compromiso de la ciudad con la educaci\u00f3n y la ni\u00f1ez, que est\u00e1n representados en programas como \u00abMercedes Aprende Unida\u00bb, el reconocimiento que Unicef le dio como ciudad amiga de las primeras infancias (por MIl D\u00edas) y por supuesto el deseo de convertirse en Ciudad Educadora&nbsp; y esos son indicadores de porqu\u00e9 nos acercamos a Mercedes y porqu\u00e9 implementar ac\u00e1 este piloto de Misi\u00f3n Paz Escolar\u00bb y dijo \u00abestamos muy ilusionados en crear este espacio\u00bb<\/p>\n\n\n\n<p>La representante de Facebook tambi\u00e9n cont\u00f3 que \u00abMisi\u00f3n Paz viene a complementar los esfuerzos y buscar invertir directamente en lo que es la formaci\u00f3n de las y los j\u00f3venes argentinos. Misi\u00f3n Paz Escolar es parte del compromiso a largo plazo en Argentina para poder formar a una generaci\u00f3n de ciudadanos y ciudadanas digitales. Y queremos que ellos tengan las competencias necesarias para desenvolverse\u00bb.<\/p>\n\n\n\n<p>El intendente Dr. Juan I. Ustarroz destac\u00f3 que \u00abceleberamos y agradecemos esta decisi\u00f3n de lanzar este programa MIsi\u00f3n Paz Escolar en Mercedes\u00bb y que \u00abgracias a las y los presentes representativos del sistema educativo local con quienes venimos trabajando en una pol\u00edtica p\u00fablica educativa con el rol del municipio activo, con un cambio de paradigma donde pasamos de solo el alumbrado, barrio y limpieza, para generar estas pol\u00edticas p\u00fablicas en defensa de la educaci\u00f3n, de un sistema de defensa y protecci\u00f3n de la ni\u00f1ez y como bien marcaban all\u00e1 por el 2016 empezamos a participar de la idea de ciduad educadora, luego impulsamos el programa primeros mil d\u00edas que nos vali\u00f3 el reconocimiento de Unicef y hoy estamos encarando un nuevo proyecto que es \u00abMercedes Aprende Unida\u00bb mencion\u00f3.<\/p>\n\n\n\n<p>Y remarc\u00f3 que \u00abArticular con el sector privado para nosotros es un avance enorme, creemos en la sinergia entre lo p\u00fablico y lo privado, tener objetivos y alcanzarlos a trav\u00e9s de la acci\u00f3n, del trabajo en conjunto, de ser receptivos de las distintas iniciativas\u201d.<\/p>\n\n\n\n<p>Destac\u00f3 que \u00abes muy importante para nosotros como ciudad y que en Argentina estemos empezando con este proyecto y decirles que somos una ciudad muy abierta con ganas de trabajar fuertemente la educaci\u00f3n\u00bb y \u00abser receptores de este programa e iniciativa es muy importante, est\u00e1 todo el acompa\u00f1amiento de la comunidad, as\u00ed que gracias por generar una agenda que atienda las problem\u00e1ticas de las y los j\u00f3venes, interpretarlos, contemplar las nuevas tecnolog\u00edas y para ello el sector p\u00fablico y el sector privado tenemos que necesariamente unirnos y fortalecer y desarrollar pol\u00edticas p\u00fablicas que tengan como horizonte la educaci\u00f3n y la protecci\u00f3n de los derechos de las y los ni\u00f1os, adolescente, generando los cimientos para construir una sociedad m\u00e1s justa, igualitaria y oportunidades. Bienvenidos y bienvenidas a la ciudad de Mercedes. Estamos muy orgullosos\u00bb<\/p>\n\n\n\n<p>Arantxa Guill\u00e9n, Gerenta de Programas de Pol\u00edticas P\u00fablicas de Facebook, narr\u00f3 que \u00abestoy muy contenta de estar hoy con ustedes. Este programa es el primero que Facebook lanza a nivel global, previniendo el grooming usando la realidad virtual, con un juego de roles, a trav\u00e9s de un modelo de testigos como factores claves para la prevenci\u00f3n\u00bb dijo entre otras cuestiones y remarc\u00f3 que \u00abest\u00e1 orientados a las y los estudiantes de 13 a 18 a\u00f1os\u201d.<\/p>\n\n\n\n<p>Por su parte, Daniele Kleiner Fontes, Gerenta de Seguridad y Bienestar para Sudam\u00e9rica de Facebook, mencion\u00f3 que \u00abnosotros invertimos en educaci\u00f3n para formar\u00bb y \u00abcrear redes m\u00e1s seguras\u00bb tambi\u00e9n que \u00aben Facebook garantizar la seguridad de los estudiantes es realmente prioritario y mucho m\u00e1s para los m\u00e1s j\u00f3venes. Tenemos equipos especializados para que nuestras plataformas sean experiencias positivas para los j\u00f3venes\u00bb cont\u00f3 que \u00abmi trabajo y mi equipo estamos enfocados en la seguridad para los j\u00f3venes\u00bb<\/p>\n\n\n\n<p>Martin Galaternik, de MINU, Asociaci\u00f3n Civil, tambi\u00e9n vinculo local de Facebook coment\u00f3 que \u00abestamos muy contentos y agradecidos a quienes nos recibieron e impulsaron para activar esta iniciativa\u00bb dijo y coment\u00f3 que \u00abtrabajamos en alianzas entre lo p\u00fablico y privado y actores de la sociedad civil y nos parece que es de las mejoras, para trabajar juntos\u00bb dijo y que se inicia en Mercedes para luego ir a otros \u00ablugares y m\u00e1s j\u00f3venes\u00bb.<\/p>\n\n\n\n<p>Estuvieron presentes tambi\u00e9n el inspector educativo Cristian Ponce, el presidente del consejo Jos\u00e9 Lu\u00eds Pisano, el consejo Ricardo Palacios, directivos de escuelas p\u00fablicas y privadas, la coordinadora del ProEBa Florencia Comalini, de Educaci\u00f3n, Pamela Herrera, el presidente del Concejo Mat\u00edas Dematei, funcionarios y funcionarias de distintas \u00e1reas vinculadas.<\/p>\n\n\n\n<p>Colaboraci\u00f3n: Mariano Oyarz\u00fa<\/p>\n","protected":false},"excerpt":{"rendered":"<p>Facebook Internacional eligi\u00f3 a Mercedes como primera ciudad del pa\u00eds para un programa contra el grooming y la violencia en &#8230; <a title=\"Facebook elige Mercedes como primera ciudad del pa\u00eds para el programa \u00abMisi\u00f3n Paz Escolar\u00bb\" class=\"read-more\" href=\"https:\/\/www.hoymercedes.com.ar\/principal\/2021\/10\/04\/mision-paz-contra-el-grooming-y-violencia-en-redes\/\" aria-label=\"Leer m\u00e1s sobre Facebook elige Mercedes como primera ciudad del pa\u00eds para el programa \u00abMisi\u00f3n Paz Escolar\u00bb\">Leer m\u00e1s<\/a><\/p>\n","protected":false},"author":1,"featured_media":138247,"comment_status":"closed","ping_status":"open","sticky":false,"template":"","format":"standard","meta":{"_monsterinsights_skip_tracking":false,"_monsterinsights_sitenote_active":false,"_monsterinsights_sitenote_note":"","_monsterinsights_sitenote_category":0,"jetpack_post_was_ever_published":false,"_jetpack_newsletter_access":"","_jetpack_dont_email_post_to_subs":false,"_jetpack_newsletter_tier_id":0,"_jetpack_memberships_contains_paywalled_content":false,"_jetpack_memberships_contains_paid_content":false,"footnotes":"","jetpack_publicize_message":"","jetpack_publicize_feature_enabled":true,"jetpack_social_post_already_shared":true,"jetpack_social_options":{"image_generator_settings":{"template":"highway","default_image_id":0,"font":"","enabled":false},"version":2},"_wpas_customize_per_network":false},"categories":[30],"tags":[244],"class_list":["post-138246","post","type-post","status-publish","format-standard","has-post-thumbnail","hentry","category-municipio","tag-municipio-2","generate-columns","tablet-grid-50","mobile-grid-100","grid-parent","grid-50"],"jetpack_publicize_connections":[],"jetpack_featured_media_url":"https:\/\/www.hoymercedes.com.ar\/principal\/wp-content\/uploads\/2021\/10\/facebook-grooming.jpeg","wps_subtitle":"","jetpack_sharing_enabled":true,"_links":{"self":[{"href":"https:\/\/www.hoymercedes.com.ar\/principal\/wp-json\/wp\/v2\/posts\/138246","targetHints":{"allow":["GET"]}}],"collection":[{"href":"https:\/\/www.hoymercedes.com.ar\/principal\/wp-json\/wp\/v2\/posts"}],"about":[{"href":"https:\/\/www.hoymercedes.com.ar\/principal\/wp-json\/wp\/v2\/types\/post"}],"author":[{"embeddable":true,"href":"https:\/\/www.hoymercedes.com.ar\/principal\/wp-json\/wp\/v2\/users\/1"}],"replies":[{"embeddable":true,"href":"https:\/\/www.hoymercedes.com.ar\/principal\/wp-json\/wp\/v2\/comments?post=138246"}],"version-history":[{"count":0,"href":"https:\/\/www.hoymercedes.com.ar\/principal\/wp-json\/wp\/v2\/posts\/138246\/revisions"}],"wp:featuredmedia":[{"embeddable":true,"href":"https:\/\/www.hoymercedes.com.ar\/principal\/wp-json\/wp\/v2\/media\/138247"}],"wp:attachment":[{"href":"https:\/\/www.hoymercedes.com.ar\/principal\/wp-json\/wp\/v2\/media?parent=138246"}],"wp:term":[{"taxonomy":"category","embeddable":true,"href":"https:\/\/www.hoymercedes.com.ar\/principal\/wp-json\/wp\/v2\/categories?post=138246"},{"taxonomy":"post_tag","embeddable":true,"href":"https:\/\/www.hoymercedes.com.ar\/principal\/wp-json\/wp\/v2\/tags?post=138246"}],"curies":[{"name":"wp","href":"https:\/\/api.w.org\/{rel}","templated":true}]}}