{"id":138390,"date":"2021-10-08T12:39:00","date_gmt":"2021-10-08T15:39:00","guid":{"rendered":"https:\/\/www.hoymercedes.com.ar\/principal\/?p=138390"},"modified":"2021-10-08T11:01:36","modified_gmt":"2021-10-08T14:01:36","slug":"anuncian-obra-de-bombeo-cloacal","status":"publish","type":"post","link":"https:\/\/www.hoymercedes.com.ar\/principal\/2021\/10\/08\/anuncian-obra-de-bombeo-cloacal\/","title":{"rendered":"Anuncian obra de bombeo cloacal"},"content":{"rendered":"\n<p>El Municipio de Mercedes anunci\u00f3 la apertura de sobres de la licitaci\u00f3n que permitir\u00e1 construir una estaci\u00f3n de bombeo que impactar\u00e1 en los barrios Lomas del Pac\u00edfico, Villa Industrial Este y Oeste.\u00a0Se trata de una inversi\u00f3n de 90 millones de pesos aproximadamente y el plazo de obra es de 180 d\u00edas. <\/p>\n\n\n\n<div class=\"wp-block-image\"><figure class=\"aligncenter size-full\"><img loading=\"lazy\" decoding=\"async\" width=\"821\" height=\"548\" data-attachment-id=\"138391\" data-permalink=\"https:\/\/www.hoymercedes.com.ar\/principal\/2021\/10\/08\/anuncian-obra-de-bombeo-cloacal\/familias-obras\/#main\" data-orig-file=\"https:\/\/www.hoymercedes.com.ar\/principal\/wp-content\/uploads\/2021\/10\/Familias-Obras.jpg\" data-orig-size=\"821,548\" data-comments-opened=\"0\" data-image-meta=\"{&quot;aperture&quot;:&quot;0&quot;,&quot;credit&quot;:&quot;&quot;,&quot;camera&quot;:&quot;&quot;,&quot;caption&quot;:&quot;&quot;,&quot;created_timestamp&quot;:&quot;1633689486&quot;,&quot;copyright&quot;:&quot;&quot;,&quot;focal_length&quot;:&quot;0&quot;,&quot;iso&quot;:&quot;0&quot;,&quot;shutter_speed&quot;:&quot;0&quot;,&quot;title&quot;:&quot;&quot;,&quot;orientation&quot;:&quot;1&quot;}\" data-image-title=\"Familias-Obras\" data-image-description=\"\" data-image-caption=\"\" data-large-file=\"https:\/\/www.hoymercedes.com.ar\/principal\/wp-content\/uploads\/2021\/10\/Familias-Obras.jpg\" src=\"https:\/\/www.hoymercedes.com.ar\/principal\/wp-content\/uploads\/2021\/10\/Familias-Obras.jpg\" alt=\"\" class=\"wp-image-138391\" srcset=\"https:\/\/www.hoymercedes.com.ar\/principal\/wp-content\/uploads\/2021\/10\/Familias-Obras.jpg 821w, https:\/\/www.hoymercedes.com.ar\/principal\/wp-content\/uploads\/2021\/10\/Familias-Obras-630x421.jpg 630w, https:\/\/www.hoymercedes.com.ar\/principal\/wp-content\/uploads\/2021\/10\/Familias-Obras-150x100.jpg 150w\" sizes=\"auto, (max-width: 821px) 100vw, 821px\" \/><\/figure><\/div>\n\n\n\n<p>De acuerdo a la informaci\u00f3n enviada por el Municipio, el intendente Juan Ignacio Ustarroz explic\u00f3 que es \u201cuna de las obras de infraestructura centrales para el crecimiento y desarrollo de la ciudad es ampliar el sistema de cloacas. Esta es una obra que desde hace much\u00edsimo tiempo estaba planificada, misma que ya se inici\u00f3 con todo lo que tiene que ver con los ca\u00f1os troncales y la red fina para los barrios Lomas del Pac\u00edfico, Villa Industrial Este y Oeste\u201d.\u00a0<\/p>\n\n\n\n<p>A lo que agreg\u00f3 que \u201cesta es la red cloacal sur etapa 3 que estaba aprobada hace ya 15 a\u00f1os, por lo que para nosotros dar inicio a esta obra y sumarle la bomba de impulsi\u00f3n, es realmente algo muy beneficioso para los vecinos de la zona y para la ciudad\u201d y agreg\u00f3 \u201cpor otro lado, tambi\u00e9n decir, que en simult\u00e1neo estamos trabajando en lo que es la ampliaci\u00f3n de la planta cloacal, hoy Mercedes est\u00e1 restringida por la capacidad que tiene por lo que tenemos que ampliarla\u201d.\u00a0<\/p>\n\n\n\n<p>\u201cPara eso estamos trabajando con el Gobierno Provincial, en particular con cr\u00e9ditos de la CAF (Confederaci\u00f3n Andina de Fomento) que a trav\u00e9s de lo que es el COMILU que realiza acciones tendientes a conservar el recurso h\u00eddrico y a gestionar el mismo de manera integrada y sostenible, espec\u00edficamente en la cuenca del R\u00edo Luj\u00e1n, va a financiar obras complementarias\u201d apunt\u00f3 el Dr. Ustarroz y a\u00f1adi\u00f3 \u201cdentro de estas obras est\u00e1 la ampliaci\u00f3n de la planta depuradora que tiene un presupuesto estimado \u2013pr\u00e1cticamente-&nbsp; de la mitad de del presupuesto asignado en todo el a\u00f1o a la ciudad de Mercedes, es decir, son obras que est\u00e1n por fuera del alcance de la posibilidad financiera del Municipio\u201d.<\/p>\n\n\n\n<p>Conjuntamente, el intendente Ustarroz subray\u00f3 \u201ccuando uno mira el abanico de obras en ejecuci\u00f3n, proyectadas y como estas pr\u00f3ximas a comenzar representa un gran avance y desarrollo para la ciudad\u201d.&nbsp;&nbsp;&nbsp;<\/p>\n\n\n\n<p>El secretario de Obras P\u00fablicas, Emanuel P\u00e9rez Carrera, cont\u00f3 \u201cse trata de una estaci\u00f3n de bombeo cloacal que nos va a permitir vincular los barrios donde ya estamos realizando la red de cloacas; barrios Lomas del Pac\u00edfico, Villa Industrial Este y Oeste, a los cuales los vinculamos a la red existente y poder bombearlos hacia la planta depuradora\u201d y apunt\u00f3 \u201cas\u00ed que esta estaci\u00f3n de bombeo junto con la generaci\u00f3n y ejecuci\u00f3n de esa red de cloacas, nos va a permitir hacer que estos barrios se sumen al sistema cloacal. Se har\u00e1n muchas conexiones domiciliarias, alrededor de 1.000 en esta zona, muy contentos y expectantes de ver el resultado\u201d.\u00a0\u201cEsta es una obra que demandar\u00e1 una inversi\u00f3n de 90 millones de pesos aproximadamente y el plazo de obra es de 180 d\u00edas\u201d agreg\u00f3.\u00a0\u00a0\u00a0\u00a0<\/p>\n","protected":false},"excerpt":{"rendered":"<p>El Municipio de Mercedes anunci\u00f3 la apertura de sobres de la licitaci\u00f3n que permitir\u00e1 construir una estaci\u00f3n de bombeo que &#8230; <a title=\"Anuncian obra de bombeo cloacal\" class=\"read-more\" href=\"https:\/\/www.hoymercedes.com.ar\/principal\/2021\/10\/08\/anuncian-obra-de-bombeo-cloacal\/\" aria-label=\"Leer m\u00e1s sobre Anuncian obra de bombeo cloacal\">Leer m\u00e1s<\/a><\/p>\n","protected":false},"author":1,"featured_media":138391,"comment_status":"closed","ping_status":"open","sticky":false,"template":"","format":"standard","meta":{"_monsterinsights_skip_tracking":false,"_monsterinsights_sitenote_active":false,"_monsterinsights_sitenote_note":"","_monsterinsights_sitenote_category":0,"jetpack_post_was_ever_published":false,"_jetpack_newsletter_access":"","_jetpack_dont_email_post_to_subs":false,"_jetpack_newsletter_tier_id":0,"_jetpack_memberships_contains_paywalled_content":false,"_jetpack_memberships_contains_paid_content":false,"footnotes":"","jetpack_publicize_message":"","jetpack_publicize_feature_enabled":true,"jetpack_social_post_already_shared":true,"jetpack_social_options":{"image_generator_settings":{"template":"highway","default_image_id":0,"font":"","enabled":false},"version":2},"_wpas_customize_per_network":false},"categories":[8],"tags":[244],"class_list":["post-138390","post","type-post","status-publish","format-standard","has-post-thumbnail","hentry","category-sociedad","tag-municipio-2","generate-columns","tablet-grid-50","mobile-grid-100","grid-parent","grid-50"],"jetpack_publicize_connections":[],"jetpack_featured_media_url":"https:\/\/www.hoymercedes.com.ar\/principal\/wp-content\/uploads\/2021\/10\/Familias-Obras.jpg","wps_subtitle":"","jetpack_sharing_enabled":true,"_links":{"self":[{"href":"https:\/\/www.hoymercedes.com.ar\/principal\/wp-json\/wp\/v2\/posts\/138390","targetHints":{"allow":["GET"]}}],"collection":[{"href":"https:\/\/www.hoymercedes.com.ar\/principal\/wp-json\/wp\/v2\/posts"}],"about":[{"href":"https:\/\/www.hoymercedes.com.ar\/principal\/wp-json\/wp\/v2\/types\/post"}],"author":[{"embeddable":true,"href":"https:\/\/www.hoymercedes.com.ar\/principal\/wp-json\/wp\/v2\/users\/1"}],"replies":[{"embeddable":true,"href":"https:\/\/www.hoymercedes.com.ar\/principal\/wp-json\/wp\/v2\/comments?post=138390"}],"version-history":[{"count":0,"href":"https:\/\/www.hoymercedes.com.ar\/principal\/wp-json\/wp\/v2\/posts\/138390\/revisions"}],"wp:featuredmedia":[{"embeddable":true,"href":"https:\/\/www.hoymercedes.com.ar\/principal\/wp-json\/wp\/v2\/media\/138391"}],"wp:attachment":[{"href":"https:\/\/www.hoymercedes.com.ar\/principal\/wp-json\/wp\/v2\/media?parent=138390"}],"wp:term":[{"taxonomy":"category","embeddable":true,"href":"https:\/\/www.hoymercedes.com.ar\/principal\/wp-json\/wp\/v2\/categories?post=138390"},{"taxonomy":"post_tag","embeddable":true,"href":"https:\/\/www.hoymercedes.com.ar\/principal\/wp-json\/wp\/v2\/tags?post=138390"}],"curies":[{"name":"wp","href":"https:\/\/api.w.org\/{rel}","templated":true}]}}