{"id":138468,"date":"2021-10-11T11:06:30","date_gmt":"2021-10-11T14:06:30","guid":{"rendered":"https:\/\/www.hoymercedes.com.ar\/principal\/?p=138468"},"modified":"2021-10-11T11:06:36","modified_gmt":"2021-10-11T14:06:36","slug":"javier-funcia-llego-segundo-pero-gano-ante-la-exclusion-del-primero","status":"publish","type":"post","link":"https:\/\/www.hoymercedes.com.ar\/principal\/2021\/10\/11\/javier-funcia-llego-segundo-pero-gano-ante-la-exclusion-del-primero\/","title":{"rendered":"Javier Funcia lleg\u00f3 segundo, pero gan\u00f3 ante la exclusi\u00f3n del primero"},"content":{"rendered":"\n<p> En el fin de semana que marc\u00f3 el retorno protocolarizado del p\u00fablico al Mouras de La Plata, Javier Funcia sorte\u00f3 una carrera compleja por la condici\u00f3n clim\u00e1tica adeversa. Tras el quinto puesto logrado el d\u00eda s\u00e1bado,  Funcia se posicion\u00f3 segundo hasta mitad de carrera d\u00f3nde perdi\u00f3 el lugar con Gonzalo Gonz\u00e1lez. <\/p>\n\n\n\n<div class=\"wp-block-image\"><figure class=\"aligncenter size-full\"><img loading=\"lazy\" decoding=\"async\" width=\"960\" height=\"540\" data-attachment-id=\"138469\" data-permalink=\"https:\/\/www.hoymercedes.com.ar\/principal\/2021\/10\/11\/javier-funcia-llego-segundo-pero-gano-ante-la-exclusion-del-primero\/10-funcia-1\/#main\" data-orig-file=\"https:\/\/www.hoymercedes.com.ar\/principal\/wp-content\/uploads\/2021\/10\/10-funcia-1.jpg\" data-orig-size=\"960,540\" data-comments-opened=\"0\" data-image-meta=\"{&quot;aperture&quot;:&quot;0&quot;,&quot;credit&quot;:&quot;&quot;,&quot;camera&quot;:&quot;&quot;,&quot;caption&quot;:&quot;&quot;,&quot;created_timestamp&quot;:&quot;0&quot;,&quot;copyright&quot;:&quot;&quot;,&quot;focal_length&quot;:&quot;0&quot;,&quot;iso&quot;:&quot;0&quot;,&quot;shutter_speed&quot;:&quot;0&quot;,&quot;title&quot;:&quot;&quot;,&quot;orientation&quot;:&quot;0&quot;}\" data-image-title=\"10 funcia 1\" data-image-description=\"\" data-image-caption=\"\" data-large-file=\"https:\/\/www.hoymercedes.com.ar\/principal\/wp-content\/uploads\/2021\/10\/10-funcia-1.jpg\" src=\"https:\/\/www.hoymercedes.com.ar\/principal\/wp-content\/uploads\/2021\/10\/10-funcia-1.jpg\" alt=\"\" class=\"wp-image-138469\" srcset=\"https:\/\/www.hoymercedes.com.ar\/principal\/wp-content\/uploads\/2021\/10\/10-funcia-1.jpg 960w, https:\/\/www.hoymercedes.com.ar\/principal\/wp-content\/uploads\/2021\/10\/10-funcia-1-630x354.jpg 630w, https:\/\/www.hoymercedes.com.ar\/principal\/wp-content\/uploads\/2021\/10\/10-funcia-1-150x84.jpg 150w\" sizes=\"auto, (max-width: 960px) 100vw, 960px\" \/><\/figure><\/div>\n\n\n\n<p>En pista, Gonzalo Aramburu lograr\u00eda su primera victoria, pero luego de la revisi\u00f3n t\u00e9cnica fue excluido y Javier Funcia finalmente qued\u00f3 primero escoltado por Gonzalo Gonzalez\u00a0 y tercero Nereo Queijeiro. Luego Emmanuel P\u00e9rez Bravo, Facundo Barnetche, Gabriel Selva, Hern\u00e1n Rojas, Gabriel Grijniewicz y Juan Pablo Sapienza en los diez primeros lugares.\u00a0<\/p>\n\n\n\n<p>En La Plata, Turismo 4000 Argentino disput\u00f3 la d\u00e9cima fecha del a\u00f1o con una entretenida competencia en pista pero con un resultado diferente.\u00a0Tras haber ganado la serie, Gonzalo Gonz\u00e1lez y Gonzalo Aramburu eran los primeros en ver la luz verde para dar comienzo a la carrera. R\u00e1pidamente, Sergio Kobach quedaba a un costado tras una falla en el motor y r\u00e1pidamente Aramburu tomaba la punta de la competencia.\u00a0<\/p>\n\n\n\n<p>Detr\u00e1s Tonlorenzi y Perez Bravo, comenzaban con los trabajos de superaci\u00f3n mientras que en la punta de la carrera, Gonzalez se ubicaba segundo aventajando a Funcia, Barnetche, que debutaba y el resto de los competidores.&nbsp;<\/p>\n\n\n\n<p>Con el correr de las vueltas las diferencias se fueron asentando en los primeros lugares. Camino al final, Gonzalez fue acortando la diferencia y el golpe de escena se dio cuando en la \u00faltima curva el volante de Dodge intent\u00f3 ir por la punta pero un exceso lo retras\u00f3 a metros de la bandera cuando, ganando ese lugar por Javier Funcia.<\/p>\n\n\n\n<p>En pista, Aramburu lograr\u00eda su primera victoria, pero luego de la revisi\u00f3n t\u00e9cnica fue excluido.\u00a0Javier Funcia finalmente hered\u00f3 la victoria escoltado por Gonzalo Gonzalez\u00a0 y tercero Nereo Queijeiro. Luego Emmanuel P\u00e9rez Bravo, Facundo Barnetche, Gabriel Selva, Hern\u00e1n Rojas, Gabriel Grijniewicz y Juan Pablo Sapienza en los diez primeros lugares.\u00a0<\/p>\n\n\n\n<p>La pr\u00f3xima fecha ser\u00e1 el Coronaci\u00f3n de la categor\u00eda y el epicentro estar\u00e1 en la provincia de La Pampa el fin del 27 y 28 de noviembre con una doble fecha.<\/p>\n\n\n\n<p>Fuente: Todo el Deportes est\u00e1 Ac\u00e1 Facebook y turismo4000arg.com.ar<a href=\"https:\/\/www.facebook.com\/Todo-El-Deporte-Esta-Aca-345440112567490\/photos\/pcb.1267733630338129\/1267733580338134\/?__cft__[0]=AZWTAdn5KV19VcAc_OWNUji-lZd5atCjXlDMPNNmzxVeXbTEPO9vMM_-9L2OoB68PCoUTgy2K8BF1eS8_qStcGL23rqvBh7lZuvqgRnoQBFpsweJriBm8ZB-3omFGIu5kfCFYAGrYr3RGd2TZwSbTDby6fLJbbbjQoJqYIfjDwBlq5_oUmDJsNaCIUaVv8xxsss&amp;__tn__=*bH-R\" target=\"_blank\" rel=\"noopener\"><\/a><\/p>\n","protected":false},"excerpt":{"rendered":"<p>En el fin de semana que marc\u00f3 el retorno protocolarizado del p\u00fablico al Mouras de La Plata, Javier Funcia sorte\u00f3 &#8230; <a title=\"Javier Funcia lleg\u00f3 segundo, pero gan\u00f3 ante la exclusi\u00f3n del primero\" class=\"read-more\" href=\"https:\/\/www.hoymercedes.com.ar\/principal\/2021\/10\/11\/javier-funcia-llego-segundo-pero-gano-ante-la-exclusion-del-primero\/\" aria-label=\"Leer m\u00e1s sobre Javier Funcia lleg\u00f3 segundo, pero gan\u00f3 ante la exclusi\u00f3n del primero\">Leer m\u00e1s<\/a><\/p>\n","protected":false},"author":1,"featured_media":138492,"comment_status":"closed","ping_status":"open","sticky":false,"template":"","format":"standard","meta":{"_monsterinsights_skip_tracking":false,"_monsterinsights_sitenote_active":false,"_monsterinsights_sitenote_note":"","_monsterinsights_sitenote_category":0,"jetpack_post_was_ever_published":false,"_jetpack_newsletter_access":"","_jetpack_dont_email_post_to_subs":false,"_jetpack_newsletter_tier_id":0,"_jetpack_memberships_contains_paywalled_content":false,"_jetpack_memberships_contains_paid_content":false,"footnotes":"","jetpack_publicize_message":"","jetpack_publicize_feature_enabled":true,"jetpack_social_post_already_shared":true,"jetpack_social_options":{"image_generator_settings":{"template":"highway","default_image_id":0,"font":"","enabled":false},"version":2},"_wpas_customize_per_network":false},"categories":[21],"tags":[204],"class_list":["post-138468","post","type-post","status-publish","format-standard","has-post-thumbnail","hentry","category-deportes","tag-deportes-2","generate-columns","tablet-grid-50","mobile-grid-100","grid-parent","grid-50"],"jetpack_publicize_connections":[],"jetpack_featured_media_url":"https:\/\/www.hoymercedes.com.ar\/principal\/wp-content\/uploads\/2021\/10\/10-funcia-21.jpg","wps_subtitle":"Automovilismo","jetpack_sharing_enabled":true,"jetpack-related-posts":[{"id":118707,"url":"https:\/\/www.hoymercedes.com.ar\/principal\/2020\/10\/19\/javier-funcia-octavo-el-sabado-y-cuarto-el-domingo-en-el-mouras-de-la-plata\/","url_meta":{"origin":138468,"position":0},"title":"Javier Funcia, octavo el s\u00e1bado y cuarto el domingo en el Mouras de La Plata","author":"hoymercedes","date":"19 octubre, 2020","format":false,"excerpt":"Volvi\u00f3 el Turismo 4000 Argentino este fin de semana luego de siete meses de espera por la pandemia de Coronavirus y el piloto Javier Funcia tuvo una buena actuaci\u00f3n a bordo de su auto. En la jornada del s\u00e1bado Funcia qued\u00f3 octavo. El mercedino ven\u00eda cerca del puntero hasta que\u2026","rel":"","context":"En \u00abDeportes\u00bb","block_context":{"text":"Deportes","link":"https:\/\/www.hoymercedes.com.ar\/principal\/category\/deportes\/"},"img":{"alt_text":"","src":"https:\/\/i0.wp.com\/www.hoymercedes.com.ar\/principal\/wp-content\/uploads\/2020\/10\/Javier-Funcia-cuarta-fecha.jpg?resize=350%2C200&ssl=1","width":350,"height":200,"srcset":"https:\/\/i0.wp.com\/www.hoymercedes.com.ar\/principal\/wp-content\/uploads\/2020\/10\/Javier-Funcia-cuarta-fecha.jpg?resize=350%2C200&ssl=1 1x, https:\/\/i0.wp.com\/www.hoymercedes.com.ar\/principal\/wp-content\/uploads\/2020\/10\/Javier-Funcia-cuarta-fecha.jpg?resize=525%2C300&ssl=1 1.5x, https:\/\/i0.wp.com\/www.hoymercedes.com.ar\/principal\/wp-content\/uploads\/2020\/10\/Javier-Funcia-cuarta-fecha.jpg?resize=700%2C400&ssl=1 2x"},"classes":[]},{"id":104632,"url":"https:\/\/www.hoymercedes.com.ar\/principal\/2020\/01\/01\/javier-funcia-ya-tiene-cronograma-y-numero-para-el-2020\/","url_meta":{"origin":138468,"position":1},"title":"Javier Funcia ya tiene cronograma y n\u00famero para el 2020","author":"hoymercedes","date":"1 enero, 2020","format":false,"excerpt":"Se diagram\u00f3 el a\u00f1o del Turismo 4000 Argentino y en \u00e9l estar\u00e1 nuevamente el mercedino Javier Funcia. Concepci\u00f3n del Uruguay, La Plata y La Pampa, los primeros tres destinos donde deber\u00e1 correr a partir del 9 de febrero con su auto Ford n\u00famero 8. CALENDARIO 2020 - TURISMO 4000 ARGENTINO09\u2026","rel":"","context":"En \u00abDeportes\u00bb","block_context":{"text":"Deportes","link":"https:\/\/www.hoymercedes.com.ar\/principal\/category\/deportes\/"},"img":{"alt_text":"","src":"https:\/\/i0.wp.com\/www.hoymercedes.com.ar\/principal\/wp-content\/uploads\/2019\/12\/Javier-Funcia-segundo-2.jpg?resize=350%2C200&ssl=1","width":350,"height":200,"srcset":"https:\/\/i0.wp.com\/www.hoymercedes.com.ar\/principal\/wp-content\/uploads\/2019\/12\/Javier-Funcia-segundo-2.jpg?resize=350%2C200&ssl=1 1x, https:\/\/i0.wp.com\/www.hoymercedes.com.ar\/principal\/wp-content\/uploads\/2019\/12\/Javier-Funcia-segundo-2.jpg?resize=525%2C300&ssl=1 1.5x, https:\/\/i0.wp.com\/www.hoymercedes.com.ar\/principal\/wp-content\/uploads\/2019\/12\/Javier-Funcia-segundo-2.jpg?resize=700%2C400&ssl=1 2x"},"classes":[]},{"id":120250,"url":"https:\/\/www.hoymercedes.com.ar\/principal\/2020\/11\/16\/segundo-y-cuarto-las-posiciones-de-otra-doble-fecha-del-turismo-4000-argentino-para-javier-funcia\/","url_meta":{"origin":138468,"position":2},"title":"Segundo y cuarto, las posiciones de otra doble fecha del Turismo 4000 Argentino para Javier Funcia","author":"hoymercedes","date":"16 noviembre, 2020","format":false,"excerpt":"En el circuito Mouras de La Plata se corri\u00f3 la quinta y sexta fecha del Turismo 4000 Argentino donde Javier Funcia fue protagonista en ambas jornadas. Todo comenz\u00f3 el viernes cuando se iniciaron las clasificaciones con las pruebas libre y entrenamientos quedando en la jornada de hoy la clasificaci\u00f3n m\u00e1s\u2026","rel":"","context":"En \u00abDeportes\u00bb","block_context":{"text":"Deportes","link":"https:\/\/www.hoymercedes.com.ar\/principal\/category\/deportes\/"},"img":{"alt_text":"","src":"https:\/\/i0.wp.com\/www.hoymercedes.com.ar\/principal\/wp-content\/uploads\/2020\/11\/Javier-Funcia-Podio.jpg?resize=350%2C200&ssl=1","width":350,"height":200,"srcset":"https:\/\/i0.wp.com\/www.hoymercedes.com.ar\/principal\/wp-content\/uploads\/2020\/11\/Javier-Funcia-Podio.jpg?resize=350%2C200&ssl=1 1x, https:\/\/i0.wp.com\/www.hoymercedes.com.ar\/principal\/wp-content\/uploads\/2020\/11\/Javier-Funcia-Podio.jpg?resize=525%2C300&ssl=1 1.5x"},"classes":[]},{"id":146074,"url":"https:\/\/www.hoymercedes.com.ar\/principal\/2022\/04\/03\/automovilismo-gano-javier-funcia\/","url_meta":{"origin":138468,"position":3},"title":"Automovilismo: Gan\u00f3 Javier Funcia","author":"hoymercedes","date":"3 abril, 2022","format":false,"excerpt":"El \"Flaco\" Javier Funcia se qued\u00f3 con la victoria en la\u00a0Clase A\u00a0en su regreso a la categor\u00eda con el Ford del LZ Racing motorizado por el Mammarella Racing. Luis Maggini y \"Manolito\" Rodriguezfueron sus escoltas. El experimentado piloto de Mercedes volvi\u00f3 a la categor\u00eda como piloto oficial. El triunfo fue\u2026","rel":"","context":"En \u00abDeportes\u00bb","block_context":{"text":"Deportes","link":"https:\/\/www.hoymercedes.com.ar\/principal\/category\/deportes\/"},"img":{"alt_text":"","src":"https:\/\/i0.wp.com\/www.hoymercedes.com.ar\/principal\/wp-content\/uploads\/2022\/04\/funcia.png?resize=350%2C200&ssl=1","width":350,"height":200,"srcset":"https:\/\/i0.wp.com\/www.hoymercedes.com.ar\/principal\/wp-content\/uploads\/2022\/04\/funcia.png?resize=350%2C200&ssl=1 1x, https:\/\/i0.wp.com\/www.hoymercedes.com.ar\/principal\/wp-content\/uploads\/2022\/04\/funcia.png?resize=525%2C300&ssl=1 1.5x"},"classes":[]},{"id":103009,"url":"https:\/\/www.hoymercedes.com.ar\/principal\/2019\/11\/26\/el-hcd-reconoce-al-piloto-automovilismo-javier-funcia\/","url_meta":{"origin":138468,"position":4},"title":"El HCD reconoce al piloto automovilismo Javier Funcia","author":"hoymercedes","date":"26 noviembre, 2019","format":false,"excerpt":"En el marco de la \u00faltima sesi\u00f3n ordinaria del Concejo Deliberante de Mercedes del lunes, los legisladores entregaron una distinci\u00f3n y reconocimiento al corredor automovil\u00edstico Javier Funcia. Los presidentes de los bloques y la titular del cuerpo convocaron al corredor y a su familia para hacerle la entrega de la\u2026","rel":"","context":"En \u00abDeportes\u00bb","block_context":{"text":"Deportes","link":"https:\/\/www.hoymercedes.com.ar\/principal\/category\/deportes\/"},"img":{"alt_text":"","src":"https:\/\/i0.wp.com\/www.hoymercedes.com.ar\/principal\/wp-content\/uploads\/2019\/11\/26-funcia-800x600.jpg?resize=350%2C200&ssl=1","width":350,"height":200,"srcset":"https:\/\/i0.wp.com\/www.hoymercedes.com.ar\/principal\/wp-content\/uploads\/2019\/11\/26-funcia-800x600.jpg?resize=350%2C200&ssl=1 1x, https:\/\/i0.wp.com\/www.hoymercedes.com.ar\/principal\/wp-content\/uploads\/2019\/11\/26-funcia-800x600.jpg?resize=525%2C300&ssl=1 1.5x, https:\/\/i0.wp.com\/www.hoymercedes.com.ar\/principal\/wp-content\/uploads\/2019\/11\/26-funcia-800x600.jpg?resize=700%2C400&ssl=1 2x"},"classes":[]},{"id":37191,"url":"https:\/\/www.hoymercedes.com.ar\/principal\/2014\/10\/26\/javier-funcia-se-corono-campeon-en-turismo-argentino-4000\/","url_meta":{"origin":138468,"position":5},"title":"Javier Funcia se coron\u00f3 campe\u00f3n en Turismo Argentino 4000","author":"hoymercedes","date":"26 octubre, 2014","format":false,"excerpt":"El mercedino Javier Funcia logr\u00f3 el campeonato de Turismo 4000 Argentino. Cuando a\u00fan resta una fecha para finalizar el campeonato el Funcia logr\u00f3 coronarse campe\u00f3. D\u00edas atr\u00e1s hab\u00eda estado en el Municipio atendiendo a la prensa y exponiendo su coche para todos los vecinos de la ciudad. Javier Funcia, con\u2026","rel":"","context":"En \u00abDeportes\u00bb","block_context":{"text":"Deportes","link":"https:\/\/www.hoymercedes.com.ar\/principal\/category\/deportes\/"},"img":{"alt_text":"javierfuncia-ford","src":"https:\/\/i0.wp.com\/www.hoymercedes.com.ar\/principal\/wp-content\/uploads\/2014\/10\/javierfuncia-ford.jpg?resize=350%2C200","width":350,"height":200,"srcset":"https:\/\/i0.wp.com\/www.hoymercedes.com.ar\/principal\/wp-content\/uploads\/2014\/10\/javierfuncia-ford.jpg?resize=350%2C200 1x, https:\/\/i0.wp.com\/www.hoymercedes.com.ar\/principal\/wp-content\/uploads\/2014\/10\/javierfuncia-ford.jpg?resize=525%2C300 1.5x"},"classes":[]}],"_links":{"self":[{"href":"https:\/\/www.hoymercedes.com.ar\/principal\/wp-json\/wp\/v2\/posts\/138468","targetHints":{"allow":["GET"]}}],"collection":[{"href":"https:\/\/www.hoymercedes.com.ar\/principal\/wp-json\/wp\/v2\/posts"}],"about":[{"href":"https:\/\/www.hoymercedes.com.ar\/principal\/wp-json\/wp\/v2\/types\/post"}],"author":[{"embeddable":true,"href":"https:\/\/www.hoymercedes.com.ar\/principal\/wp-json\/wp\/v2\/users\/1"}],"replies":[{"embeddable":true,"href":"https:\/\/www.hoymercedes.com.ar\/principal\/wp-json\/wp\/v2\/comments?post=138468"}],"version-history":[{"count":0,"href":"https:\/\/www.hoymercedes.com.ar\/principal\/wp-json\/wp\/v2\/posts\/138468\/revisions"}],"wp:featuredmedia":[{"embeddable":true,"href":"https:\/\/www.hoymercedes.com.ar\/principal\/wp-json\/wp\/v2\/media\/138492"}],"wp:attachment":[{"href":"https:\/\/www.hoymercedes.com.ar\/principal\/wp-json\/wp\/v2\/media?parent=138468"}],"wp:term":[{"taxonomy":"category","embeddable":true,"href":"https:\/\/www.hoymercedes.com.ar\/principal\/wp-json\/wp\/v2\/categories?post=138468"},{"taxonomy":"post_tag","embeddable":true,"href":"https:\/\/www.hoymercedes.com.ar\/principal\/wp-json\/wp\/v2\/tags?post=138468"}],"curies":[{"name":"wp","href":"https:\/\/api.w.org\/{rel}","templated":true}]}}