{"id":138491,"date":"2021-10-13T15:17:59","date_gmt":"2021-10-13T18:17:59","guid":{"rendered":"https:\/\/www.hoymercedes.com.ar\/principal\/?p=138491"},"modified":"2021-10-13T15:35:03","modified_gmt":"2021-10-13T18:35:03","slug":"hcd-reconocimiento-a-alejandro-molle","status":"publish","type":"post","link":"https:\/\/www.hoymercedes.com.ar\/principal\/2021\/10\/13\/hcd-reconocimiento-a-alejandro-molle\/","title":{"rendered":"HCD Reconocimiento a Alejandro Molle"},"content":{"rendered":"\n<p>En el marco de la sesi\u00f3n ordinaria del Concejo Deliberante de Mercedes realizada en la noche del martes, los legisladores mercedinos le entregaron un reconocimiento al historiador mercedino Alejandro Francisco Molle. El reconocimiento a su trayectoria fue a partir de declarar de \u201cinter\u00e9s legislativo\u201d el libro de Molle titulado \u201cApuntes relativos a la Inmigraci\u00f3n Italiana en Mercedes\u201d.<\/p>\n\n\n\n<div class=\"wp-block-image\"><figure class=\"aligncenter size-full\"><img loading=\"lazy\" decoding=\"async\" width=\"800\" height=\"450\" data-attachment-id=\"138559\" data-permalink=\"https:\/\/www.hoymercedes.com.ar\/principal\/2021\/10\/13\/farmacias-de-turno-del-miercoles-13-de-octubre\/hcd-ale-molle-1\/#main\" data-orig-file=\"https:\/\/www.hoymercedes.com.ar\/principal\/wp-content\/uploads\/2021\/10\/hcd-ale-molle-1.png\" data-orig-size=\"800,450\" data-comments-opened=\"0\" data-image-meta=\"{&quot;aperture&quot;:&quot;0&quot;,&quot;credit&quot;:&quot;&quot;,&quot;camera&quot;:&quot;&quot;,&quot;caption&quot;:&quot;&quot;,&quot;created_timestamp&quot;:&quot;0&quot;,&quot;copyright&quot;:&quot;&quot;,&quot;focal_length&quot;:&quot;0&quot;,&quot;iso&quot;:&quot;0&quot;,&quot;shutter_speed&quot;:&quot;0&quot;,&quot;title&quot;:&quot;&quot;,&quot;orientation&quot;:&quot;0&quot;}\" data-image-title=\"hcd ale molle 1\" data-image-description=\"\" data-image-caption=\"\" data-large-file=\"https:\/\/www.hoymercedes.com.ar\/principal\/wp-content\/uploads\/2021\/10\/hcd-ale-molle-1.png\" src=\"https:\/\/www.hoymercedes.com.ar\/principal\/wp-content\/uploads\/2021\/10\/hcd-ale-molle-1.png\" alt=\"\" class=\"wp-image-138559\" srcset=\"https:\/\/www.hoymercedes.com.ar\/principal\/wp-content\/uploads\/2021\/10\/hcd-ale-molle-1.png 800w, https:\/\/www.hoymercedes.com.ar\/principal\/wp-content\/uploads\/2021\/10\/hcd-ale-molle-1-630x354.png 630w, https:\/\/www.hoymercedes.com.ar\/principal\/wp-content\/uploads\/2021\/10\/hcd-ale-molle-1-150x84.png 150w\" sizes=\"auto, (max-width: 800px) 100vw, 800px\" \/><\/figure><\/div>\n\n\n\n<p>Presente en el recinto, el historiador se acerc\u00f3 a la presidencia para recibir de mano del titular del cuerpo legislativo y los presidentes de los bloques de concejales, un plato con el reconocimiento. Por su parte, Molle entreg\u00f3 ediciones de su libro a los ediles mercedinos.<\/p>\n\n\n\n<p>Tras el aplauso de los presentes, Alejandro Molle agradeci\u00f3 el reconocimiento y relacion\u00f3 el tema del libro con la conmemoraci\u00f3n de la Diversidad Cultural. \u201cAmplia fue la inmigraci\u00f3n italiana en nuestra ciudad. As\u00ed como el t\u00e9rmino diversidad cultural\u201d, expres\u00f3 para luego recordar alguno hitos que hacen a la historia del cuerpo legislativo de Mercedes retrocediendo a marzo de 1886 y la sanci\u00f3n del r\u00e9gimen de gobierno municipal que estableci\u00f3 los departamentos ejecutivo y legislativo. Adem\u00e1s, record\u00f3 alguna de las historias de la elecci\u00f3n en la que Pacheco fue electo intendente. Cien a\u00f1os despu\u00e9s, se le sugiri\u00f3 a Gioscio y a los legisladores de la \u00e9poca, la conmemoraci\u00f3n de una sesi\u00f3n especial que evoc\u00f3 los or\u00edgenes del cuerpo legislativo local.<\/p>\n\n\n\n<p>\u201cMe interesa resaltar ese momento, primero porque estamos en el a\u00f1o 135 de la creaci\u00f3n del Concejo Deliberante de Mercedes y m\u00e1s a\u00fan ahora porque vivimos en democracia. Cosa que en otro momento se ha perdido, y se ha perdido, porque no la hemos defendido. Y por otro lado, estos peque\u00f1os cuerpos de legisladores locales, yo los valoro porque ac\u00e1 est\u00e1 el germen, la cercan\u00eda con la democracia. Ojal\u00e1 podamos mantenerla, disfrutarla, y a su vez, dignificarla como ciudadanos\u201d, destac\u00f3 el historiador Alejandro Molle ante los presentes en el recinto del HCD donde fue reconocido por su trayectoria como investigador, escritor y vecino de la ciudad.<\/p>\n\n\n\n<div class=\"wp-block-image\"><figure class=\"aligncenter size-full\"><img loading=\"lazy\" decoding=\"async\" width=\"800\" height=\"533\" data-attachment-id=\"138558\" data-permalink=\"https:\/\/www.hoymercedes.com.ar\/principal\/2021\/10\/13\/farmacias-de-turno-del-miercoles-13-de-octubre\/hcd-molle-3\/#main\" data-orig-file=\"https:\/\/www.hoymercedes.com.ar\/principal\/wp-content\/uploads\/2021\/10\/hcd-molle-3.png\" data-orig-size=\"800,533\" data-comments-opened=\"0\" data-image-meta=\"{&quot;aperture&quot;:&quot;0&quot;,&quot;credit&quot;:&quot;&quot;,&quot;camera&quot;:&quot;&quot;,&quot;caption&quot;:&quot;&quot;,&quot;created_timestamp&quot;:&quot;0&quot;,&quot;copyright&quot;:&quot;&quot;,&quot;focal_length&quot;:&quot;0&quot;,&quot;iso&quot;:&quot;0&quot;,&quot;shutter_speed&quot;:&quot;0&quot;,&quot;title&quot;:&quot;&quot;,&quot;orientation&quot;:&quot;0&quot;}\" data-image-title=\"hcd molle 3\" data-image-description=\"\" data-image-caption=\"\" data-large-file=\"https:\/\/www.hoymercedes.com.ar\/principal\/wp-content\/uploads\/2021\/10\/hcd-molle-3.png\" src=\"https:\/\/www.hoymercedes.com.ar\/principal\/wp-content\/uploads\/2021\/10\/hcd-molle-3.png\" alt=\"\" class=\"wp-image-138558\" srcset=\"https:\/\/www.hoymercedes.com.ar\/principal\/wp-content\/uploads\/2021\/10\/hcd-molle-3.png 800w, https:\/\/www.hoymercedes.com.ar\/principal\/wp-content\/uploads\/2021\/10\/hcd-molle-3-630x420.png 630w, https:\/\/www.hoymercedes.com.ar\/principal\/wp-content\/uploads\/2021\/10\/hcd-molle-3-150x100.png 150w, https:\/\/www.hoymercedes.com.ar\/principal\/wp-content\/uploads\/2021\/10\/hcd-molle-3-700x465.png 700w\" sizes=\"auto, (max-width: 800px) 100vw, 800px\" \/><\/figure><\/div>\n","protected":false},"excerpt":{"rendered":"<p>En el marco de la sesi\u00f3n ordinaria del Concejo Deliberante de Mercedes realizada en la noche del martes, los legisladores &#8230; <a title=\"HCD Reconocimiento a Alejandro Molle\" class=\"read-more\" href=\"https:\/\/www.hoymercedes.com.ar\/principal\/2021\/10\/13\/hcd-reconocimiento-a-alejandro-molle\/\" aria-label=\"Leer m\u00e1s sobre HCD Reconocimiento a Alejandro Molle\">Leer m\u00e1s<\/a><\/p>\n","protected":false},"author":1,"featured_media":138557,"comment_status":"closed","ping_status":"open","sticky":false,"template":"","format":"standard","meta":{"_monsterinsights_skip_tracking":false,"_monsterinsights_sitenote_active":false,"_monsterinsights_sitenote_note":"","_monsterinsights_sitenote_category":0,"jetpack_post_was_ever_published":false,"_jetpack_newsletter_access":"","_jetpack_dont_email_post_to_subs":false,"_jetpack_newsletter_tier_id":0,"_jetpack_memberships_contains_paywalled_content":false,"_jetpack_memberships_contains_paid_content":false,"footnotes":"","jetpack_publicize_message":"","jetpack_publicize_feature_enabled":true,"jetpack_social_post_already_shared":true,"jetpack_social_options":{"image_generator_settings":{"template":"highway","default_image_id":0,"font":"","enabled":false},"version":2},"_wpas_customize_per_network":false},"categories":[8],"tags":[566,15,320,5319],"class_list":["post-138491","post","type-post","status-publish","format-standard","has-post-thumbnail","hentry","category-sociedad","tag-alejandro-molle","tag-hcd","tag-historia","tag-politica-2","generate-columns","tablet-grid-50","mobile-grid-100","grid-parent","grid-50"],"jetpack_publicize_connections":[],"jetpack_featured_media_url":"https:\/\/www.hoymercedes.com.ar\/principal\/wp-content\/uploads\/2021\/10\/hcd-molle-2.png","wps_subtitle":"En la sesi\u00f3n del martes","jetpack_sharing_enabled":true,"_links":{"self":[{"href":"https:\/\/www.hoymercedes.com.ar\/principal\/wp-json\/wp\/v2\/posts\/138491","targetHints":{"allow":["GET"]}}],"collection":[{"href":"https:\/\/www.hoymercedes.com.ar\/principal\/wp-json\/wp\/v2\/posts"}],"about":[{"href":"https:\/\/www.hoymercedes.com.ar\/principal\/wp-json\/wp\/v2\/types\/post"}],"author":[{"embeddable":true,"href":"https:\/\/www.hoymercedes.com.ar\/principal\/wp-json\/wp\/v2\/users\/1"}],"replies":[{"embeddable":true,"href":"https:\/\/www.hoymercedes.com.ar\/principal\/wp-json\/wp\/v2\/comments?post=138491"}],"version-history":[{"count":0,"href":"https:\/\/www.hoymercedes.com.ar\/principal\/wp-json\/wp\/v2\/posts\/138491\/revisions"}],"wp:featuredmedia":[{"embeddable":true,"href":"https:\/\/www.hoymercedes.com.ar\/principal\/wp-json\/wp\/v2\/media\/138557"}],"wp:attachment":[{"href":"https:\/\/www.hoymercedes.com.ar\/principal\/wp-json\/wp\/v2\/media?parent=138491"}],"wp:term":[{"taxonomy":"category","embeddable":true,"href":"https:\/\/www.hoymercedes.com.ar\/principal\/wp-json\/wp\/v2\/categories?post=138491"},{"taxonomy":"post_tag","embeddable":true,"href":"https:\/\/www.hoymercedes.com.ar\/principal\/wp-json\/wp\/v2\/tags?post=138491"}],"curies":[{"name":"wp","href":"https:\/\/api.w.org\/{rel}","templated":true}]}}