{"id":13853,"date":"2012-06-20T22:37:23","date_gmt":"2012-06-20T22:37:23","guid":{"rendered":"http:\/\/www.hoymercedes.com.ar\/principal\/?p=13853"},"modified":"2012-06-20T22:37:23","modified_gmt":"2012-06-20T22:37:23","slug":"joven-herido-por-una-piedra-se-recupera","status":"publish","type":"post","link":"https:\/\/www.hoymercedes.com.ar\/principal\/2012\/06\/20\/joven-herido-por-una-piedra-se-recupera\/","title":{"rendered":"Joven herido por una piedra se recupera"},"content":{"rendered":"<p>El joven que fue gravemente herido el pasado domingo por la madrugada ha sido trasladado encontr\u00e1ndose en estos momentos en Jos\u00e9 C Paz buscando su recuperaci\u00f3n.<\/p>\n<p>El joven recibi\u00f3 una fuerte golpiza, aunque otros aseguraban habr\u00eda habido una piedra de por medio, dado que en el enfrentamiento algunos objetos habr\u00edan volado cayendo uno de ellos sobre el joven, durante el \u00faltimo fin de semana. Su estado de salud era delicado y las primeras atenciones les fueron dadas en el nosocomio local. \u00a0El hecho se produjo en avenida 16 y calle 23.<\/p>\n<p>La polic\u00eda local intervino de oficio dado que no recibi\u00f3 denuncia en forma inmediata, ni siquiera del hospital local, primera instituci\u00f3n interviniente en el caso, siendo luego la Cl\u00ednica qui\u00e9n siguiera con las atenciones,<strong>\u00a0habi\u00e9ndose\u00a0enterado la fuerza de seguridad por medio de radios locales.\u00a0<\/strong><\/p>\n<p>Jonathan se encuentra en estos momentos fuera de peligro. Seg\u00fan se supo la polic\u00eda ya tendr\u00eda identificado a los agresores que ser\u00edan de 15 y 17 a\u00f1os desconociendo si las rencillas ven\u00edan de antes.<\/p>\n<p>&nbsp;<\/p>\n<p>&nbsp;<\/p>\n","protected":false},"excerpt":{"rendered":"<p>El joven que fue gravemente herido el pasado domingo por la madrugada ha sido trasladado encontr\u00e1ndose en estos momentos en &#8230; <a title=\"Joven herido por una piedra se recupera\" class=\"read-more\" href=\"https:\/\/www.hoymercedes.com.ar\/principal\/2012\/06\/20\/joven-herido-por-una-piedra-se-recupera\/\" aria-label=\"Leer m\u00e1s sobre Joven herido por una piedra se recupera\">Leer m\u00e1s<\/a><\/p>\n","protected":false},"author":1,"featured_media":0,"comment_status":"open","ping_status":"open","sticky":false,"template":"","format":"standard","meta":{"_monsterinsights_skip_tracking":false,"_monsterinsights_sitenote_active":false,"_monsterinsights_sitenote_note":"","_monsterinsights_sitenote_category":0,"jetpack_post_was_ever_published":false,"_jetpack_newsletter_access":"","_jetpack_dont_email_post_to_subs":false,"_jetpack_newsletter_tier_id":0,"_jetpack_memberships_contains_paywalled_content":false,"_jetpack_memberships_contains_paid_content":false,"footnotes":"","jetpack_publicize_message":"","jetpack_publicize_feature_enabled":true,"jetpack_social_post_already_shared":false,"jetpack_social_options":{"image_generator_settings":{"template":"highway","default_image_id":0,"font":"","enabled":false},"version":2},"_wpas_customize_per_network":false},"categories":[85],"tags":[2386,126],"class_list":["post-13853","post","type-post","status-publish","format-standard","hentry","category-policial","tag-pelea-callejera","tag-policia-mercedes","generate-columns","tablet-grid-50","mobile-grid-100","grid-parent","grid-50"],"jetpack_publicize_connections":[],"jetpack_featured_media_url":"","wps_subtitle":"","jetpack_sharing_enabled":true,"_links":{"self":[{"href":"https:\/\/www.hoymercedes.com.ar\/principal\/wp-json\/wp\/v2\/posts\/13853","targetHints":{"allow":["GET"]}}],"collection":[{"href":"https:\/\/www.hoymercedes.com.ar\/principal\/wp-json\/wp\/v2\/posts"}],"about":[{"href":"https:\/\/www.hoymercedes.com.ar\/principal\/wp-json\/wp\/v2\/types\/post"}],"author":[{"embeddable":true,"href":"https:\/\/www.hoymercedes.com.ar\/principal\/wp-json\/wp\/v2\/users\/1"}],"replies":[{"embeddable":true,"href":"https:\/\/www.hoymercedes.com.ar\/principal\/wp-json\/wp\/v2\/comments?post=13853"}],"version-history":[{"count":0,"href":"https:\/\/www.hoymercedes.com.ar\/principal\/wp-json\/wp\/v2\/posts\/13853\/revisions"}],"wp:attachment":[{"href":"https:\/\/www.hoymercedes.com.ar\/principal\/wp-json\/wp\/v2\/media?parent=13853"}],"wp:term":[{"taxonomy":"category","embeddable":true,"href":"https:\/\/www.hoymercedes.com.ar\/principal\/wp-json\/wp\/v2\/categories?post=13853"},{"taxonomy":"post_tag","embeddable":true,"href":"https:\/\/www.hoymercedes.com.ar\/principal\/wp-json\/wp\/v2\/tags?post=13853"}],"curies":[{"name":"wp","href":"https:\/\/api.w.org\/{rel}","templated":true}]}}