{"id":13861,"date":"2012-06-21T00:55:08","date_gmt":"2012-06-21T00:55:08","guid":{"rendered":"http:\/\/www.hoymercedes.com.ar\/principal\/?p=13861"},"modified":"2012-06-21T00:55:08","modified_gmt":"2012-06-21T00:55:08","slug":"caso-merola-dos-detenidos-potenciales-autores-del-robo","status":"publish","type":"post","link":"https:\/\/www.hoymercedes.com.ar\/principal\/2012\/06\/21\/caso-merola-dos-detenidos-potenciales-autores-del-robo\/","title":{"rendered":"Caso Merola: dos detenidos potenciales autores del robo"},"content":{"rendered":"<p>Un hombre y una mujer han sido detenidos en relaci\u00f3n al asalto vivido por el Fiscal General Merola. Ambos oriundos de Mor\u00f3n.<\/p>\n<p>En la jornada del mi\u00e9rcoles por medio del accionar policial llevado adelante en el gran Buenos Aires con relaci\u00f3n al robo sufrido por el Fiscal General del Departamento Judicial Mercedes, Dr. Pablo Merola se logr\u00f3 la detenci\u00f3n de dos personas presumiblemente involucradas en dicho episodio.<\/p>\n<p>Esteban Rossi, Director de Seguridad de la comuna afirm\u00f3: \u00a0\u201ctrabajamos con polic\u00eda del gran Buenos Aires y personal local logrando previa investigaci\u00f3n encontrar a \u00a0estas personas y detenerlas. Un un hombre y una mujer a quienes se les encontraron elementos de pruebas muy evidentes como para pensar en que son al menos una parte del grupo que concret\u00f3 el robo al Dr. Merola. M\u00e1s a\u00fan, se logro secuestrar una determinada cantidad de dinero que se sustrajo del interior de la vivienda del Fiscal general.<\/p>\n<p>Como la investigaci\u00f3n contin\u00faa su curso no se han dado muchos detalles del asunto.<\/p>\n","protected":false},"excerpt":{"rendered":"<p>Un hombre y una mujer han sido detenidos en relaci\u00f3n al asalto vivido por el Fiscal General Merola. Ambos oriundos &#8230; <a title=\"Caso Merola: dos detenidos potenciales autores del robo\" class=\"read-more\" href=\"https:\/\/www.hoymercedes.com.ar\/principal\/2012\/06\/21\/caso-merola-dos-detenidos-potenciales-autores-del-robo\/\" aria-label=\"Leer m\u00e1s sobre Caso Merola: dos detenidos potenciales autores del robo\">Leer m\u00e1s<\/a><\/p>\n","protected":false},"author":1,"featured_media":0,"comment_status":"open","ping_status":"open","sticky":false,"template":"","format":"standard","meta":{"_monsterinsights_skip_tracking":false,"_monsterinsights_sitenote_active":false,"_monsterinsights_sitenote_note":"","_monsterinsights_sitenote_category":0,"jetpack_post_was_ever_published":false,"_jetpack_newsletter_access":"","_jetpack_dont_email_post_to_subs":false,"_jetpack_newsletter_tier_id":0,"_jetpack_memberships_contains_paywalled_content":false,"_jetpack_memberships_contains_paid_content":false,"footnotes":"","jetpack_publicize_message":"","jetpack_publicize_feature_enabled":true,"jetpack_social_post_already_shared":false,"jetpack_social_options":{"image_generator_settings":{"template":"highway","default_image_id":0,"font":"","enabled":false},"version":2},"_wpas_customize_per_network":false},"categories":[85],"tags":[333,2371,2396],"class_list":["post-13861","post","type-post","status-publish","format-standard","hentry","category-policial","tag-esteban-rossi","tag-merola","tag-robo-merola","generate-columns","tablet-grid-50","mobile-grid-100","grid-parent","grid-50"],"jetpack_publicize_connections":[],"jetpack_featured_media_url":"","wps_subtitle":"","jetpack_sharing_enabled":true,"_links":{"self":[{"href":"https:\/\/www.hoymercedes.com.ar\/principal\/wp-json\/wp\/v2\/posts\/13861","targetHints":{"allow":["GET"]}}],"collection":[{"href":"https:\/\/www.hoymercedes.com.ar\/principal\/wp-json\/wp\/v2\/posts"}],"about":[{"href":"https:\/\/www.hoymercedes.com.ar\/principal\/wp-json\/wp\/v2\/types\/post"}],"author":[{"embeddable":true,"href":"https:\/\/www.hoymercedes.com.ar\/principal\/wp-json\/wp\/v2\/users\/1"}],"replies":[{"embeddable":true,"href":"https:\/\/www.hoymercedes.com.ar\/principal\/wp-json\/wp\/v2\/comments?post=13861"}],"version-history":[{"count":0,"href":"https:\/\/www.hoymercedes.com.ar\/principal\/wp-json\/wp\/v2\/posts\/13861\/revisions"}],"wp:attachment":[{"href":"https:\/\/www.hoymercedes.com.ar\/principal\/wp-json\/wp\/v2\/media?parent=13861"}],"wp:term":[{"taxonomy":"category","embeddable":true,"href":"https:\/\/www.hoymercedes.com.ar\/principal\/wp-json\/wp\/v2\/categories?post=13861"},{"taxonomy":"post_tag","embeddable":true,"href":"https:\/\/www.hoymercedes.com.ar\/principal\/wp-json\/wp\/v2\/tags?post=13861"}],"curies":[{"name":"wp","href":"https:\/\/api.w.org\/{rel}","templated":true}]}}