{"id":138617,"date":"2021-10-14T10:23:00","date_gmt":"2021-10-14T13:23:00","guid":{"rendered":"https:\/\/www.hoymercedes.com.ar\/principal\/?p=138617"},"modified":"2021-10-14T11:44:55","modified_gmt":"2021-10-14T14:44:55","slug":"desde-este-viernes-territorio-joven-desembarca-en-gowland","status":"publish","type":"post","link":"https:\/\/www.hoymercedes.com.ar\/principal\/2021\/10\/14\/desde-este-viernes-territorio-joven-desembarca-en-gowland\/","title":{"rendered":"Desde este viernes, \u201cTerritorio joven\u201d desembarca en Gowland"},"content":{"rendered":"\n<p>Por Prensa Municipal &#8211; La propuesta multiareal coordinada desde la Secretar\u00eda de Desarrollo de la Comunidad sigue creciendo con actividades en toda la ciudad y este viernes llegar\u00e1 a Gowland.<\/p>\n\n\n\n<p>\u201cTerritorio joven\u201d es un programa ideado desde el municipio para abordar en los barrios con diferentes actividades para los j\u00f3venes. Hace un par de meses atr\u00e1s hubo una presentaci\u00f3n formal en el CIC con actividades para distintos barrios de la ciudad. La propuesta fue tan exitosa que sigue creciendo a pedido de las distintas comunidades barriales de Mercedes.<\/p>\n\n\n\n<p>Desde este viernes este programa municipal empezar\u00e1 a trabajar en Gowland y est\u00e1 destinado a j\u00f3venes de la zona. La idea de \u201cTerritorio joven\u201d es trabajar en conjunto con el DTC (Dispositivo territorial comunitario) que trabaja el consumo problem\u00e1tico de sustancias en conjunto con redes comunitarias, de salud, etc.<\/p>\n\n\n\n<p>\u201cTerritorio joven\u201d, depende de la Direcci\u00f3n de Ni\u00f1ez y Adolescencias y tiene como atractivo tambi\u00e9n la propuesta futbol\u00edstica conocida como \u201cf\u00fatbol por los derechos\u201d donde se contempla la acci\u00f3n deportiva relacionada con los valores y la promulgaci\u00f3n de reglas impuestas y respetadas por los jugadores participantes.<\/p>\n\n\n\n<p>Este programa estar\u00e1 funcionando todos los viernes de 17 a 18 horas en la sede de la sociedad de fomento de Gowland.<\/p>\n","protected":false},"excerpt":{"rendered":"<p>Por Prensa Municipal &#8211; La propuesta multiareal coordinada desde la Secretar\u00eda de Desarrollo de la Comunidad sigue creciendo con actividades &#8230; <a title=\"Desde este viernes, \u201cTerritorio joven\u201d desembarca en Gowland\" class=\"read-more\" href=\"https:\/\/www.hoymercedes.com.ar\/principal\/2021\/10\/14\/desde-este-viernes-territorio-joven-desembarca-en-gowland\/\" aria-label=\"Leer m\u00e1s sobre Desde este viernes, \u201cTerritorio joven\u201d desembarca en Gowland\">Leer m\u00e1s<\/a><\/p>\n","protected":false},"author":1,"featured_media":138618,"comment_status":"closed","ping_status":"open","sticky":false,"template":"","format":"standard","meta":{"_monsterinsights_skip_tracking":false,"_monsterinsights_sitenote_active":false,"_monsterinsights_sitenote_note":"","_monsterinsights_sitenote_category":0,"jetpack_post_was_ever_published":false,"_jetpack_newsletter_access":"","_jetpack_dont_email_post_to_subs":false,"_jetpack_newsletter_tier_id":0,"_jetpack_memberships_contains_paywalled_content":false,"_jetpack_memberships_contains_paid_content":false,"footnotes":"","jetpack_publicize_message":"","jetpack_publicize_feature_enabled":true,"jetpack_social_post_already_shared":true,"jetpack_social_options":{"image_generator_settings":{"template":"highway","default_image_id":0,"font":"","enabled":false},"version":2},"_wpas_customize_per_network":false},"categories":[30],"tags":[244],"class_list":["post-138617","post","type-post","status-publish","format-standard","has-post-thumbnail","hentry","category-municipio","tag-municipio-2","generate-columns","tablet-grid-50","mobile-grid-100","grid-parent","grid-50"],"jetpack_publicize_connections":[],"jetpack_featured_media_url":"https:\/\/www.hoymercedes.com.ar\/principal\/wp-content\/uploads\/2021\/10\/territorio-joven.jpg","wps_subtitle":"","jetpack_sharing_enabled":true,"_links":{"self":[{"href":"https:\/\/www.hoymercedes.com.ar\/principal\/wp-json\/wp\/v2\/posts\/138617","targetHints":{"allow":["GET"]}}],"collection":[{"href":"https:\/\/www.hoymercedes.com.ar\/principal\/wp-json\/wp\/v2\/posts"}],"about":[{"href":"https:\/\/www.hoymercedes.com.ar\/principal\/wp-json\/wp\/v2\/types\/post"}],"author":[{"embeddable":true,"href":"https:\/\/www.hoymercedes.com.ar\/principal\/wp-json\/wp\/v2\/users\/1"}],"replies":[{"embeddable":true,"href":"https:\/\/www.hoymercedes.com.ar\/principal\/wp-json\/wp\/v2\/comments?post=138617"}],"version-history":[{"count":0,"href":"https:\/\/www.hoymercedes.com.ar\/principal\/wp-json\/wp\/v2\/posts\/138617\/revisions"}],"wp:featuredmedia":[{"embeddable":true,"href":"https:\/\/www.hoymercedes.com.ar\/principal\/wp-json\/wp\/v2\/media\/138618"}],"wp:attachment":[{"href":"https:\/\/www.hoymercedes.com.ar\/principal\/wp-json\/wp\/v2\/media?parent=138617"}],"wp:term":[{"taxonomy":"category","embeddable":true,"href":"https:\/\/www.hoymercedes.com.ar\/principal\/wp-json\/wp\/v2\/categories?post=138617"},{"taxonomy":"post_tag","embeddable":true,"href":"https:\/\/www.hoymercedes.com.ar\/principal\/wp-json\/wp\/v2\/tags?post=138617"}],"curies":[{"name":"wp","href":"https:\/\/api.w.org\/{rel}","templated":true}]}}