{"id":138663,"date":"2021-10-15T15:29:00","date_gmt":"2021-10-15T18:29:00","guid":{"rendered":"https:\/\/www.hoymercedes.com.ar\/principal\/?p=138663"},"modified":"2021-10-15T16:46:56","modified_gmt":"2021-10-15T19:46:56","slug":"entregan-materiales-deportivos-al-equipo-de-futsal","status":"publish","type":"post","link":"https:\/\/www.hoymercedes.com.ar\/principal\/2021\/10\/15\/entregan-materiales-deportivos-al-equipo-de-futsal\/","title":{"rendered":"Entregan materiales deportivos al equipo de Futsal"},"content":{"rendered":"\n<p>En la tarde del jueves , en el marco de un nuevo entrenamiento, en b\u00fasqueda de retomar lo que se ven\u00eda llevando adelante en el 2019 en pleno crecimiento del futsal , en instalaciones del Centro Integrador Comunitario d\u00f3nde los dirigidos por Oscar Ramos llevan adelante sus pr\u00e1cticas. <\/p>\n\n\n\n<div class=\"wp-block-image\"><figure class=\"aligncenter size-full\"><img loading=\"lazy\" decoding=\"async\" width=\"852\" height=\"568\" data-attachment-id=\"138664\" data-permalink=\"https:\/\/www.hoymercedes.com.ar\/principal\/2021\/10\/15\/entregan-materiales-deportivos-al-equipo-de-futsal\/futsal-3\/#main\" data-orig-file=\"https:\/\/www.hoymercedes.com.ar\/principal\/wp-content\/uploads\/2021\/10\/futsal.jpg\" data-orig-size=\"852,568\" data-comments-opened=\"0\" data-image-meta=\"{&quot;aperture&quot;:&quot;0&quot;,&quot;credit&quot;:&quot;&quot;,&quot;camera&quot;:&quot;&quot;,&quot;caption&quot;:&quot;&quot;,&quot;created_timestamp&quot;:&quot;0&quot;,&quot;copyright&quot;:&quot;&quot;,&quot;focal_length&quot;:&quot;0&quot;,&quot;iso&quot;:&quot;0&quot;,&quot;shutter_speed&quot;:&quot;0&quot;,&quot;title&quot;:&quot;&quot;,&quot;orientation&quot;:&quot;0&quot;}\" data-image-title=\"futsal\" data-image-description=\"\" data-image-caption=\"\" data-large-file=\"https:\/\/www.hoymercedes.com.ar\/principal\/wp-content\/uploads\/2021\/10\/futsal.jpg\" src=\"https:\/\/www.hoymercedes.com.ar\/principal\/wp-content\/uploads\/2021\/10\/futsal.jpg\" alt=\"\" class=\"wp-image-138664\" srcset=\"https:\/\/www.hoymercedes.com.ar\/principal\/wp-content\/uploads\/2021\/10\/futsal.jpg 852w, https:\/\/www.hoymercedes.com.ar\/principal\/wp-content\/uploads\/2021\/10\/futsal-630x420.jpg 630w, https:\/\/www.hoymercedes.com.ar\/principal\/wp-content\/uploads\/2021\/10\/futsal-150x100.jpg 150w\" sizes=\"auto, (max-width: 852px) 100vw, 852px\" \/><\/figure><\/div>\n\n\n\n<p>En un sencillo acto impulsando el retorno a la actividad, la cartera de deportes municipal que llevan adelante Martin Silvestre y Mariana Saboredo, hizo entrega de un kit deportivo e indumentaria , para poder afrontar los desaf\u00edos con la novel disciplina que van desde la creaci\u00f3n de una Liga Mercedina de Futsal. <\/p>\n\n\n\n<p>Con la participaci\u00f3n tambi\u00e9n de Esteban Marcelo Presidente de la Liga Mercedina de Furbol que tratar\u00e1 de retomar un proyecto que la pandemia retraso en su apogeo teniendo c\u00f3mo sede al Gimnasio Pablo Brienza del CEF N\u00famero 40 <\/p>\n\n\n\n<p>La Escuela Municipal tambi\u00e9n ser\u00e1 de la partida en la Copa Federal , impulsada por el Consejo Federal de AFA , con equipos de las regiones Norte y Sur , en la Zona Norte integrar\u00e1 junto a equipos de La Plata, Marcos Paz, entre otros, en un certamen pr\u00f3ximo a comenzar. <\/p>\n\n\n\n<p>Fuente: Todo el Deportes est\u00e1 aca<a href=\"https:\/\/www.facebook.com\/345440112567490\/photos\/a.345481559230012\/1270641186714040\/?__cft__[0]=AZWY4V5TosfFF4_BRCTGt375AtxV7Jrab9I333SprwMkt0TWQhD5mRX2nYUyCYxueLlMcxFf9D_gB-H5LNysGOLPGmw5P-FAUFOVZekJeuZptf1ABo39q8Y4jOWbW7FesLhU43FVTFEmfK_LImIUyuZv&amp;__tn__=EH-R\" target=\"_blank\" rel=\"noopener\"><\/a><\/p>\n","protected":false},"excerpt":{"rendered":"<p>En la tarde del jueves , en el marco de un nuevo entrenamiento, en b\u00fasqueda de retomar lo que se &#8230; <a title=\"Entregan materiales deportivos al equipo de Futsal\" class=\"read-more\" href=\"https:\/\/www.hoymercedes.com.ar\/principal\/2021\/10\/15\/entregan-materiales-deportivos-al-equipo-de-futsal\/\" aria-label=\"Leer m\u00e1s sobre Entregan materiales deportivos al equipo de Futsal\">Leer m\u00e1s<\/a><\/p>\n","protected":false},"author":1,"featured_media":138664,"comment_status":"closed","ping_status":"open","sticky":false,"template":"","format":"standard","meta":{"_monsterinsights_skip_tracking":false,"_monsterinsights_sitenote_active":false,"_monsterinsights_sitenote_note":"","_monsterinsights_sitenote_category":0,"jetpack_post_was_ever_published":false,"_jetpack_newsletter_access":"","_jetpack_dont_email_post_to_subs":false,"_jetpack_newsletter_tier_id":0,"_jetpack_memberships_contains_paywalled_content":false,"_jetpack_memberships_contains_paid_content":false,"footnotes":"","jetpack_publicize_message":"","jetpack_publicize_feature_enabled":true,"jetpack_social_post_already_shared":true,"jetpack_social_options":{"image_generator_settings":{"template":"highway","default_image_id":0,"font":"","enabled":false},"version":2},"_wpas_customize_per_network":false},"categories":[21],"tags":[204,244],"class_list":["post-138663","post","type-post","status-publish","format-standard","has-post-thumbnail","hentry","category-deportes","tag-deportes-2","tag-municipio-2","generate-columns","tablet-grid-50","mobile-grid-100","grid-parent","grid-50"],"jetpack_publicize_connections":[],"jetpack_featured_media_url":"https:\/\/www.hoymercedes.com.ar\/principal\/wp-content\/uploads\/2021\/10\/futsal.jpg","wps_subtitle":"","jetpack_sharing_enabled":true,"_links":{"self":[{"href":"https:\/\/www.hoymercedes.com.ar\/principal\/wp-json\/wp\/v2\/posts\/138663","targetHints":{"allow":["GET"]}}],"collection":[{"href":"https:\/\/www.hoymercedes.com.ar\/principal\/wp-json\/wp\/v2\/posts"}],"about":[{"href":"https:\/\/www.hoymercedes.com.ar\/principal\/wp-json\/wp\/v2\/types\/post"}],"author":[{"embeddable":true,"href":"https:\/\/www.hoymercedes.com.ar\/principal\/wp-json\/wp\/v2\/users\/1"}],"replies":[{"embeddable":true,"href":"https:\/\/www.hoymercedes.com.ar\/principal\/wp-json\/wp\/v2\/comments?post=138663"}],"version-history":[{"count":0,"href":"https:\/\/www.hoymercedes.com.ar\/principal\/wp-json\/wp\/v2\/posts\/138663\/revisions"}],"wp:featuredmedia":[{"embeddable":true,"href":"https:\/\/www.hoymercedes.com.ar\/principal\/wp-json\/wp\/v2\/media\/138664"}],"wp:attachment":[{"href":"https:\/\/www.hoymercedes.com.ar\/principal\/wp-json\/wp\/v2\/media?parent=138663"}],"wp:term":[{"taxonomy":"category","embeddable":true,"href":"https:\/\/www.hoymercedes.com.ar\/principal\/wp-json\/wp\/v2\/categories?post=138663"},{"taxonomy":"post_tag","embeddable":true,"href":"https:\/\/www.hoymercedes.com.ar\/principal\/wp-json\/wp\/v2\/tags?post=138663"}],"curies":[{"name":"wp","href":"https:\/\/api.w.org\/{rel}","templated":true}]}}