{"id":138835,"date":"2021-10-18T19:26:00","date_gmt":"2021-10-18T22:26:00","guid":{"rendered":"https:\/\/www.hoymercedes.com.ar\/principal\/?p=138835"},"modified":"2021-10-18T17:58:39","modified_gmt":"2021-10-18T20:58:39","slug":"torneo-de-tenis-de-la-cateogria-d","status":"publish","type":"post","link":"https:\/\/www.hoymercedes.com.ar\/principal\/2021\/10\/18\/torneo-de-tenis-de-la-cateogria-d\/","title":{"rendered":"Torneo de tenis de la Cateogr\u00eda D"},"content":{"rendered":"\n<p>Un nuevo torneo fue realizado en la Liga de Padres, correspondiente al calendario anual de la escuela de tenis dirigida por Hernan Ricaldoni y Mauricio \u00abPoroto\u00bb Pisoni, en el que participaron 12 alumnos de la categor\u00eda D del grupo 1.<\/p>\n\n\n\n<div class=\"wp-block-image\"><figure class=\"aligncenter size-full\"><img loading=\"lazy\" decoding=\"async\" width=\"800\" height=\"533\" data-attachment-id=\"138836\" data-permalink=\"https:\/\/www.hoymercedes.com.ar\/principal\/2021\/10\/18\/torneo-de-tenis-de-la-cateogria-d\/img-20211016-wa0055\/#main\" data-orig-file=\"https:\/\/www.hoymercedes.com.ar\/principal\/wp-content\/uploads\/2021\/10\/IMG-20211016-WA0055.jpg\" data-orig-size=\"800,533\" data-comments-opened=\"0\" data-image-meta=\"{&quot;aperture&quot;:&quot;0&quot;,&quot;credit&quot;:&quot;&quot;,&quot;camera&quot;:&quot;&quot;,&quot;caption&quot;:&quot;&quot;,&quot;created_timestamp&quot;:&quot;1634577850&quot;,&quot;copyright&quot;:&quot;&quot;,&quot;focal_length&quot;:&quot;0&quot;,&quot;iso&quot;:&quot;0&quot;,&quot;shutter_speed&quot;:&quot;0&quot;,&quot;title&quot;:&quot;&quot;,&quot;orientation&quot;:&quot;1&quot;}\" data-image-title=\"IMG-20211016-WA0055\" data-image-description=\"\" data-image-caption=\"\" data-large-file=\"https:\/\/www.hoymercedes.com.ar\/principal\/wp-content\/uploads\/2021\/10\/IMG-20211016-WA0055.jpg\" src=\"https:\/\/www.hoymercedes.com.ar\/principal\/wp-content\/uploads\/2021\/10\/IMG-20211016-WA0055.jpg\" alt=\"\" class=\"wp-image-138836\" srcset=\"https:\/\/www.hoymercedes.com.ar\/principal\/wp-content\/uploads\/2021\/10\/IMG-20211016-WA0055.jpg 800w, https:\/\/www.hoymercedes.com.ar\/principal\/wp-content\/uploads\/2021\/10\/IMG-20211016-WA0055-630x420.jpg 630w, https:\/\/www.hoymercedes.com.ar\/principal\/wp-content\/uploads\/2021\/10\/IMG-20211016-WA0055-150x100.jpg 150w, https:\/\/www.hoymercedes.com.ar\/principal\/wp-content\/uploads\/2021\/10\/IMG-20211016-WA0055-700x465.jpg 700w\" sizes=\"auto, (max-width: 800px) 100vw, 800px\" \/><\/figure><\/div>\n\n\n\n<p>Con este es el d\u00e9cimo torneo del a\u00f1o, y el tercero de la categor\u00eda D, realizado por la academia de tenis del Club Mercedes y de la Liga de Padres. Adem\u00e1s, el pr\u00f3ximo s\u00e1bado, ser\u00e1 el turno de competir para los jugadores m\u00e1s peque\u00f1os de la escuela y que reci\u00e9n se inician en el mundo del tenis.<\/p>\n\n\n\n<p>Por otro lado, el campe\u00f3n del torneo de este domingo, llevado adelante por los profesores Emiliano Marcelo, Alan Demattei y Juan Manuel Regueiro, y patrocinado por la tienda de ropa Kevingston, fue Ignacio Falabella, que super\u00f3 en la final a Rodrigo Garro por 15 a 12.\u00a0Destacaron la participaci\u00f3n de Juana Perruolo, que se anim\u00f3 a participar.<\/p>\n\n\n\n<p>Luego de los partidos, los resultados de los grupos y las fases eliminatorias fueron los siguientes:<\/p>\n\n\n\n<p>Grupo 1:<br>1- Pedro Rebagliati<br>2- Manuel Cinto<br>3- Agust\u00edn Brocco<br>4- Juan Tom\u00e1s Bell<\/p>\n\n\n\n<p>Grupo 2:<br>1- Valentin Espina<br>2- Juli\u00e1n Guerrero<br>3- Rodrigo Garro<br>4- Bautista Merlini<\/p>\n\n\n\n<p>Grupo 3:<br>1- Juana Perruolo<br>2- Ignacio Falabella<br>3- Santino Robalo<br>4- Juan Belzunces<\/p>\n\n\n\n<p>Zona eliminatoria:<\/p>\n\n\n\n<p>Cuartos de final:<br>_Rosdrigo Garro 15 &#8211; 10 a Pedro Rebagliati<br>_Valentin Espina 15 &#8211; 10 a Agust\u00edn Brocco<br>_Juana Perruolo 15 &#8211; 11 a Juli\u00e1n Guerrero<br>_Ignacio Falabella 16 &#8211; 14 a Manuel Cinto<\/p>\n\n\n\n<p>Semifinales:<br>_Rodrigo Garro 15 &#8211; 8 a Valentin Espina<br>_Ignacio Falabella 15 &#8211; 8 a Juana Perruolo<\/p>\n\n\n\n<p>Final:<br>_Ignacio Falabella 15 &#8211; 12 a Rodrigo Garro<\/p>\n\n\n\n<p><strong>Grado 5 en Gral. Rodr\u00edguez<\/strong><br>El pr\u00f3ximo s\u00e1bado 23 de octubre, tras 2 a\u00f1os sin realizar, los alumnos de las Escuelas de tenis del Club Mercedes y de la Liga de Padres, participar\u00e1n del 1er Torneo Zonal de grado 5 en el PAC (Porte\u00f1o Atl\u00e9tico Club). <\/p>\n","protected":false},"excerpt":{"rendered":"<p>Un nuevo torneo fue realizado en la Liga de Padres, correspondiente al calendario anual de la escuela de tenis dirigida &#8230; <a title=\"Torneo de tenis de la Cateogr\u00eda D\" class=\"read-more\" href=\"https:\/\/www.hoymercedes.com.ar\/principal\/2021\/10\/18\/torneo-de-tenis-de-la-cateogria-d\/\" aria-label=\"Leer m\u00e1s sobre Torneo de tenis de la Cateogr\u00eda D\">Leer m\u00e1s<\/a><\/p>\n","protected":false},"author":1,"featured_media":138836,"comment_status":"closed","ping_status":"open","sticky":false,"template":"","format":"standard","meta":{"_monsterinsights_skip_tracking":false,"_monsterinsights_sitenote_active":false,"_monsterinsights_sitenote_note":"","_monsterinsights_sitenote_category":0,"jetpack_post_was_ever_published":false,"_jetpack_newsletter_access":"","_jetpack_dont_email_post_to_subs":false,"_jetpack_newsletter_tier_id":0,"_jetpack_memberships_contains_paywalled_content":false,"_jetpack_memberships_contains_paid_content":false,"footnotes":"","jetpack_publicize_message":"","jetpack_publicize_feature_enabled":true,"jetpack_social_post_already_shared":true,"jetpack_social_options":{"image_generator_settings":{"template":"highway","default_image_id":0,"font":"","enabled":false},"version":2},"_wpas_customize_per_network":false},"categories":[21],"tags":[204],"class_list":["post-138835","post","type-post","status-publish","format-standard","has-post-thumbnail","hentry","category-deportes","tag-deportes-2","generate-columns","tablet-grid-50","mobile-grid-100","grid-parent","grid-50"],"jetpack_publicize_connections":[],"jetpack_featured_media_url":"https:\/\/www.hoymercedes.com.ar\/principal\/wp-content\/uploads\/2021\/10\/IMG-20211016-WA0055.jpg","wps_subtitle":"Tenis","jetpack_sharing_enabled":true,"_links":{"self":[{"href":"https:\/\/www.hoymercedes.com.ar\/principal\/wp-json\/wp\/v2\/posts\/138835","targetHints":{"allow":["GET"]}}],"collection":[{"href":"https:\/\/www.hoymercedes.com.ar\/principal\/wp-json\/wp\/v2\/posts"}],"about":[{"href":"https:\/\/www.hoymercedes.com.ar\/principal\/wp-json\/wp\/v2\/types\/post"}],"author":[{"embeddable":true,"href":"https:\/\/www.hoymercedes.com.ar\/principal\/wp-json\/wp\/v2\/users\/1"}],"replies":[{"embeddable":true,"href":"https:\/\/www.hoymercedes.com.ar\/principal\/wp-json\/wp\/v2\/comments?post=138835"}],"version-history":[{"count":0,"href":"https:\/\/www.hoymercedes.com.ar\/principal\/wp-json\/wp\/v2\/posts\/138835\/revisions"}],"wp:featuredmedia":[{"embeddable":true,"href":"https:\/\/www.hoymercedes.com.ar\/principal\/wp-json\/wp\/v2\/media\/138836"}],"wp:attachment":[{"href":"https:\/\/www.hoymercedes.com.ar\/principal\/wp-json\/wp\/v2\/media?parent=138835"}],"wp:term":[{"taxonomy":"category","embeddable":true,"href":"https:\/\/www.hoymercedes.com.ar\/principal\/wp-json\/wp\/v2\/categories?post=138835"},{"taxonomy":"post_tag","embeddable":true,"href":"https:\/\/www.hoymercedes.com.ar\/principal\/wp-json\/wp\/v2\/tags?post=138835"}],"curies":[{"name":"wp","href":"https:\/\/api.w.org\/{rel}","templated":true}]}}