{"id":138923,"date":"2021-10-20T14:50:00","date_gmt":"2021-10-20T17:50:00","guid":{"rendered":"https:\/\/www.hoymercedes.com.ar\/principal\/?p=138923"},"modified":"2021-10-20T17:07:09","modified_gmt":"2021-10-20T20:07:09","slug":"barrio-facundo-quiroga-tiene-su-espacio-de-primera-infancia","status":"publish","type":"post","link":"https:\/\/www.hoymercedes.com.ar\/principal\/2021\/10\/20\/barrio-facundo-quiroga-tiene-su-espacio-de-primera-infancia\/","title":{"rendered":"Barrio Facundo Quiroga tiene su Espacio de Primera Infancia"},"content":{"rendered":"\n<p>El Municipio de Mercedes inaugur\u00f3 el octavo Espacio de Primera Infancia. En esta oportunidad, el espacio abri\u00f3 sus puertas en el Barrio Facundo Quiroga. El EPI funcionar\u00e1 para la atenci\u00f3n de familias y los m\u00e1s peque\u00f1os del barrio en el marco de la Secretar\u00eda de Desarrollo Social y la Direcci\u00f3n de Ni\u00f1ez. <\/p>\n\n\n\n<p>En el acto inaugural, Flavia Saurral, una de las integrantes del equipo del nuevo EPI agradeci\u00f3 a los presentes y destac\u00f3 el trabajo que har\u00e1n con los m\u00e1s peque\u00f1os en materia de estimulaci\u00f3n temprana. Tambi\u00e9n hablaron la Directora de Ni\u00f1ez y Adolescencia, Gabriela Olivella, y el Intendente Municipal Juan Ignacio Ustarroz. <\/p>\n\n\n\n<div class=\"wp-block-image\"><figure class=\"aligncenter size-full\"><img loading=\"lazy\" decoding=\"async\" width=\"852\" height=\"568\" data-attachment-id=\"138925\" data-permalink=\"https:\/\/www.hoymercedes.com.ar\/principal\/2021\/10\/20\/barrio-facundo-quiroga-tiene-su-espacio-de-primera-infancia\/epi-barrio-fquiroga-1\/#main\" data-orig-file=\"https:\/\/www.hoymercedes.com.ar\/principal\/wp-content\/uploads\/2021\/10\/epi-barrio-FQuiroga-1.jpg\" data-orig-size=\"852,568\" data-comments-opened=\"0\" data-image-meta=\"{&quot;aperture&quot;:&quot;0&quot;,&quot;credit&quot;:&quot;&quot;,&quot;camera&quot;:&quot;&quot;,&quot;caption&quot;:&quot;&quot;,&quot;created_timestamp&quot;:&quot;0&quot;,&quot;copyright&quot;:&quot;&quot;,&quot;focal_length&quot;:&quot;0&quot;,&quot;iso&quot;:&quot;0&quot;,&quot;shutter_speed&quot;:&quot;0&quot;,&quot;title&quot;:&quot;&quot;,&quot;orientation&quot;:&quot;0&quot;}\" data-image-title=\"epi barrio FQuiroga 1\" data-image-description=\"\" data-image-caption=\"\" data-large-file=\"https:\/\/www.hoymercedes.com.ar\/principal\/wp-content\/uploads\/2021\/10\/epi-barrio-FQuiroga-1.jpg\" src=\"https:\/\/www.hoymercedes.com.ar\/principal\/wp-content\/uploads\/2021\/10\/epi-barrio-FQuiroga-1.jpg\" alt=\"\" class=\"wp-image-138925\" srcset=\"https:\/\/www.hoymercedes.com.ar\/principal\/wp-content\/uploads\/2021\/10\/epi-barrio-FQuiroga-1.jpg 852w, https:\/\/www.hoymercedes.com.ar\/principal\/wp-content\/uploads\/2021\/10\/epi-barrio-FQuiroga-1-630x420.jpg 630w, https:\/\/www.hoymercedes.com.ar\/principal\/wp-content\/uploads\/2021\/10\/epi-barrio-FQuiroga-1-150x100.jpg 150w\" sizes=\"auto, (max-width: 852px) 100vw, 852px\" \/><\/figure><\/div>\n","protected":false},"excerpt":{"rendered":"<p>El Municipio de Mercedes inaugur\u00f3 el octavo Espacio de Primera Infancia. En esta oportunidad, el espacio abri\u00f3 sus puertas en &#8230; <a title=\"Barrio Facundo Quiroga tiene su Espacio de Primera Infancia\" class=\"read-more\" href=\"https:\/\/www.hoymercedes.com.ar\/principal\/2021\/10\/20\/barrio-facundo-quiroga-tiene-su-espacio-de-primera-infancia\/\" aria-label=\"Leer m\u00e1s sobre Barrio Facundo Quiroga tiene su Espacio de Primera Infancia\">Leer m\u00e1s<\/a><\/p>\n","protected":false},"author":1,"featured_media":138924,"comment_status":"closed","ping_status":"open","sticky":false,"template":"","format":"standard","meta":{"_monsterinsights_skip_tracking":false,"_monsterinsights_sitenote_active":false,"_monsterinsights_sitenote_note":"","_monsterinsights_sitenote_category":0,"jetpack_post_was_ever_published":false,"_jetpack_newsletter_access":"","_jetpack_dont_email_post_to_subs":false,"_jetpack_newsletter_tier_id":0,"_jetpack_memberships_contains_paywalled_content":false,"_jetpack_memberships_contains_paid_content":false,"footnotes":"","jetpack_publicize_message":"","jetpack_publicize_feature_enabled":true,"jetpack_social_post_already_shared":true,"jetpack_social_options":{"image_generator_settings":{"template":"highway","default_image_id":0,"font":"","enabled":false},"version":2},"_wpas_customize_per_network":false},"categories":[30],"tags":[244],"class_list":["post-138923","post","type-post","status-publish","format-standard","has-post-thumbnail","hentry","category-municipio","tag-municipio-2","generate-columns","tablet-grid-50","mobile-grid-100","grid-parent","grid-50"],"jetpack_publicize_connections":[],"jetpack_featured_media_url":"https:\/\/www.hoymercedes.com.ar\/principal\/wp-content\/uploads\/2021\/10\/epi-barrio-FQuiroga-2.jpg","wps_subtitle":"","jetpack_sharing_enabled":true,"_links":{"self":[{"href":"https:\/\/www.hoymercedes.com.ar\/principal\/wp-json\/wp\/v2\/posts\/138923","targetHints":{"allow":["GET"]}}],"collection":[{"href":"https:\/\/www.hoymercedes.com.ar\/principal\/wp-json\/wp\/v2\/posts"}],"about":[{"href":"https:\/\/www.hoymercedes.com.ar\/principal\/wp-json\/wp\/v2\/types\/post"}],"author":[{"embeddable":true,"href":"https:\/\/www.hoymercedes.com.ar\/principal\/wp-json\/wp\/v2\/users\/1"}],"replies":[{"embeddable":true,"href":"https:\/\/www.hoymercedes.com.ar\/principal\/wp-json\/wp\/v2\/comments?post=138923"}],"version-history":[{"count":0,"href":"https:\/\/www.hoymercedes.com.ar\/principal\/wp-json\/wp\/v2\/posts\/138923\/revisions"}],"wp:featuredmedia":[{"embeddable":true,"href":"https:\/\/www.hoymercedes.com.ar\/principal\/wp-json\/wp\/v2\/media\/138924"}],"wp:attachment":[{"href":"https:\/\/www.hoymercedes.com.ar\/principal\/wp-json\/wp\/v2\/media?parent=138923"}],"wp:term":[{"taxonomy":"category","embeddable":true,"href":"https:\/\/www.hoymercedes.com.ar\/principal\/wp-json\/wp\/v2\/categories?post=138923"},{"taxonomy":"post_tag","embeddable":true,"href":"https:\/\/www.hoymercedes.com.ar\/principal\/wp-json\/wp\/v2\/tags?post=138923"}],"curies":[{"name":"wp","href":"https:\/\/api.w.org\/{rel}","templated":true}]}}