{"id":138947,"date":"2021-10-21T13:15:00","date_gmt":"2021-10-21T16:15:00","guid":{"rendered":"https:\/\/www.hoymercedes.com.ar\/principal\/?p=138947"},"modified":"2021-10-21T16:29:04","modified_gmt":"2021-10-21T19:29:04","slug":"policia-federal-allano-punto-de-venta-de-drogas","status":"publish","type":"post","link":"https:\/\/www.hoymercedes.com.ar\/principal\/2021\/10\/21\/policia-federal-allano-punto-de-venta-de-drogas\/","title":{"rendered":"Polic\u00eda Federal allan\u00f3 punto de venta de drogas"},"content":{"rendered":"\n<p>Ayer a la ma\u00f1ana, los vecinos de San Andr\u00e9s de Giles advirtieron que efectivos de la Polic\u00eda Federal hab\u00edan arribado a la ciudad para allanar una propiedad ubicada en la intermediaci\u00f3n de las calles 9 de Julio y Suero de dicha localidad. <\/p>\n\n\n\n<p>En la jornada de hoy, la fuerza confirm\u00f3 que el operativo fue realizado en un presunto punto de venta de drogas, perteneciente a un hombre mayor de edad, de nacionalidad\u00a0argentina, domiciliado en el lugar, sindicado como el autor de la comercializaci\u00f3n de estupefacientes,\u00a0a quien se lo imput\u00f3 por Infracci\u00f3n a la Ley 23.737 (Drogas). <\/p>\n\n\n\n<p>Seg\u00fan informaron desde la Polic\u00eda Federal, en el lugar se pudieron secuestrar elementos probatorios del delito de venta de drogas il\u00edcitas. Este allanamiento fue realizado luego de que los efectivos aportaran una \u201cinnumerable cantidad de pruebas fotogr\u00e1ficas y f\u00edlmicas del lugar en cuesti\u00f3n a la justicia\u201c.<\/p>\n\n\n\n<p>En la causa intervienen el Juzgado de Garant\u00edas N\u00b02 Departamento Judicial de Mercedes, a cargo del Dr. Marcelo Romero y la U.F.I. N\u00b06 de Estupefacientes, a cargo del Dr. Luis Carcagno.<\/p>\n","protected":false},"excerpt":{"rendered":"<p>Ayer a la ma\u00f1ana, los vecinos de San Andr\u00e9s de Giles advirtieron que efectivos de la Polic\u00eda Federal hab\u00edan arribado &#8230; <a title=\"Polic\u00eda Federal allan\u00f3 punto de venta de drogas\" class=\"read-more\" href=\"https:\/\/www.hoymercedes.com.ar\/principal\/2021\/10\/21\/policia-federal-allano-punto-de-venta-de-drogas\/\" aria-label=\"Leer m\u00e1s sobre Polic\u00eda Federal allan\u00f3 punto de venta de drogas\">Leer m\u00e1s<\/a><\/p>\n","protected":false},"author":1,"featured_media":138950,"comment_status":"closed","ping_status":"open","sticky":false,"template":"","format":"standard","meta":{"_monsterinsights_skip_tracking":false,"_monsterinsights_sitenote_active":false,"_monsterinsights_sitenote_note":"","_monsterinsights_sitenote_category":0,"jetpack_post_was_ever_published":false,"_jetpack_newsletter_access":"","_jetpack_dont_email_post_to_subs":false,"_jetpack_newsletter_tier_id":0,"_jetpack_memberships_contains_paywalled_content":false,"_jetpack_memberships_contains_paid_content":false,"footnotes":"","jetpack_publicize_message":"","jetpack_publicize_feature_enabled":true,"jetpack_social_post_already_shared":true,"jetpack_social_options":{"image_generator_settings":{"template":"highway","default_image_id":0,"font":"","enabled":false},"version":2},"_wpas_customize_per_network":false},"categories":[85],"tags":[6549,96],"class_list":["post-138947","post","type-post","status-publish","format-standard","has-post-thumbnail","hentry","category-policial","tag-policia-federal","tag-policial-2","generate-columns","tablet-grid-50","mobile-grid-100","grid-parent","grid-50"],"jetpack_publicize_connections":[],"jetpack_featured_media_url":"https:\/\/www.hoymercedes.com.ar\/principal\/wp-content\/uploads\/2021\/10\/poli-federal-SAGiles.jpg","wps_subtitle":"En San Andr\u00e9s de Giles","jetpack_sharing_enabled":true,"_links":{"self":[{"href":"https:\/\/www.hoymercedes.com.ar\/principal\/wp-json\/wp\/v2\/posts\/138947","targetHints":{"allow":["GET"]}}],"collection":[{"href":"https:\/\/www.hoymercedes.com.ar\/principal\/wp-json\/wp\/v2\/posts"}],"about":[{"href":"https:\/\/www.hoymercedes.com.ar\/principal\/wp-json\/wp\/v2\/types\/post"}],"author":[{"embeddable":true,"href":"https:\/\/www.hoymercedes.com.ar\/principal\/wp-json\/wp\/v2\/users\/1"}],"replies":[{"embeddable":true,"href":"https:\/\/www.hoymercedes.com.ar\/principal\/wp-json\/wp\/v2\/comments?post=138947"}],"version-history":[{"count":0,"href":"https:\/\/www.hoymercedes.com.ar\/principal\/wp-json\/wp\/v2\/posts\/138947\/revisions"}],"wp:featuredmedia":[{"embeddable":true,"href":"https:\/\/www.hoymercedes.com.ar\/principal\/wp-json\/wp\/v2\/media\/138950"}],"wp:attachment":[{"href":"https:\/\/www.hoymercedes.com.ar\/principal\/wp-json\/wp\/v2\/media?parent=138947"}],"wp:term":[{"taxonomy":"category","embeddable":true,"href":"https:\/\/www.hoymercedes.com.ar\/principal\/wp-json\/wp\/v2\/categories?post=138947"},{"taxonomy":"post_tag","embeddable":true,"href":"https:\/\/www.hoymercedes.com.ar\/principal\/wp-json\/wp\/v2\/tags?post=138947"}],"curies":[{"name":"wp","href":"https:\/\/api.w.org\/{rel}","templated":true}]}}