{"id":138975,"date":"2021-10-22T11:17:00","date_gmt":"2021-10-22T14:17:00","guid":{"rendered":"http:\/\/www.hoymercedes.com.ar\/principal\/?p=138975"},"modified":"2021-10-22T14:35:33","modified_gmt":"2021-10-22T17:35:33","slug":"policia-federal-allanan-por-drogas","status":"publish","type":"post","link":"https:\/\/www.hoymercedes.com.ar\/principal\/2021\/10\/22\/policia-federal-allanan-por-drogas\/","title":{"rendered":"Polic\u00eda Federal allanan por drogas"},"content":{"rendered":"\n<p>Desde la Divisi\u00f3n Unidad Operativa Federal Mercedes de la Polic\u00eda Federal Argentina comunicaron que allanaron dos domicilios en la ciudad de Bragado por infracci\u00f3n a la lay 23.737 de droga. <\/p>\n\n\n\n<div class=\"wp-block-image\"><figure class=\"aligncenter size-full is-resized\"><img loading=\"lazy\" decoding=\"async\" data-attachment-id=\"138976\" data-permalink=\"https:\/\/www.hoymercedes.com.ar\/principal\/2021\/10\/22\/policia-federal-allanan-por-drogas\/poli-federal-1\/#main\" data-orig-file=\"https:\/\/www.hoymercedes.com.ar\/principal\/wp-content\/uploads\/2021\/10\/poli-federal-1.jpg\" data-orig-size=\"960,720\" data-comments-opened=\"0\" data-image-meta=\"{&quot;aperture&quot;:&quot;0&quot;,&quot;credit&quot;:&quot;&quot;,&quot;camera&quot;:&quot;&quot;,&quot;caption&quot;:&quot;&quot;,&quot;created_timestamp&quot;:&quot;0&quot;,&quot;copyright&quot;:&quot;&quot;,&quot;focal_length&quot;:&quot;0&quot;,&quot;iso&quot;:&quot;0&quot;,&quot;shutter_speed&quot;:&quot;0&quot;,&quot;title&quot;:&quot;&quot;,&quot;orientation&quot;:&quot;0&quot;}\" data-image-title=\"poli federal 1\" data-image-description=\"\" data-image-caption=\"\" data-large-file=\"https:\/\/www.hoymercedes.com.ar\/principal\/wp-content\/uploads\/2021\/10\/poli-federal-1.jpg\" src=\"https:\/\/www.hoymercedes.com.ar\/principal\/wp-content\/uploads\/2021\/10\/poli-federal-1.jpg\" alt=\"\" class=\"wp-image-138976\" width=\"575\" height=\"430\" srcset=\"https:\/\/www.hoymercedes.com.ar\/principal\/wp-content\/uploads\/2021\/10\/poli-federal-1.jpg 960w, https:\/\/www.hoymercedes.com.ar\/principal\/wp-content\/uploads\/2021\/10\/poli-federal-1-150x113.jpg 150w\" sizes=\"auto, (max-width: 575px) 100vw, 575px\" \/><\/figure><\/div>\n\n\n\n<p>Luego de un mes de tareas investigativas determinaron que en dos domicilios ubicados en el casco c\u00e9ntrico de la ciudad de Bragado, de produc\u00eda la venta de estupefacientes. Es as\u00ed que los efectivos lograron aportar una innumerable cantidad de pruebas que acompa\u00f1aron la investigaci\u00f3n. <\/p>\n\n\n\n<p>\u00abPor tal motivo el d\u00eda jueves 21 de octubre, en horas de la ma\u00f1ana, personal de la Divisi\u00f3n Unidad Operativa Federal Mercedes, juntamente con una unidad de contenci\u00f3n de la Direcci\u00f3n General de Orden Urbano y Federal, un grupo de irrupci\u00f3n de la Direcci\u00f3n General Fuerzas de Operaciones Especiales y dos perros detectores de drogas de la Superintendencia de Drogas Peligrosas de la Policia Federal Argentina, procedieron a llevar a cabo los allanamientos de dos domicilios de Bragado\u00bb, expresan en la comunicaci\u00f3n enviada. <\/p>\n\n\n\n<p>Los allanamientos permitieron  la detenci\u00f3n de dos hombres, mayores de edad, de nacionalidad argentina, vecinos de Bragado. Ambos est\u00e1n sospechados por la venta de estupefacientes y se los imput\u00f3 por delito de Infracci\u00f3n a la Ley 23.737 (Ley de Drogas), \u00abcomo as\u00ed tambi\u00e9n se logr\u00f3 el secuestro de estupefacientes, varios celulares con los cuales realizaban la comercializaci\u00f3n y venta y distintos elementos de inter\u00e9s para la causa\u00bb, agregan en el informe.<\/p>\n\n\n\n<p>De acuerdo a la comunicaci\u00f3n enviada por la Polic\u00eda Federal, \u00abuno de los domicilios allanados se encuentra ubicado a 50 metros de dos instituciones educativas de nivel primario, como as\u00ed tambi\u00e9n el segundo domicilio que se encuentra distante 350 metros de dos escuelas de educaci\u00f3n secundaria\u00bb.<\/p>\n\n\n\n<p>En el hecho interviene el Juzgado de Garant\u00edas N\u00b03 Departamento Judicial de Mercedes, a cargo del Dr. Guillermo Patricio Arrieta; U.F.I. N\u00b06 de Estupefacientes a cargo del Dr. Luis E. Carcagno, quien caratul\u00f3 la causa como \u201cAveriguaci\u00f3n infracci\u00f3n a la Ley 23.737\u201d. <\/p>\n","protected":false},"excerpt":{"rendered":"<p>Desde la Divisi\u00f3n Unidad Operativa Federal Mercedes de la Polic\u00eda Federal Argentina comunicaron que allanaron dos domicilios en la ciudad &#8230; <a title=\"Polic\u00eda Federal allanan por drogas\" class=\"read-more\" href=\"https:\/\/www.hoymercedes.com.ar\/principal\/2021\/10\/22\/policia-federal-allanan-por-drogas\/\" aria-label=\"Leer m\u00e1s sobre Polic\u00eda Federal allanan por drogas\">Leer m\u00e1s<\/a><\/p>\n","protected":false},"author":1,"featured_media":138976,"comment_status":"closed","ping_status":"open","sticky":false,"template":"","format":"standard","meta":{"_monsterinsights_skip_tracking":false,"_monsterinsights_sitenote_active":false,"_monsterinsights_sitenote_note":"","_monsterinsights_sitenote_category":0,"jetpack_post_was_ever_published":false,"_jetpack_newsletter_access":"","_jetpack_dont_email_post_to_subs":false,"_jetpack_newsletter_tier_id":0,"_jetpack_memberships_contains_paywalled_content":false,"_jetpack_memberships_contains_paid_content":false,"footnotes":"","jetpack_publicize_message":"","jetpack_publicize_feature_enabled":true,"jetpack_social_post_already_shared":true,"jetpack_social_options":{"image_generator_settings":{"template":"highway","default_image_id":0,"font":"","enabled":false},"version":2},"_wpas_customize_per_network":false},"categories":[85],"tags":[],"class_list":["post-138975","post","type-post","status-publish","format-standard","has-post-thumbnail","hentry","category-policial","generate-columns","tablet-grid-50","mobile-grid-100","grid-parent","grid-50"],"jetpack_publicize_connections":[],"jetpack_featured_media_url":"https:\/\/www.hoymercedes.com.ar\/principal\/wp-content\/uploads\/2021\/10\/poli-federal-1.jpg","wps_subtitle":"","jetpack_sharing_enabled":true,"_links":{"self":[{"href":"https:\/\/www.hoymercedes.com.ar\/principal\/wp-json\/wp\/v2\/posts\/138975","targetHints":{"allow":["GET"]}}],"collection":[{"href":"https:\/\/www.hoymercedes.com.ar\/principal\/wp-json\/wp\/v2\/posts"}],"about":[{"href":"https:\/\/www.hoymercedes.com.ar\/principal\/wp-json\/wp\/v2\/types\/post"}],"author":[{"embeddable":true,"href":"https:\/\/www.hoymercedes.com.ar\/principal\/wp-json\/wp\/v2\/users\/1"}],"replies":[{"embeddable":true,"href":"https:\/\/www.hoymercedes.com.ar\/principal\/wp-json\/wp\/v2\/comments?post=138975"}],"version-history":[{"count":0,"href":"https:\/\/www.hoymercedes.com.ar\/principal\/wp-json\/wp\/v2\/posts\/138975\/revisions"}],"wp:featuredmedia":[{"embeddable":true,"href":"https:\/\/www.hoymercedes.com.ar\/principal\/wp-json\/wp\/v2\/media\/138976"}],"wp:attachment":[{"href":"https:\/\/www.hoymercedes.com.ar\/principal\/wp-json\/wp\/v2\/media?parent=138975"}],"wp:term":[{"taxonomy":"category","embeddable":true,"href":"https:\/\/www.hoymercedes.com.ar\/principal\/wp-json\/wp\/v2\/categories?post=138975"},{"taxonomy":"post_tag","embeddable":true,"href":"https:\/\/www.hoymercedes.com.ar\/principal\/wp-json\/wp\/v2\/tags?post=138975"}],"curies":[{"name":"wp","href":"https:\/\/api.w.org\/{rel}","templated":true}]}}