{"id":13901,"date":"2012-06-23T03:52:33","date_gmt":"2012-06-23T03:52:33","guid":{"rendered":"http:\/\/www.hoymercedes.com.ar\/principal\/?p=13901"},"modified":"2012-06-23T03:52:33","modified_gmt":"2012-06-23T03:52:33","slug":"sindicato-trabajadores-municipales-convoca-a-elecciones","status":"publish","type":"post","link":"https:\/\/www.hoymercedes.com.ar\/principal\/2012\/06\/23\/sindicato-trabajadores-municipales-convoca-a-elecciones\/","title":{"rendered":"Sindicato Trabajadores Municipales convoca a elecciones"},"content":{"rendered":"<p>El Sindicato de Trabajadores Municipales de Mercedes convoca a elecciones para el per\u00edodo 2012 &#8211; 2016 a desarrollarse el pr\u00f3ximo viernes 29. A los afiliados, el sindicato, los convoca con la siguiente invitaci\u00f3n:<\/p>\n<p>El Sindicato de Trabajadores Municipales de Mercedes, les recuerda e invita a todos sus afiliados a participar de las elecciones del Consejo Directivo de nuestra federaci\u00f3n FeSiMuBo para el periodo 2012-2016.<\/p>\n<p>Las mismas se desarrollan el viernes 29 de junio de 8:00hs a 18:00hs, las mesas para votar estar\u00e1n ubicadas en el Sindicato de Trabajadores Municipales de Mercedes ubicado en Calle 10 N\u00b0 738.<\/p>\n<p>Desde ya muchas gracias.<\/p>\n<p>Sindicato de Trabajadores Municipales de Mercedes (STMM)<\/p>\n","protected":false},"excerpt":{"rendered":"<p>El Sindicato de Trabajadores Municipales de Mercedes convoca a elecciones para el per\u00edodo 2012 &#8211; 2016 a desarrollarse el pr\u00f3ximo &#8230; <a title=\"Sindicato Trabajadores Municipales convoca a elecciones\" class=\"read-more\" href=\"https:\/\/www.hoymercedes.com.ar\/principal\/2012\/06\/23\/sindicato-trabajadores-municipales-convoca-a-elecciones\/\" aria-label=\"Leer m\u00e1s sobre Sindicato Trabajadores Municipales convoca a elecciones\">Leer m\u00e1s<\/a><\/p>\n","protected":false},"author":1,"featured_media":0,"comment_status":"open","ping_status":"open","sticky":false,"template":"","format":"standard","meta":{"_monsterinsights_skip_tracking":false,"_monsterinsights_sitenote_active":false,"_monsterinsights_sitenote_note":"","_monsterinsights_sitenote_category":0,"jetpack_post_was_ever_published":false,"_jetpack_newsletter_access":"","_jetpack_dont_email_post_to_subs":false,"_jetpack_newsletter_tier_id":0,"_jetpack_memberships_contains_paywalled_content":false,"_jetpack_memberships_contains_paid_content":false,"footnotes":"","jetpack_publicize_message":"","jetpack_publicize_feature_enabled":true,"jetpack_social_post_already_shared":false,"jetpack_social_options":{"image_generator_settings":{"template":"highway","default_image_id":0,"font":"","enabled":false},"version":2},"_wpas_customize_per_network":false},"categories":[5],"tags":[2406,2295],"class_list":["post-13901","post","type-post","status-publish","format-standard","hentry","category-politica","tag-elecciones-trabajadores-municipales","tag-fesimubo","generate-columns","tablet-grid-50","mobile-grid-100","grid-parent","grid-50"],"jetpack_publicize_connections":[],"jetpack_featured_media_url":"","wps_subtitle":"","jetpack_sharing_enabled":true,"_links":{"self":[{"href":"https:\/\/www.hoymercedes.com.ar\/principal\/wp-json\/wp\/v2\/posts\/13901","targetHints":{"allow":["GET"]}}],"collection":[{"href":"https:\/\/www.hoymercedes.com.ar\/principal\/wp-json\/wp\/v2\/posts"}],"about":[{"href":"https:\/\/www.hoymercedes.com.ar\/principal\/wp-json\/wp\/v2\/types\/post"}],"author":[{"embeddable":true,"href":"https:\/\/www.hoymercedes.com.ar\/principal\/wp-json\/wp\/v2\/users\/1"}],"replies":[{"embeddable":true,"href":"https:\/\/www.hoymercedes.com.ar\/principal\/wp-json\/wp\/v2\/comments?post=13901"}],"version-history":[{"count":0,"href":"https:\/\/www.hoymercedes.com.ar\/principal\/wp-json\/wp\/v2\/posts\/13901\/revisions"}],"wp:attachment":[{"href":"https:\/\/www.hoymercedes.com.ar\/principal\/wp-json\/wp\/v2\/media?parent=13901"}],"wp:term":[{"taxonomy":"category","embeddable":true,"href":"https:\/\/www.hoymercedes.com.ar\/principal\/wp-json\/wp\/v2\/categories?post=13901"},{"taxonomy":"post_tag","embeddable":true,"href":"https:\/\/www.hoymercedes.com.ar\/principal\/wp-json\/wp\/v2\/tags?post=13901"}],"curies":[{"name":"wp","href":"https:\/\/api.w.org\/{rel}","templated":true}]}}