{"id":139021,"date":"2021-10-23T19:30:00","date_gmt":"2021-10-23T22:30:00","guid":{"rendered":"https:\/\/www.hoymercedes.com.ar\/principal\/?p=139021"},"modified":"2021-10-23T21:09:30","modified_gmt":"2021-10-24T00:09:30","slug":"mato-a-su-mujer-y-despues-se-suicido","status":"publish","type":"post","link":"https:\/\/www.hoymercedes.com.ar\/principal\/2021\/10\/23\/mato-a-su-mujer-y-despues-se-suicido\/","title":{"rendered":"Mat\u00f3 a su mujer y despu\u00e9s se suicid\u00f3"},"content":{"rendered":"\n<p>Personal de la Estaci\u00f3n de Polic\u00eda Comunal de San Antonio de Areco, tom\u00f3 intervenci\u00f3n en un en el cual resultan fallecidas una pareja. Trascendi\u00f3 que un hombre de 54 a\u00f1os, asesin\u00f3 de un disparo a su ex pareja de 56 y se suicid\u00f3.  <\/p>\n\n\n\n<p>De acuerdo a la informaci\u00f3n llegada desde San Antonio de Areco,  la hija de los fallecidos les refiri\u00f3 que dentro de la propiedad se encontraban los cuerpos baleados de sus padres. Es as\u00ed que se realizaron tareas en el mismo sitio personal de la Unidad Criminal\u00edstica, Polic\u00eda Cient\u00edfica -ante la presencia de Autoridades Judiciales- con la finalidad de establecer lo acontecido.<\/p>\n\n\n\n<p>Al ingresar al domicilio, los agentes se toparon con los cad\u00e1veres y con un arma de fuego. En un principio, la causa estaba caratulada como \u201caveriguaci\u00f3n de causal de muertes\u201d, sin embargo, ante la evidencia encontrada en el lugar de los hechos, se recaratul\u00f3 como \u201cfemicidio seguido de suicidio\u201d.<\/p>\n\n\n\n<p>El hecho ocurri\u00f3 en la propiedad en donde ambos conviv\u00edan. Los primeros datos de la investigaci\u00f3n marcan que la mujer ya hab\u00eda realizado denuncias por violencia de g\u00e9nero y hasta ten\u00eda un bot\u00f3n antip\u00e1nico. En ese marco, los peritos de la Polic\u00eda Cient\u00edfica trabajaban esta tarde en la escena del crimen y se aguardaba el resultado de las autopsias.<\/p>\n\n\n\n<p>Interviene en la causa el fiscal Luis Carcagno, de la Unidad Funcional de Instrucci\u00f3n (UFI) 6 del Departamento Judicial de Mercedes, quien supervis\u00f3 las tareas en el lugar.<\/p>\n\n\n\n<p>Fuente: Bosco Producciones de San Antonio de Areco e Infociudad de San Andr\u00e9s de Giles. <\/p>\n","protected":false},"excerpt":{"rendered":"<p>Personal de la Estaci\u00f3n de Polic\u00eda Comunal de San Antonio de Areco, tom\u00f3 intervenci\u00f3n en un en el cual resultan &#8230; <a title=\"Mat\u00f3 a su mujer y despu\u00e9s se suicid\u00f3\" class=\"read-more\" href=\"https:\/\/www.hoymercedes.com.ar\/principal\/2021\/10\/23\/mato-a-su-mujer-y-despues-se-suicido\/\" aria-label=\"Leer m\u00e1s sobre Mat\u00f3 a su mujer y despu\u00e9s se suicid\u00f3\">Leer m\u00e1s<\/a><\/p>\n","protected":false},"author":1,"featured_media":139019,"comment_status":"closed","ping_status":"open","sticky":false,"template":"","format":"standard","meta":{"_monsterinsights_skip_tracking":false,"_monsterinsights_sitenote_active":false,"_monsterinsights_sitenote_note":"","_monsterinsights_sitenote_category":0,"jetpack_post_was_ever_published":false,"_jetpack_newsletter_access":"","_jetpack_dont_email_post_to_subs":false,"_jetpack_newsletter_tier_id":0,"_jetpack_memberships_contains_paywalled_content":false,"_jetpack_memberships_contains_paid_content":false,"footnotes":"","jetpack_publicize_message":"","jetpack_publicize_feature_enabled":true,"jetpack_social_post_already_shared":true,"jetpack_social_options":{"image_generator_settings":{"template":"highway","default_image_id":0,"font":"","enabled":false},"version":2},"_wpas_customize_per_network":false},"categories":[85],"tags":[],"class_list":["post-139021","post","type-post","status-publish","format-standard","has-post-thumbnail","hentry","category-policial","generate-columns","tablet-grid-50","mobile-grid-100","grid-parent","grid-50"],"jetpack_publicize_connections":[],"jetpack_featured_media_url":"https:\/\/www.hoymercedes.com.ar\/principal\/wp-content\/uploads\/2021\/10\/poli-San-Antonio-Areco.jpeg","wps_subtitle":"Regional","jetpack_sharing_enabled":true,"_links":{"self":[{"href":"https:\/\/www.hoymercedes.com.ar\/principal\/wp-json\/wp\/v2\/posts\/139021","targetHints":{"allow":["GET"]}}],"collection":[{"href":"https:\/\/www.hoymercedes.com.ar\/principal\/wp-json\/wp\/v2\/posts"}],"about":[{"href":"https:\/\/www.hoymercedes.com.ar\/principal\/wp-json\/wp\/v2\/types\/post"}],"author":[{"embeddable":true,"href":"https:\/\/www.hoymercedes.com.ar\/principal\/wp-json\/wp\/v2\/users\/1"}],"replies":[{"embeddable":true,"href":"https:\/\/www.hoymercedes.com.ar\/principal\/wp-json\/wp\/v2\/comments?post=139021"}],"version-history":[{"count":0,"href":"https:\/\/www.hoymercedes.com.ar\/principal\/wp-json\/wp\/v2\/posts\/139021\/revisions"}],"wp:featuredmedia":[{"embeddable":true,"href":"https:\/\/www.hoymercedes.com.ar\/principal\/wp-json\/wp\/v2\/media\/139019"}],"wp:attachment":[{"href":"https:\/\/www.hoymercedes.com.ar\/principal\/wp-json\/wp\/v2\/media?parent=139021"}],"wp:term":[{"taxonomy":"category","embeddable":true,"href":"https:\/\/www.hoymercedes.com.ar\/principal\/wp-json\/wp\/v2\/categories?post=139021"},{"taxonomy":"post_tag","embeddable":true,"href":"https:\/\/www.hoymercedes.com.ar\/principal\/wp-json\/wp\/v2\/tags?post=139021"}],"curies":[{"name":"wp","href":"https:\/\/api.w.org\/{rel}","templated":true}]}}