{"id":139103,"date":"2021-10-25T21:02:19","date_gmt":"2021-10-26T00:02:19","guid":{"rendered":"https:\/\/www.hoymercedes.com.ar\/principal\/?p=139103"},"modified":"2021-10-25T21:03:37","modified_gmt":"2021-10-26T00:03:37","slug":"aeroclub-mercedes-planteo-ocupacion-ilegitima-e-inclumiento-del-decreto-2199-77","status":"publish","type":"post","link":"https:\/\/www.hoymercedes.com.ar\/principal\/2021\/10\/25\/aeroclub-mercedes-planteo-ocupacion-ilegitima-e-inclumiento-del-decreto-2199-77\/","title":{"rendered":"Aeroclub Mercedes plante\u00f3 ocupaci\u00f3n ileg\u00edtima e inclumiento del Decreto 2199\/77"},"content":{"rendered":"\n<p>En el marco de una nueva sesi\u00f3n del Concejo Deliberante, el flamante presidente del Aeroclub Mercedes, Diego Hern\u00e1n Ense\u00f1at, expuso ante los legisladores locales la situaci\u00f3n actual de la instituci\u00f3n haciendo uso de la banca participativa. En su discurso explic\u00f3 que una parte del predio era ocupado de manera ileg\u00edtima por una empresa privada, adem\u00e1s del incumplimiento del Decreto 2199\/77 que establece la relaci\u00f3n entre el Aeroclub y el Municipio en cuanto a sus construcciones. Tambi\u00e9n solicitaron modificar el acuerdo firmado en 2019 que cont\u00f3 con el aval del HCD. <\/p>\n\n\n\n<figure class=\"wp-block-embed is-type-rich is-provider-gestor-del-servicio wp-block-embed-gestor-del-servicio\"><div class=\"wp-block-embed__wrapper\">\n<div class=\"fb-video\" data-allowfullscreen=\"true\" data-href=\"https:\/\/www.facebook.com\/100042549144307\/videos\/425807135722725\/\" style=\"background-color: #fff; display: inline-block;\"><\/div>\n<\/div><\/figure>\n\n\n\n<p>Diego Ense\u00f1at, electo presidente del Aeroclub Mercedes en septiembre pasado explic\u00f3 que est\u00e1n sufriendo \u201cavasallamiento\u201d y est\u00e1n en una situaci\u00f3n de conflicto legal y pol\u00edtico y solicit\u00f3 ayuda del Concejo Deliberante. \u201cCon la llegada de una nueva actividad aerea, a trav\u00e9s de una empresa privada, llegaron los conflictos dentro de las instalaciones. Actividad que en principio apoyamos porque nuestra finalidad es propender, apoyar y pregonar todas las actividades aereas deportivas. No importa si la trae una empresa, una sociedad privada, el Estado u otra asociaci\u00f3n deportiva. Lo que importa es que esa actividad se desarrolle dentro de los marcos legales, pregonando la seguridad operacional\u201d, expres\u00f3.<\/p>\n\n\n\n<p>\u201cLo m\u00e1s preocupante para nosotros es que el Club cuenta con diferentes instalaciones dentro del predio. De las cuales dos se encuentran ocupadas de forma ileg\u00edtima por esta sociedad privada. Me refiero al AeroBar, el buffet del Aeroclub y a la vivienda para casero, que hoy no la podemos utilizar. Propiedades hist\u00f3ricas, reconocidas, que fueron realizadas con fondos de la instituci\u00f3n\u201d, destac\u00f3. Ense\u00f1at cont\u00f3 que hay una ocupaci\u00f3n ileg\u00edtima que est\u00e1 en mano de la justicia, pero que el tema \u201csacudi\u00f3 al Municipio\u201d y solicit\u00f3 que se cumpla con el Decreto 2199\/77. Ante los concejales pregunt\u00f3: \u201c\u00bfPor qu\u00e9 la Municipalidad de Mercedes no nos puede garantizar el debido cumplimiento del Decreto? \u00bfPor qu\u00e9 el Municipio mir\u00f3 hacia el costado cu\u00e1ndo desesperadamente, en muchas ocasiones, les solicitamos ayuda ante la intromisi\u00f3n?\u201d<\/p>\n\n\n\n<p>\u201cYo tengo la respuesta para eso. Esta empresa privada vino con un proyecto ambicioso, llamativo, de indole tur\u00edstico, de niveles internacionales. Algo que, remitiendome a la brevedad, no pas\u00f3 y por conocimiento t\u00e9cnico en la materia, porque soy piloto, no va a pasar. Este proyecto s\u00f3lo qued\u00f3 en la fase de potencia y nunca se concret\u00f3. Hoy en d\u00eda el Municipio cree que este proyecto se va a poder concretar y que la ciudad podr\u00e1 crecer tur\u00edsticamente, que los comercios podr\u00e1n vender y habr\u00e1 muchos puestos de trabajo, pero no ser\u00e1 as\u00ed\u201d, expres\u00f3 Ense\u00f1at.<\/p>\n\n\n\n<p>\u201cEsto es algo ut\u00f3pico y nada m\u00e1s sirve para la campa\u00f1a pol\u00edtica. Disculpenme el atrevimiento. En esas sinton\u00eda de creencias, sistem\u00e1ticamente varios funcionarios del orden ejectivo municipal y personajes menores de la comunidad, se han dedicado a arrojar tierra sobre la instituci\u00f3n que dignamente presido, sobre sus socios, inventando intervenciones, contando mentiras que no hacen m\u00e1s que da\u00f1ar nuestro buen nombre y honor. De esa forma, la Municipalidad foment\u00f3 varios encontronazos con quienes hoy en d\u00eda tienen acuerdos privados con el Aeroclub. Tratandonos de deslealesy un mont\u00f3n de cosas por las cuales tuvimos que salir a contestar por ello\u201d, agreg\u00f3 el flamante presidente de la instituci\u00f3n.<\/p>\n\n\n\n<p>\u201cPara mejor comprensi\u00f3n de lo que nosotros estamos pidiendo en esta banca participativa, quiero explicar que el Decreto 2199\/77 es un contrato tipo, entre la provincia de Buenos Aires y las Municipalidades que en el a\u00f1o &#8217;77 contaban con aerodromos. En el mismo, los organismos comunales adquieren la calidad de depositario de los aer\u00f3dromos, pero en uno de sus art\u00edculos se aclara que todas las construcciones realizadas con anterioridad al a\u00f1o 77 se le debe autorizar al uso exclusivo de sus propietarios. En este caso, el Aeroclub Mercedes. Eso no est\u00e1 pasando\u201d, resalt\u00f3 Ense\u00f1at.<\/p>\n\n\n\n<div class=\"wp-block-image\"><figure class=\"aligncenter size-full\"><img loading=\"lazy\" decoding=\"async\" width=\"800\" height=\"533\" data-attachment-id=\"139105\" data-permalink=\"https:\/\/www.hoymercedes.com.ar\/principal\/2021\/10\/25\/aeroclub-mercedes-planteo-ocupacion-ilegitima-e-inclumiento-del-decreto-2199-77\/aeroclub-banca-participativa\/#main\" data-orig-file=\"https:\/\/www.hoymercedes.com.ar\/principal\/wp-content\/uploads\/2021\/10\/aeroclub-banca-participativa.png\" data-orig-size=\"800,533\" data-comments-opened=\"0\" data-image-meta=\"{&quot;aperture&quot;:&quot;0&quot;,&quot;credit&quot;:&quot;&quot;,&quot;camera&quot;:&quot;&quot;,&quot;caption&quot;:&quot;&quot;,&quot;created_timestamp&quot;:&quot;0&quot;,&quot;copyright&quot;:&quot;&quot;,&quot;focal_length&quot;:&quot;0&quot;,&quot;iso&quot;:&quot;0&quot;,&quot;shutter_speed&quot;:&quot;0&quot;,&quot;title&quot;:&quot;&quot;,&quot;orientation&quot;:&quot;0&quot;}\" data-image-title=\"aeroclub banca participativa\" data-image-description=\"\" data-image-caption=\"\" data-large-file=\"https:\/\/www.hoymercedes.com.ar\/principal\/wp-content\/uploads\/2021\/10\/aeroclub-banca-participativa.png\" src=\"https:\/\/www.hoymercedes.com.ar\/principal\/wp-content\/uploads\/2021\/10\/aeroclub-banca-participativa.png\" alt=\"\" class=\"wp-image-139105\" srcset=\"https:\/\/www.hoymercedes.com.ar\/principal\/wp-content\/uploads\/2021\/10\/aeroclub-banca-participativa.png 800w, https:\/\/www.hoymercedes.com.ar\/principal\/wp-content\/uploads\/2021\/10\/aeroclub-banca-participativa-630x420.png 630w, https:\/\/www.hoymercedes.com.ar\/principal\/wp-content\/uploads\/2021\/10\/aeroclub-banca-participativa-150x100.png 150w, https:\/\/www.hoymercedes.com.ar\/principal\/wp-content\/uploads\/2021\/10\/aeroclub-banca-participativa-700x465.png 700w\" sizes=\"auto, (max-width: 800px) 100vw, 800px\" \/><figcaption>Diego Ense\u00f1at, flamante presidente del Aeroclub Mercedes<\/figcaption><\/figure><\/div>\n\n\n\n<p>\u201cYo entiendo, y hablo por la comisi\u00f3n, que autorizar es dar, reconocer o permitir a alguien la facultad o derecho para hacer sobre algo, sobre una cosa. Nuestro derecho no nace de un capricho, ni una ocurrencia del Aeroclub mismo, sino que es un derecho reconocido y adquirido ante la firma de un acta de reconocimiento, valga la redundancia, que entr\u00f3 en vigencia en el a\u00f1o &#8217;77. Reconocido por el \u00f3rgano de contralor por excelencia provincial que es la Direcci\u00f3n Provincial de Aeronavegaci\u00f3n Oficial y Planificaci\u00f3n Aeroportuaria y por la Municipalidad de aquel momento\u201d, acot\u00f3 y agreg\u00f3 que se entregar\u00e1 copia de la documentaci\u00f3n respaldatoria.<\/p>\n\n\n\n<p>\u201cEste pedido iba a rondar en la modificaci\u00f3n del contrato que hab\u00eda firmado la Municipalidad y que lo hizo a trav\u00e9s del Concejo Deliberante en su momento en el a\u00f1o 2019, entre la Muncipalidad y el Aeroclub Mercedes. Pero hoy el pedido tambi\u00e9n es otro. Hoy acudimos ante ustedes se\u00f1or Presidente para que intermedien con los Concejales y nos ayuden a recuperar esas propiedades hist\u00f3ricas porque son un beneficio para el club, garantizando el cumplimiento del decreto. No queremos que nos sometan m\u00e1s, que no nos subyugen m\u00e1s a los juegos pol\u00edticos de los altos intereses del poder ejecutivo de este Municipio. Porque sabemos las cosas que han estado diciendo a varias personas en la sociedad, en nuestra comunidad. Tienen las intenciones, de alguna manera u otra, de intervenir el Aeroclub y no se lo vamos a permitir. Por eso, hoy estamos ac\u00e1 y la comisi\u00f3n directiva que represento, no lo vamos a permitir\u201d, resalt\u00f3 el presidente de la instituci\u00f3n.<\/p>\n\n\n\n<p>\u201cEsta parte viene luchando hace un a\u00f1o y medio en el silencio. Cuidando los buenos modos y la confianza que ten\u00edamos en el \u00f3rgano municipal. Digo ten\u00edamos, porque hoy ya no la tenemo. Porque sabemos las jugadas que tienen. El Municipio en principio con su pasividad, nos dej\u00f3 expuestos como vecinos a tolerar lo intolerable. Ensuciaron el buen nombre y honor de un vecino querido y respetado por la comunidad mercedina y aeronautica como es el se\u00f1or Eduardo Voloni. Quien encabez\u00f3 muchas comisiones directivas en el club. Incansablemente destin\u00f3 de forma ininterrumpida 18 a\u00f1os de su vida para mantener habilitada las pistas junto con sus comisiones, para mantener la infraestructura del club, para propender a la actividad aeronautica y aerodeportiva. El se\u00f1or Voloni toler\u00f3 violencia, fue v\u00edctima de amenazas por parte de estas personas que hoy se encuentran ocupando ileg\u00edstimamente las propiedades del club. Burlas. Fue expuesto ante el sistema judicial. Tuvo que tolerar la realizaci\u00f3n de actividad ilegal de vuelos, siendo \u00e9l presidente, comunic\u00e1ndoselo \u00e9l a la Municipalidad y sin que la Municipalidad no haga nada\u201d, resalt\u00f3 hablando del presidente hist\u00f3rico de la instituci\u00f3n que se encontraba detr\u00e1s de Ense\u00f1at.<\/p>\n\n\n\n<div class=\"wp-block-image\"><figure class=\"aligncenter size-full\"><img loading=\"lazy\" decoding=\"async\" width=\"800\" height=\"533\" data-attachment-id=\"139104\" data-permalink=\"https:\/\/www.hoymercedes.com.ar\/principal\/2021\/10\/25\/aeroclub-mercedes-planteo-ocupacion-ilegitima-e-inclumiento-del-decreto-2199-77\/whatsapp-image-2021-10-25-at-19-32-56\/#main\" data-orig-file=\"https:\/\/www.hoymercedes.com.ar\/principal\/wp-content\/uploads\/2021\/10\/WhatsApp-Image-2021-10-25-at-19.32.56.jpeg\" data-orig-size=\"800,533\" data-comments-opened=\"0\" data-image-meta=\"{&quot;aperture&quot;:&quot;0&quot;,&quot;credit&quot;:&quot;&quot;,&quot;camera&quot;:&quot;&quot;,&quot;caption&quot;:&quot;&quot;,&quot;created_timestamp&quot;:&quot;1635191114&quot;,&quot;copyright&quot;:&quot;&quot;,&quot;focal_length&quot;:&quot;0&quot;,&quot;iso&quot;:&quot;0&quot;,&quot;shutter_speed&quot;:&quot;0&quot;,&quot;title&quot;:&quot;&quot;,&quot;orientation&quot;:&quot;1&quot;}\" data-image-title=\"WhatsApp Image 2021-10-25 at 19.32.56\" data-image-description=\"\" data-image-caption=\"\" data-large-file=\"https:\/\/www.hoymercedes.com.ar\/principal\/wp-content\/uploads\/2021\/10\/WhatsApp-Image-2021-10-25-at-19.32.56.jpeg\" src=\"https:\/\/www.hoymercedes.com.ar\/principal\/wp-content\/uploads\/2021\/10\/WhatsApp-Image-2021-10-25-at-19.32.56.jpeg\" alt=\"\" class=\"wp-image-139104\" srcset=\"https:\/\/www.hoymercedes.com.ar\/principal\/wp-content\/uploads\/2021\/10\/WhatsApp-Image-2021-10-25-at-19.32.56.jpeg 800w, https:\/\/www.hoymercedes.com.ar\/principal\/wp-content\/uploads\/2021\/10\/WhatsApp-Image-2021-10-25-at-19.32.56-630x420.jpeg 630w, https:\/\/www.hoymercedes.com.ar\/principal\/wp-content\/uploads\/2021\/10\/WhatsApp-Image-2021-10-25-at-19.32.56-150x100.jpeg 150w, https:\/\/www.hoymercedes.com.ar\/principal\/wp-content\/uploads\/2021\/10\/WhatsApp-Image-2021-10-25-at-19.32.56-700x465.jpeg 700w\" sizes=\"auto, (max-width: 800px) 100vw, 800px\" \/><\/figure><\/div>\n","protected":false},"excerpt":{"rendered":"<p>En el marco de una nueva sesi\u00f3n del Concejo Deliberante, el flamante presidente del Aeroclub Mercedes, Diego Hern\u00e1n Ense\u00f1at, expuso &#8230; <a title=\"Aeroclub Mercedes plante\u00f3 ocupaci\u00f3n ileg\u00edtima e inclumiento del Decreto 2199\/77\" class=\"read-more\" href=\"https:\/\/www.hoymercedes.com.ar\/principal\/2021\/10\/25\/aeroclub-mercedes-planteo-ocupacion-ilegitima-e-inclumiento-del-decreto-2199-77\/\" aria-label=\"Leer m\u00e1s sobre Aeroclub Mercedes plante\u00f3 ocupaci\u00f3n ileg\u00edtima e inclumiento del Decreto 2199\/77\">Leer m\u00e1s<\/a><\/p>\n","protected":false},"author":1,"featured_media":139104,"comment_status":"closed","ping_status":"open","sticky":false,"template":"","format":"standard","meta":{"_monsterinsights_skip_tracking":false,"_monsterinsights_sitenote_active":false,"_monsterinsights_sitenote_note":"","_monsterinsights_sitenote_category":0,"jetpack_post_was_ever_published":false,"_jetpack_newsletter_access":"","_jetpack_dont_email_post_to_subs":false,"_jetpack_newsletter_tier_id":0,"_jetpack_memberships_contains_paywalled_content":false,"_jetpack_memberships_contains_paid_content":false,"footnotes":"","jetpack_publicize_message":"","jetpack_publicize_feature_enabled":true,"jetpack_social_post_already_shared":true,"jetpack_social_options":{"image_generator_settings":{"template":"highway","default_image_id":0,"font":"","enabled":false},"version":2},"_wpas_customize_per_network":false},"categories":[5],"tags":[1613,18076,18077,5319,100],"class_list":["post-139103","post","type-post","status-publish","format-standard","has-post-thumbnail","hentry","category-politica","tag-aeroclub-mercedes","tag-banca-participatica","tag-ocupacion-ilegal","tag-politica-2","tag-reclamo","generate-columns","tablet-grid-50","mobile-grid-100","grid-parent","grid-50"],"jetpack_publicize_connections":[],"jetpack_featured_media_url":"https:\/\/www.hoymercedes.com.ar\/principal\/wp-content\/uploads\/2021\/10\/WhatsApp-Image-2021-10-25-at-19.32.56.jpeg","wps_subtitle":"Banca participativa ante los concejales","jetpack_sharing_enabled":true,"_links":{"self":[{"href":"https:\/\/www.hoymercedes.com.ar\/principal\/wp-json\/wp\/v2\/posts\/139103","targetHints":{"allow":["GET"]}}],"collection":[{"href":"https:\/\/www.hoymercedes.com.ar\/principal\/wp-json\/wp\/v2\/posts"}],"about":[{"href":"https:\/\/www.hoymercedes.com.ar\/principal\/wp-json\/wp\/v2\/types\/post"}],"author":[{"embeddable":true,"href":"https:\/\/www.hoymercedes.com.ar\/principal\/wp-json\/wp\/v2\/users\/1"}],"replies":[{"embeddable":true,"href":"https:\/\/www.hoymercedes.com.ar\/principal\/wp-json\/wp\/v2\/comments?post=139103"}],"version-history":[{"count":0,"href":"https:\/\/www.hoymercedes.com.ar\/principal\/wp-json\/wp\/v2\/posts\/139103\/revisions"}],"wp:featuredmedia":[{"embeddable":true,"href":"https:\/\/www.hoymercedes.com.ar\/principal\/wp-json\/wp\/v2\/media\/139104"}],"wp:attachment":[{"href":"https:\/\/www.hoymercedes.com.ar\/principal\/wp-json\/wp\/v2\/media?parent=139103"}],"wp:term":[{"taxonomy":"category","embeddable":true,"href":"https:\/\/www.hoymercedes.com.ar\/principal\/wp-json\/wp\/v2\/categories?post=139103"},{"taxonomy":"post_tag","embeddable":true,"href":"https:\/\/www.hoymercedes.com.ar\/principal\/wp-json\/wp\/v2\/tags?post=139103"}],"curies":[{"name":"wp","href":"https:\/\/api.w.org\/{rel}","templated":true}]}}