{"id":139205,"date":"2021-10-27T22:28:09","date_gmt":"2021-10-28T01:28:09","guid":{"rendered":"https:\/\/www.hoymercedes.com.ar\/principal\/?p=139205"},"modified":"2021-10-27T22:28:15","modified_gmt":"2021-10-28T01:28:15","slug":"covid-en-el-pais-un-positivo-entre-47-test","status":"publish","type":"post","link":"https:\/\/www.hoymercedes.com.ar\/principal\/2021\/10\/27\/covid-en-el-pais-un-positivo-entre-47-test\/","title":{"rendered":"Covid en el pa\u00eds: Un positivo entre 47 test"},"content":{"rendered":"\n<p>La informaci\u00f3n epidemiol\u00f3gica del d\u00eda mi\u00e9rcoles confirma un positivo entre los 47 an\u00e1lisis procesados en la jornada. Asimismo, son dos los pacientes que obtuvieron el alta. Con estas cufras son cuatro los pacientes que est\u00e1n transitando la enfermedad covid-19. <\/p>\n\n\n\n<div class=\"wp-block-image\"><figure class=\"aligncenter size-full\"><img loading=\"lazy\" decoding=\"async\" width=\"900\" height=\"900\" data-attachment-id=\"139206\" data-permalink=\"https:\/\/www.hoymercedes.com.ar\/principal\/2021\/10\/27\/covid-en-el-pais-un-positivo-entre-47-test\/whatsapp-image-2021-10-27-at-21-32-48\/#main\" data-orig-file=\"https:\/\/www.hoymercedes.com.ar\/principal\/wp-content\/uploads\/2021\/10\/WhatsApp-Image-2021-10-27-at-21.32.48.jpeg\" data-orig-size=\"900,900\" data-comments-opened=\"0\" data-image-meta=\"{&quot;aperture&quot;:&quot;0&quot;,&quot;credit&quot;:&quot;&quot;,&quot;camera&quot;:&quot;&quot;,&quot;caption&quot;:&quot;&quot;,&quot;created_timestamp&quot;:&quot;0&quot;,&quot;copyright&quot;:&quot;&quot;,&quot;focal_length&quot;:&quot;0&quot;,&quot;iso&quot;:&quot;0&quot;,&quot;shutter_speed&quot;:&quot;0&quot;,&quot;title&quot;:&quot;&quot;,&quot;orientation&quot;:&quot;0&quot;}\" data-image-title=\"WhatsApp Image 2021-10-27 at 21.32.48\" data-image-description=\"\" data-image-caption=\"\" data-large-file=\"https:\/\/www.hoymercedes.com.ar\/principal\/wp-content\/uploads\/2021\/10\/WhatsApp-Image-2021-10-27-at-21.32.48.jpeg\" src=\"https:\/\/www.hoymercedes.com.ar\/principal\/wp-content\/uploads\/2021\/10\/WhatsApp-Image-2021-10-27-at-21.32.48.jpeg\" alt=\"\" class=\"wp-image-139206\" srcset=\"https:\/\/www.hoymercedes.com.ar\/principal\/wp-content\/uploads\/2021\/10\/WhatsApp-Image-2021-10-27-at-21.32.48.jpeg 900w, https:\/\/www.hoymercedes.com.ar\/principal\/wp-content\/uploads\/2021\/10\/WhatsApp-Image-2021-10-27-at-21.32.48-620x620.jpeg 620w, https:\/\/www.hoymercedes.com.ar\/principal\/wp-content\/uploads\/2021\/10\/WhatsApp-Image-2021-10-27-at-21.32.48-150x150.jpeg 150w\" sizes=\"auto, (max-width: 900px) 100vw, 900px\" \/><\/figure><\/div>\n","protected":false},"excerpt":{"rendered":"<p>La informaci\u00f3n epidemiol\u00f3gica del d\u00eda mi\u00e9rcoles confirma un positivo entre los 47 an\u00e1lisis procesados en la jornada. Asimismo, son dos &#8230; <a title=\"Covid en el pa\u00eds: Un positivo entre 47 test\" class=\"read-more\" href=\"https:\/\/www.hoymercedes.com.ar\/principal\/2021\/10\/27\/covid-en-el-pais-un-positivo-entre-47-test\/\" aria-label=\"Leer m\u00e1s sobre Covid en el pa\u00eds: Un positivo entre 47 test\">Leer m\u00e1s<\/a><\/p>\n","protected":false},"author":1,"featured_media":139206,"comment_status":"closed","ping_status":"open","sticky":false,"template":"","format":"standard","meta":{"_monsterinsights_skip_tracking":false,"_monsterinsights_sitenote_active":false,"_monsterinsights_sitenote_note":"","_monsterinsights_sitenote_category":0,"jetpack_post_was_ever_published":false,"_jetpack_newsletter_access":"","_jetpack_dont_email_post_to_subs":false,"_jetpack_newsletter_tier_id":0,"_jetpack_memberships_contains_paywalled_content":false,"_jetpack_memberships_contains_paid_content":false,"footnotes":"","jetpack_publicize_message":"","jetpack_publicize_feature_enabled":true,"jetpack_social_post_already_shared":true,"jetpack_social_options":{"image_generator_settings":{"template":"highway","default_image_id":0,"font":"","enabled":false},"version":2},"_wpas_customize_per_network":false},"categories":[9791],"tags":[16175,16313],"class_list":["post-139205","post","type-post","status-publish","format-standard","has-post-thumbnail","hentry","category-salud","tag-coronavirus","tag-covid-19","generate-columns","tablet-grid-50","mobile-grid-100","grid-parent","grid-50"],"jetpack_publicize_connections":[],"jetpack_featured_media_url":"https:\/\/www.hoymercedes.com.ar\/principal\/wp-content\/uploads\/2021\/10\/WhatsApp-Image-2021-10-27-at-21.32.48.jpeg","wps_subtitle":"","jetpack_sharing_enabled":true,"_links":{"self":[{"href":"https:\/\/www.hoymercedes.com.ar\/principal\/wp-json\/wp\/v2\/posts\/139205","targetHints":{"allow":["GET"]}}],"collection":[{"href":"https:\/\/www.hoymercedes.com.ar\/principal\/wp-json\/wp\/v2\/posts"}],"about":[{"href":"https:\/\/www.hoymercedes.com.ar\/principal\/wp-json\/wp\/v2\/types\/post"}],"author":[{"embeddable":true,"href":"https:\/\/www.hoymercedes.com.ar\/principal\/wp-json\/wp\/v2\/users\/1"}],"replies":[{"embeddable":true,"href":"https:\/\/www.hoymercedes.com.ar\/principal\/wp-json\/wp\/v2\/comments?post=139205"}],"version-history":[{"count":0,"href":"https:\/\/www.hoymercedes.com.ar\/principal\/wp-json\/wp\/v2\/posts\/139205\/revisions"}],"wp:featuredmedia":[{"embeddable":true,"href":"https:\/\/www.hoymercedes.com.ar\/principal\/wp-json\/wp\/v2\/media\/139206"}],"wp:attachment":[{"href":"https:\/\/www.hoymercedes.com.ar\/principal\/wp-json\/wp\/v2\/media?parent=139205"}],"wp:term":[{"taxonomy":"category","embeddable":true,"href":"https:\/\/www.hoymercedes.com.ar\/principal\/wp-json\/wp\/v2\/categories?post=139205"},{"taxonomy":"post_tag","embeddable":true,"href":"https:\/\/www.hoymercedes.com.ar\/principal\/wp-json\/wp\/v2\/tags?post=139205"}],"curies":[{"name":"wp","href":"https:\/\/api.w.org\/{rel}","templated":true}]}}