{"id":139239,"date":"2021-10-28T21:33:40","date_gmt":"2021-10-29T00:33:40","guid":{"rendered":"https:\/\/www.hoymercedes.com.ar\/principal\/?p=139239"},"modified":"2021-10-28T21:50:16","modified_gmt":"2021-10-29T00:50:16","slug":"alerta-investigacion-y-detencion-de-3-mesculinos","status":"publish","type":"post","link":"https:\/\/www.hoymercedes.com.ar\/principal\/2021\/10\/28\/alerta-investigacion-y-detencion-de-3-mesculinos\/","title":{"rendered":"Alerta, investigaci\u00f3n y detenci\u00f3n de 3 masculinos"},"content":{"rendered":"\n<figure class=\"wp-block-image size-full is-resized\"><img loading=\"lazy\" decoding=\"async\" data-attachment-id=\"139240\" data-permalink=\"https:\/\/www.hoymercedes.com.ar\/principal\/2021\/10\/28\/alerta-investigacion-y-detencion-de-3-mesculinos\/detenidos-avellaneda\/#main\" data-orig-file=\"https:\/\/www.hoymercedes.com.ar\/principal\/wp-content\/uploads\/2021\/10\/detenidos.avellaneda.jpg\" data-orig-size=\"900,404\" data-comments-opened=\"0\" data-image-meta=\"{&quot;aperture&quot;:&quot;0&quot;,&quot;credit&quot;:&quot;&quot;,&quot;camera&quot;:&quot;&quot;,&quot;caption&quot;:&quot;&quot;,&quot;created_timestamp&quot;:&quot;0&quot;,&quot;copyright&quot;:&quot;&quot;,&quot;focal_length&quot;:&quot;0&quot;,&quot;iso&quot;:&quot;0&quot;,&quot;shutter_speed&quot;:&quot;0&quot;,&quot;title&quot;:&quot;&quot;,&quot;orientation&quot;:&quot;0&quot;}\" data-image-title=\"detenidos.avellaneda\" data-image-description=\"\" data-image-caption=\"\" data-large-file=\"https:\/\/www.hoymercedes.com.ar\/principal\/wp-content\/uploads\/2021\/10\/detenidos.avellaneda.jpg\" src=\"https:\/\/www.hoymercedes.com.ar\/principal\/wp-content\/uploads\/2021\/10\/detenidos.avellaneda.jpg\" alt=\"\" class=\"wp-image-139240\" width=\"959\" height=\"430\" srcset=\"https:\/\/www.hoymercedes.com.ar\/principal\/wp-content\/uploads\/2021\/10\/detenidos.avellaneda.jpg 900w, https:\/\/www.hoymercedes.com.ar\/principal\/wp-content\/uploads\/2021\/10\/detenidos.avellaneda-630x283.jpg 630w, https:\/\/www.hoymercedes.com.ar\/principal\/wp-content\/uploads\/2021\/10\/detenidos.avellaneda-150x67.jpg 150w\" sizes=\"auto, (max-width: 959px) 100vw, 959px\" \/><\/figure>\n\n\n\n<p>Tras una alerta al 911 personal de la Estaci\u00f3n Comunal Mercedes inici\u00f3 una r\u00e1pida pesquisa par a identificar y encontrar el paradero de un masculino que los vecinos, durante la tarde de este jueves, expon\u00edan como sospechoso de realizar actividades il\u00edcitas.<\/p>\n\n\n\n<p>El personal no s\u00f3lo se vali\u00f3 de los testimonios recogidos a quienes en los barrios emitieron la alerta, sino tambi\u00e9n con revisi\u00f3n de las redes sociales donde se hab\u00eda expresado la preocupaci\u00f3n por el andar sospechoso.<\/p>\n\n\n\n<p>Finalmente, no se trat\u00f3 de un masculino, sino de tres, detectando los uniformados en la investigaci\u00f3n que se manejaban en grupo y eran oriundos de Avellaneda. Ahora est\u00e1n detenidos y apuntalados como potenciales autores de \u201churto\u201d. Quedaron detenidos a disposici\u00f3n de la justicia.<\/p>\n","protected":false},"excerpt":{"rendered":"<p>Tras una alerta al 911 personal de la Estaci\u00f3n Comunal Mercedes inici\u00f3 una r\u00e1pida pesquisa par a identificar y encontrar &#8230; <a title=\"Alerta, investigaci\u00f3n y detenci\u00f3n de 3 masculinos\" class=\"read-more\" href=\"https:\/\/www.hoymercedes.com.ar\/principal\/2021\/10\/28\/alerta-investigacion-y-detencion-de-3-mesculinos\/\" aria-label=\"Leer m\u00e1s sobre Alerta, investigaci\u00f3n y detenci\u00f3n de 3 masculinos\">Leer m\u00e1s<\/a><\/p>\n","protected":false},"author":1,"featured_media":139240,"comment_status":"closed","ping_status":"open","sticky":false,"template":"","format":"standard","meta":{"_monsterinsights_skip_tracking":false,"_monsterinsights_sitenote_active":false,"_monsterinsights_sitenote_note":"","_monsterinsights_sitenote_category":0,"jetpack_post_was_ever_published":false,"_jetpack_newsletter_access":"","_jetpack_dont_email_post_to_subs":false,"_jetpack_newsletter_tier_id":0,"_jetpack_memberships_contains_paywalled_content":false,"_jetpack_memberships_contains_paid_content":false,"footnotes":"","jetpack_publicize_message":"","jetpack_publicize_feature_enabled":true,"jetpack_social_post_already_shared":true,"jetpack_social_options":{"image_generator_settings":{"template":"highway","default_image_id":0,"font":"","enabled":false},"version":2},"_wpas_customize_per_network":false},"categories":[85],"tags":[5766],"class_list":["post-139239","post","type-post","status-publish","format-standard","has-post-thumbnail","hentry","category-policial","tag-policia-comunal","generate-columns","tablet-grid-50","mobile-grid-100","grid-parent","grid-50"],"jetpack_publicize_connections":[],"jetpack_featured_media_url":"https:\/\/www.hoymercedes.com.ar\/principal\/wp-content\/uploads\/2021\/10\/detenidos.avellaneda.jpg","wps_subtitle":"Acci\u00f3n policial","jetpack_sharing_enabled":true,"_links":{"self":[{"href":"https:\/\/www.hoymercedes.com.ar\/principal\/wp-json\/wp\/v2\/posts\/139239","targetHints":{"allow":["GET"]}}],"collection":[{"href":"https:\/\/www.hoymercedes.com.ar\/principal\/wp-json\/wp\/v2\/posts"}],"about":[{"href":"https:\/\/www.hoymercedes.com.ar\/principal\/wp-json\/wp\/v2\/types\/post"}],"author":[{"embeddable":true,"href":"https:\/\/www.hoymercedes.com.ar\/principal\/wp-json\/wp\/v2\/users\/1"}],"replies":[{"embeddable":true,"href":"https:\/\/www.hoymercedes.com.ar\/principal\/wp-json\/wp\/v2\/comments?post=139239"}],"version-history":[{"count":0,"href":"https:\/\/www.hoymercedes.com.ar\/principal\/wp-json\/wp\/v2\/posts\/139239\/revisions"}],"wp:featuredmedia":[{"embeddable":true,"href":"https:\/\/www.hoymercedes.com.ar\/principal\/wp-json\/wp\/v2\/media\/139240"}],"wp:attachment":[{"href":"https:\/\/www.hoymercedes.com.ar\/principal\/wp-json\/wp\/v2\/media?parent=139239"}],"wp:term":[{"taxonomy":"category","embeddable":true,"href":"https:\/\/www.hoymercedes.com.ar\/principal\/wp-json\/wp\/v2\/categories?post=139239"},{"taxonomy":"post_tag","embeddable":true,"href":"https:\/\/www.hoymercedes.com.ar\/principal\/wp-json\/wp\/v2\/tags?post=139239"}],"curies":[{"name":"wp","href":"https:\/\/api.w.org\/{rel}","templated":true}]}}