{"id":139277,"date":"2021-10-29T14:26:00","date_gmt":"2021-10-29T17:26:00","guid":{"rendered":"https:\/\/www.hoymercedes.com.ar\/principal\/?p=139277"},"modified":"2021-10-29T15:29:58","modified_gmt":"2021-10-29T18:29:58","slug":"accidente-fatal-en-jauregui-murieron-dos-jovenes","status":"publish","type":"post","link":"https:\/\/www.hoymercedes.com.ar\/principal\/2021\/10\/29\/accidente-fatal-en-jauregui-murieron-dos-jovenes\/","title":{"rendered":"Accidente fatal en J\u00e1uregui: murieron dos j\u00f3venes"},"content":{"rendered":"\n<p><em>El hecho ocurri\u00f3 esta madrugada en el kil\u00f3metro 72 de la ruta 5, en sentido Luj\u00e1n &#8211; Mercedes, cuando por razones que se intentan establecer una moto colision\u00f3 con la parte trasera de un cami\u00f3n. Por el impacto, sus dos ocupantes, de 18 y 21 a\u00f1os y vecinos del barrio Loreto de Luj\u00e1n, lamentablemente fallecieron. Otro joven que viajaba en otra moto result\u00f3 ileso.<\/em><\/p>\n\n\n\n<div class=\"wp-block-image\"><figure class=\"aligncenter size-full\"><img loading=\"lazy\" decoding=\"async\" width=\"700\" height=\"460\" data-attachment-id=\"139278\" data-permalink=\"https:\/\/www.hoymercedes.com.ar\/principal\/2021\/10\/29\/accidente-fatal-en-jauregui-murieron-dos-jovenes\/camion-accidente-fatal-ruta-5\/#main\" data-orig-file=\"https:\/\/www.hoymercedes.com.ar\/principal\/wp-content\/uploads\/2021\/10\/Camion-accidente-fatal-ruta-5.jpg\" data-orig-size=\"700,460\" data-comments-opened=\"0\" data-image-meta=\"{&quot;aperture&quot;:&quot;0&quot;,&quot;credit&quot;:&quot;&quot;,&quot;camera&quot;:&quot;&quot;,&quot;caption&quot;:&quot;&quot;,&quot;created_timestamp&quot;:&quot;0&quot;,&quot;copyright&quot;:&quot;&quot;,&quot;focal_length&quot;:&quot;0&quot;,&quot;iso&quot;:&quot;0&quot;,&quot;shutter_speed&quot;:&quot;0&quot;,&quot;title&quot;:&quot;&quot;,&quot;orientation&quot;:&quot;0&quot;}\" data-image-title=\"Cami\u00f3n-accidente-fatal-ruta-5\" data-image-description=\"\" data-image-caption=\"\" data-large-file=\"https:\/\/www.hoymercedes.com.ar\/principal\/wp-content\/uploads\/2021\/10\/Camion-accidente-fatal-ruta-5.jpg\" src=\"https:\/\/www.hoymercedes.com.ar\/principal\/wp-content\/uploads\/2021\/10\/Camion-accidente-fatal-ruta-5.jpg\" alt=\"\" class=\"wp-image-139278\" srcset=\"https:\/\/www.hoymercedes.com.ar\/principal\/wp-content\/uploads\/2021\/10\/Camion-accidente-fatal-ruta-5.jpg 700w, https:\/\/www.hoymercedes.com.ar\/principal\/wp-content\/uploads\/2021\/10\/Camion-accidente-fatal-ruta-5-630x414.jpg 630w, https:\/\/www.hoymercedes.com.ar\/principal\/wp-content\/uploads\/2021\/10\/Camion-accidente-fatal-ruta-5-150x99.jpg 150w\" sizes=\"auto, (max-width: 700px) 100vw, 700px\" \/><\/figure><\/div>\n\n\n\n<p>Este viernes por la madrugada, lamentablemente, dos j\u00f3venes vecinos de J\u00e1uregui perdieron la vida tras un choque entre la moto en la que circulaban por ruta 5 y un cami\u00f3n.<\/p>\n\n\n\n<p>El fatal siniestro vial se produjo minutos despu\u00e9s de las 3 en el kil\u00f3metro 72 de la ruta 5, en sentido Luj\u00e1n \u2013 Mercedes. Por razones que se intentan establecer, a la altura del hipermercado mayorista Diarco dos j\u00f3venes que conduc\u00edan una Honda colisionaron en la parte trasera con un cami\u00f3n Mercedes Benz conducido por un hombre de 43 a\u00f1os.<\/p>\n\n\n\n<p>Y producto del impacto, seg\u00fan inform\u00f3 la Polic\u00eda, fallecieron en el acto las dos personas que viajaban en la moto, quienes fueron identificadas como Alan D\u2019Amico, de 21 a\u00f1os, y Valent\u00edn Herrera, de 18, ambos vecinos del barrio Loreto del partido de Luj\u00e1n. Por su parte, otro joven que circulaba en una Yamaha YBR result\u00f3 ileso.<\/p>\n\n\n\n<p>Frente a este tr\u00e1gico hecho, en el lugar trabajaron efectivos de la Comisar\u00eda Luj\u00e1n Segunda de J\u00e1uregui, personal del Destacamento Vial Luj\u00e1n y de la concesionaria de la Autopista y la Polic\u00eda Cient\u00edfica.<\/p>\n\n\n\n<p>Por su parte, en el hecho interviene la UFI N\u00b0 10 del Departamento Judicial Mercedes, que inici\u00f3 actuaciones caratuladas \u201chomicidio culposo\u201d.<\/p>\n\n\n\n<p>Fuente: Luj\u00e1n Hoy<\/p>\n","protected":false},"excerpt":{"rendered":"<p>El hecho ocurri\u00f3 esta madrugada en el kil\u00f3metro 72 de la ruta 5, en sentido Luj\u00e1n &#8211; Mercedes, cuando por &#8230; <a title=\"Accidente fatal en J\u00e1uregui: murieron dos j\u00f3venes\" class=\"read-more\" href=\"https:\/\/www.hoymercedes.com.ar\/principal\/2021\/10\/29\/accidente-fatal-en-jauregui-murieron-dos-jovenes\/\" aria-label=\"Leer m\u00e1s sobre Accidente fatal en J\u00e1uregui: murieron dos j\u00f3venes\">Leer m\u00e1s<\/a><\/p>\n","protected":false},"author":1,"featured_media":139278,"comment_status":"closed","ping_status":"open","sticky":false,"template":"","format":"standard","meta":{"_monsterinsights_skip_tracking":false,"_monsterinsights_sitenote_active":false,"_monsterinsights_sitenote_note":"","_monsterinsights_sitenote_category":0,"jetpack_post_was_ever_published":false,"_jetpack_newsletter_access":"","_jetpack_dont_email_post_to_subs":false,"_jetpack_newsletter_tier_id":0,"_jetpack_memberships_contains_paywalled_content":false,"_jetpack_memberships_contains_paid_content":false,"footnotes":"","jetpack_publicize_message":"","jetpack_publicize_feature_enabled":true,"jetpack_social_post_already_shared":true,"jetpack_social_options":{"image_generator_settings":{"template":"highway","default_image_id":0,"font":"","enabled":false},"version":2},"_wpas_customize_per_network":false},"categories":[85],"tags":[96,10395],"class_list":["post-139277","post","type-post","status-publish","format-standard","has-post-thumbnail","hentry","category-policial","tag-policial-2","tag-siniestro-vial","generate-columns","tablet-grid-50","mobile-grid-100","grid-parent","grid-50"],"jetpack_publicize_connections":[],"jetpack_featured_media_url":"https:\/\/www.hoymercedes.com.ar\/principal\/wp-content\/uploads\/2021\/10\/Camion-accidente-fatal-ruta-5.jpg","wps_subtitle":"En la Ruta 5, a la altura de Luj\u00e1n","jetpack_sharing_enabled":true,"_links":{"self":[{"href":"https:\/\/www.hoymercedes.com.ar\/principal\/wp-json\/wp\/v2\/posts\/139277","targetHints":{"allow":["GET"]}}],"collection":[{"href":"https:\/\/www.hoymercedes.com.ar\/principal\/wp-json\/wp\/v2\/posts"}],"about":[{"href":"https:\/\/www.hoymercedes.com.ar\/principal\/wp-json\/wp\/v2\/types\/post"}],"author":[{"embeddable":true,"href":"https:\/\/www.hoymercedes.com.ar\/principal\/wp-json\/wp\/v2\/users\/1"}],"replies":[{"embeddable":true,"href":"https:\/\/www.hoymercedes.com.ar\/principal\/wp-json\/wp\/v2\/comments?post=139277"}],"version-history":[{"count":0,"href":"https:\/\/www.hoymercedes.com.ar\/principal\/wp-json\/wp\/v2\/posts\/139277\/revisions"}],"wp:featuredmedia":[{"embeddable":true,"href":"https:\/\/www.hoymercedes.com.ar\/principal\/wp-json\/wp\/v2\/media\/139278"}],"wp:attachment":[{"href":"https:\/\/www.hoymercedes.com.ar\/principal\/wp-json\/wp\/v2\/media?parent=139277"}],"wp:term":[{"taxonomy":"category","embeddable":true,"href":"https:\/\/www.hoymercedes.com.ar\/principal\/wp-json\/wp\/v2\/categories?post=139277"},{"taxonomy":"post_tag","embeddable":true,"href":"https:\/\/www.hoymercedes.com.ar\/principal\/wp-json\/wp\/v2\/tags?post=139277"}],"curies":[{"name":"wp","href":"https:\/\/api.w.org\/{rel}","templated":true}]}}