{"id":139419,"date":"2021-11-01T11:14:15","date_gmt":"2021-11-01T14:14:15","guid":{"rendered":"https:\/\/www.hoymercedes.com.ar\/principal\/?p=139419"},"modified":"2021-11-01T15:31:25","modified_gmt":"2021-11-01T18:31:25","slug":"denunciado-y-detenido-acusado-de-grooming","status":"publish","type":"post","link":"https:\/\/www.hoymercedes.com.ar\/principal\/2021\/11\/01\/denunciado-y-detenido-acusado-de-grooming\/","title":{"rendered":"Denunciado y detenido acusado de grooming"},"content":{"rendered":"\n<p>Un hombre menor de edad realizaba la denominada pr\u00e1ctica de discriminaci\u00f3n y violencia virtual conocida como grooming. Fue denunciado por la v\u00edctima y se inici\u00f3 la actuaci\u00f3n policial pertinente con las correspondientes investigaciones del caso.<\/p>\n\n\n\n<p>En calle 16 entre 101 y 103 se efectu\u00f3 el allanamiento que conllev\u00f3 a la incautaci\u00f3n de una computadora tipo notebook, dos tel\u00e9fonos m\u00f3viles, un cpu y pendrives que son ahora elementos a disposici\u00f3n de la justicia.<\/p>\n\n\n\n<p>Interviene en la causa la Unidad Fiscal de Investigaci\u00f3n N\u00ba 8 del Departamento Judicial Mercedes. <\/p>\n\n\n\n<p><\/p>\n","protected":false},"excerpt":{"rendered":"<p>Un hombre menor de edad realizaba la denominada pr\u00e1ctica de discriminaci\u00f3n y violencia virtual conocida como grooming. Fue denunciado por &#8230; <a title=\"Denunciado y detenido acusado de grooming\" class=\"read-more\" href=\"https:\/\/www.hoymercedes.com.ar\/principal\/2021\/11\/01\/denunciado-y-detenido-acusado-de-grooming\/\" aria-label=\"Leer m\u00e1s sobre Denunciado y detenido acusado de grooming\">Leer m\u00e1s<\/a><\/p>\n","protected":false},"author":1,"featured_media":100221,"comment_status":"closed","ping_status":"open","sticky":false,"template":"","format":"standard","meta":{"_monsterinsights_skip_tracking":false,"_monsterinsights_sitenote_active":false,"_monsterinsights_sitenote_note":"","_monsterinsights_sitenote_category":0,"jetpack_post_was_ever_published":false,"_jetpack_newsletter_access":"","_jetpack_dont_email_post_to_subs":false,"_jetpack_newsletter_tier_id":0,"_jetpack_memberships_contains_paywalled_content":false,"_jetpack_memberships_contains_paid_content":false,"footnotes":"","jetpack_publicize_message":"","jetpack_publicize_feature_enabled":true,"jetpack_social_post_already_shared":true,"jetpack_social_options":{"image_generator_settings":{"template":"highway","default_image_id":0,"font":"","enabled":false},"version":2},"_wpas_customize_per_network":false},"categories":[85],"tags":[],"class_list":["post-139419","post","type-post","status-publish","format-standard","has-post-thumbnail","hentry","category-policial","generate-columns","tablet-grid-50","mobile-grid-100","grid-parent","grid-50"],"jetpack_publicize_connections":[],"jetpack_featured_media_url":"https:\/\/www.hoymercedes.com.ar\/principal\/wp-content\/uploads\/2019\/09\/21-groo-ming-777x437.jpg","wps_subtitle":"","jetpack_sharing_enabled":true,"_links":{"self":[{"href":"https:\/\/www.hoymercedes.com.ar\/principal\/wp-json\/wp\/v2\/posts\/139419","targetHints":{"allow":["GET"]}}],"collection":[{"href":"https:\/\/www.hoymercedes.com.ar\/principal\/wp-json\/wp\/v2\/posts"}],"about":[{"href":"https:\/\/www.hoymercedes.com.ar\/principal\/wp-json\/wp\/v2\/types\/post"}],"author":[{"embeddable":true,"href":"https:\/\/www.hoymercedes.com.ar\/principal\/wp-json\/wp\/v2\/users\/1"}],"replies":[{"embeddable":true,"href":"https:\/\/www.hoymercedes.com.ar\/principal\/wp-json\/wp\/v2\/comments?post=139419"}],"version-history":[{"count":0,"href":"https:\/\/www.hoymercedes.com.ar\/principal\/wp-json\/wp\/v2\/posts\/139419\/revisions"}],"wp:featuredmedia":[{"embeddable":true,"href":"https:\/\/www.hoymercedes.com.ar\/principal\/wp-json\/wp\/v2\/media\/100221"}],"wp:attachment":[{"href":"https:\/\/www.hoymercedes.com.ar\/principal\/wp-json\/wp\/v2\/media?parent=139419"}],"wp:term":[{"taxonomy":"category","embeddable":true,"href":"https:\/\/www.hoymercedes.com.ar\/principal\/wp-json\/wp\/v2\/categories?post=139419"},{"taxonomy":"post_tag","embeddable":true,"href":"https:\/\/www.hoymercedes.com.ar\/principal\/wp-json\/wp\/v2\/tags?post=139419"}],"curies":[{"name":"wp","href":"https:\/\/api.w.org\/{rel}","templated":true}]}}