{"id":139428,"date":"2021-11-01T13:40:00","date_gmt":"2021-11-01T16:40:00","guid":{"rendered":"http:\/\/www.hoymercedes.com.ar\/principal\/?p=139428"},"modified":"2021-11-01T15:49:47","modified_gmt":"2021-11-01T18:49:47","slug":"presentaron-proyecto-para-crear-predio-ferial-y-cultural-en-el-parque","status":"publish","type":"post","link":"https:\/\/www.hoymercedes.com.ar\/principal\/2021\/11\/01\/presentaron-proyecto-para-crear-predio-ferial-y-cultural-en-el-parque\/","title":{"rendered":"Presentaron proyecto para crear predio ferial y cultural en el Parque"},"content":{"rendered":"\n<p>D\u00edas atr\u00e1s presentaron el proyecto del Predio Ferial en el Parque Municipal. Hubo representantes de la cultura, el arte, productores de salame, cerveza, artesanos, m\u00fasicos, comisiones, centros culturales, vecinos y vecinas referentes de distintos sectores. \u00a0<\/p>\n\n\n\n<p>El intendente de Mercedes Juan Ustarroz encabez\u00f3 el encuentro de presentaci\u00f3n del proyecto del Predio Ferial en el Parque Municipal. Mart\u00edn Boragno, Luc\u00eda Capaccio, David Valerga, Clara Zunino fueron parte desde la Comuna, contando tambi\u00e9n con la presencia del Arq. Cristi\u00e1n Carnicer quien es parte de proyectos urban\u00edsticos desde su c\u00e1tedra en la Universidad de Buenos Aires, articulando mucho a nivel local con el Arq. Luc\u00eda R\u00edos.\u00a0 \u00a0<\/p>\n\n\n\n<p>\u201cLuego del exitoso festival del Salame en el Parque Municipal, convocamos a todos los actores de la comunidad que participan para pensar juntos el proyecto de predio cultural y ferial, para tener un Parque con m\u00e1s infraestructura y que sea un lugar disponible para todos\u00bb destacaron desde la comuna. <\/p>\n\n\n\n<div class=\"wp-block-image\"><figure class=\"aligncenter size-full\"><img loading=\"lazy\" decoding=\"async\" width=\"800\" height=\"534\" data-attachment-id=\"139429\" data-permalink=\"https:\/\/www.hoymercedes.com.ar\/principal\/2021\/11\/01\/presentaron-proyecto-para-crear-predio-ferial-y-cultural-en-el-parque\/dsc08573\/#main\" data-orig-file=\"https:\/\/www.hoymercedes.com.ar\/principal\/wp-content\/uploads\/2021\/11\/DSC08573.jpg\" data-orig-size=\"800,534\" data-comments-opened=\"0\" data-image-meta=\"{&quot;aperture&quot;:&quot;0&quot;,&quot;credit&quot;:&quot;&quot;,&quot;camera&quot;:&quot;&quot;,&quot;caption&quot;:&quot;&quot;,&quot;created_timestamp&quot;:&quot;0&quot;,&quot;copyright&quot;:&quot;&quot;,&quot;focal_length&quot;:&quot;0&quot;,&quot;iso&quot;:&quot;0&quot;,&quot;shutter_speed&quot;:&quot;0&quot;,&quot;title&quot;:&quot;&quot;,&quot;orientation&quot;:&quot;0&quot;}\" data-image-title=\"DSC08573\" data-image-description=\"\" data-image-caption=\"\" data-large-file=\"https:\/\/www.hoymercedes.com.ar\/principal\/wp-content\/uploads\/2021\/11\/DSC08573.jpg\" src=\"https:\/\/www.hoymercedes.com.ar\/principal\/wp-content\/uploads\/2021\/11\/DSC08573.jpg\" alt=\"\" class=\"wp-image-139429\" srcset=\"https:\/\/www.hoymercedes.com.ar\/principal\/wp-content\/uploads\/2021\/11\/DSC08573.jpg 800w, https:\/\/www.hoymercedes.com.ar\/principal\/wp-content\/uploads\/2021\/11\/DSC08573-630x421.jpg 630w, https:\/\/www.hoymercedes.com.ar\/principal\/wp-content\/uploads\/2021\/11\/DSC08573-150x100.jpg 150w\" sizes=\"auto, (max-width: 800px) 100vw, 800px\" \/><\/figure><\/div>\n","protected":false},"excerpt":{"rendered":"<p>D\u00edas atr\u00e1s presentaron el proyecto del Predio Ferial en el Parque Municipal. Hubo representantes de la cultura, el arte, productores &#8230; <a title=\"Presentaron proyecto para crear predio ferial y cultural en el Parque\" class=\"read-more\" href=\"https:\/\/www.hoymercedes.com.ar\/principal\/2021\/11\/01\/presentaron-proyecto-para-crear-predio-ferial-y-cultural-en-el-parque\/\" aria-label=\"Leer m\u00e1s sobre Presentaron proyecto para crear predio ferial y cultural en el Parque\">Leer m\u00e1s<\/a><\/p>\n","protected":false},"author":1,"featured_media":139429,"comment_status":"closed","ping_status":"open","sticky":false,"template":"","format":"standard","meta":{"_monsterinsights_skip_tracking":false,"_monsterinsights_sitenote_active":false,"_monsterinsights_sitenote_note":"","_monsterinsights_sitenote_category":0,"jetpack_post_was_ever_published":false,"_jetpack_newsletter_access":"","_jetpack_dont_email_post_to_subs":false,"_jetpack_newsletter_tier_id":0,"_jetpack_memberships_contains_paywalled_content":false,"_jetpack_memberships_contains_paid_content":false,"footnotes":"","jetpack_publicize_message":"","jetpack_publicize_feature_enabled":true,"jetpack_social_post_already_shared":true,"jetpack_social_options":{"image_generator_settings":{"template":"highway","default_image_id":0,"font":"","enabled":false},"version":2},"_wpas_customize_per_network":false},"categories":[8],"tags":[244],"class_list":["post-139428","post","type-post","status-publish","format-standard","has-post-thumbnail","hentry","category-sociedad","tag-municipio-2","generate-columns","tablet-grid-50","mobile-grid-100","grid-parent","grid-50"],"jetpack_publicize_connections":[],"jetpack_featured_media_url":"https:\/\/www.hoymercedes.com.ar\/principal\/wp-content\/uploads\/2021\/11\/DSC08573.jpg","wps_subtitle":"","jetpack_sharing_enabled":true,"_links":{"self":[{"href":"https:\/\/www.hoymercedes.com.ar\/principal\/wp-json\/wp\/v2\/posts\/139428","targetHints":{"allow":["GET"]}}],"collection":[{"href":"https:\/\/www.hoymercedes.com.ar\/principal\/wp-json\/wp\/v2\/posts"}],"about":[{"href":"https:\/\/www.hoymercedes.com.ar\/principal\/wp-json\/wp\/v2\/types\/post"}],"author":[{"embeddable":true,"href":"https:\/\/www.hoymercedes.com.ar\/principal\/wp-json\/wp\/v2\/users\/1"}],"replies":[{"embeddable":true,"href":"https:\/\/www.hoymercedes.com.ar\/principal\/wp-json\/wp\/v2\/comments?post=139428"}],"version-history":[{"count":0,"href":"https:\/\/www.hoymercedes.com.ar\/principal\/wp-json\/wp\/v2\/posts\/139428\/revisions"}],"wp:featuredmedia":[{"embeddable":true,"href":"https:\/\/www.hoymercedes.com.ar\/principal\/wp-json\/wp\/v2\/media\/139429"}],"wp:attachment":[{"href":"https:\/\/www.hoymercedes.com.ar\/principal\/wp-json\/wp\/v2\/media?parent=139428"}],"wp:term":[{"taxonomy":"category","embeddable":true,"href":"https:\/\/www.hoymercedes.com.ar\/principal\/wp-json\/wp\/v2\/categories?post=139428"},{"taxonomy":"post_tag","embeddable":true,"href":"https:\/\/www.hoymercedes.com.ar\/principal\/wp-json\/wp\/v2\/tags?post=139428"}],"curies":[{"name":"wp","href":"https:\/\/api.w.org\/{rel}","templated":true}]}}