{"id":139431,"date":"2021-11-01T16:56:00","date_gmt":"2021-11-01T19:56:00","guid":{"rendered":"https:\/\/www.hoymercedes.com.ar\/principal\/?p=139431"},"modified":"2021-11-01T20:07:48","modified_gmt":"2021-11-01T23:07:48","slug":"tres-allanamientos-para-desbaratar-banda","status":"publish","type":"post","link":"https:\/\/www.hoymercedes.com.ar\/principal\/2021\/11\/01\/tres-allanamientos-para-desbaratar-banda\/","title":{"rendered":"Tres allanamientos para desbaratar banda"},"content":{"rendered":"\n<p>Personal policial logr\u00f3 tras una investigaci\u00f3n desbaratar una banda sospechada de cometer distinto tipos de il\u00eccitos. Para ello fue necesario realizar tres allanamientos que buscan esclarecer el robo de distintos objetos. <\/p>\n\n\n\n<p>Los allanamientos fueron en una vivienda de calle 60 y 43, otra de 16 entre 53 y 55 y otra de 29 entre 26 y 26 bis. En uno de los allanamientos se detuvo a una femenina, en los otros dos fueron masculinos.<\/p>\n\n\n\n<p>En los domicilios obtuvieron elementos de pruebas para las causas en curso teniendo entre las distintas acciones acusatorias robo, lesiones leves, amenazas, da\u00f1os y violaci\u00f3n de domicilio.<\/p>\n\n\n\n<p>Para la actuaci\u00f3n participaron desde la Sub Estaci\u00f3n Gowland, GTO Mercedes y contaron con las instrucciones legales del Juzgado de Garant\u00edas N\u00ba1 del Departamento Judicial Mercedes.<\/p>\n\n\n\n<div class=\"wp-block-image\"><figure class=\"aligncenter size-full\"><img loading=\"lazy\" decoding=\"async\" width=\"900\" height=\"404\" data-attachment-id=\"139432\" data-permalink=\"https:\/\/www.hoymercedes.com.ar\/principal\/2021\/11\/01\/tres-allanamientos-para-desbaratar-banda\/whatsapp-image-2021-11-01-at-10-22-00-1\/#main\" data-orig-file=\"https:\/\/www.hoymercedes.com.ar\/principal\/wp-content\/uploads\/2021\/11\/WhatsApp-Image-2021-11-01-at-10.22.00-1.jpeg\" data-orig-size=\"900,404\" data-comments-opened=\"0\" data-image-meta=\"{&quot;aperture&quot;:&quot;0&quot;,&quot;credit&quot;:&quot;&quot;,&quot;camera&quot;:&quot;&quot;,&quot;caption&quot;:&quot;&quot;,&quot;created_timestamp&quot;:&quot;0&quot;,&quot;copyright&quot;:&quot;&quot;,&quot;focal_length&quot;:&quot;0&quot;,&quot;iso&quot;:&quot;0&quot;,&quot;shutter_speed&quot;:&quot;0&quot;,&quot;title&quot;:&quot;&quot;,&quot;orientation&quot;:&quot;0&quot;}\" data-image-title=\"WhatsApp Image 2021-11-01 at 10.22.00 (1)\" data-image-description=\"\" data-image-caption=\"\" data-large-file=\"https:\/\/www.hoymercedes.com.ar\/principal\/wp-content\/uploads\/2021\/11\/WhatsApp-Image-2021-11-01-at-10.22.00-1.jpeg\" src=\"https:\/\/www.hoymercedes.com.ar\/principal\/wp-content\/uploads\/2021\/11\/WhatsApp-Image-2021-11-01-at-10.22.00-1.jpeg\" alt=\"\" class=\"wp-image-139432\" srcset=\"https:\/\/www.hoymercedes.com.ar\/principal\/wp-content\/uploads\/2021\/11\/WhatsApp-Image-2021-11-01-at-10.22.00-1.jpeg 900w, https:\/\/www.hoymercedes.com.ar\/principal\/wp-content\/uploads\/2021\/11\/WhatsApp-Image-2021-11-01-at-10.22.00-1-630x283.jpeg 630w, https:\/\/www.hoymercedes.com.ar\/principal\/wp-content\/uploads\/2021\/11\/WhatsApp-Image-2021-11-01-at-10.22.00-1-150x67.jpeg 150w\" sizes=\"auto, (max-width: 900px) 100vw, 900px\" \/><\/figure><\/div>\n","protected":false},"excerpt":{"rendered":"<p>Personal policial logr\u00f3 tras una investigaci\u00f3n desbaratar una banda sospechada de cometer distinto tipos de il\u00eccitos. Para ello fue necesario &#8230; <a title=\"Tres allanamientos para desbaratar banda\" class=\"read-more\" href=\"https:\/\/www.hoymercedes.com.ar\/principal\/2021\/11\/01\/tres-allanamientos-para-desbaratar-banda\/\" aria-label=\"Leer m\u00e1s sobre Tres allanamientos para desbaratar banda\">Leer m\u00e1s<\/a><\/p>\n","protected":false},"author":1,"featured_media":139432,"comment_status":"closed","ping_status":"open","sticky":false,"template":"","format":"standard","meta":{"_monsterinsights_skip_tracking":false,"_monsterinsights_sitenote_active":false,"_monsterinsights_sitenote_note":"","_monsterinsights_sitenote_category":0,"jetpack_post_was_ever_published":false,"_jetpack_newsletter_access":"","_jetpack_dont_email_post_to_subs":false,"_jetpack_newsletter_tier_id":0,"_jetpack_memberships_contains_paywalled_content":false,"_jetpack_memberships_contains_paid_content":false,"footnotes":"","jetpack_publicize_message":"","jetpack_publicize_feature_enabled":true,"jetpack_social_post_already_shared":true,"jetpack_social_options":{"image_generator_settings":{"template":"highway","default_image_id":0,"font":"","enabled":false},"version":2},"_wpas_customize_per_network":false},"categories":[85],"tags":[],"class_list":["post-139431","post","type-post","status-publish","format-standard","has-post-thumbnail","hentry","category-policial","generate-columns","tablet-grid-50","mobile-grid-100","grid-parent","grid-50"],"jetpack_publicize_connections":[],"jetpack_featured_media_url":"https:\/\/www.hoymercedes.com.ar\/principal\/wp-content\/uploads\/2021\/11\/WhatsApp-Image-2021-11-01-at-10.22.00-1.jpeg","wps_subtitle":"","jetpack_sharing_enabled":true,"_links":{"self":[{"href":"https:\/\/www.hoymercedes.com.ar\/principal\/wp-json\/wp\/v2\/posts\/139431","targetHints":{"allow":["GET"]}}],"collection":[{"href":"https:\/\/www.hoymercedes.com.ar\/principal\/wp-json\/wp\/v2\/posts"}],"about":[{"href":"https:\/\/www.hoymercedes.com.ar\/principal\/wp-json\/wp\/v2\/types\/post"}],"author":[{"embeddable":true,"href":"https:\/\/www.hoymercedes.com.ar\/principal\/wp-json\/wp\/v2\/users\/1"}],"replies":[{"embeddable":true,"href":"https:\/\/www.hoymercedes.com.ar\/principal\/wp-json\/wp\/v2\/comments?post=139431"}],"version-history":[{"count":0,"href":"https:\/\/www.hoymercedes.com.ar\/principal\/wp-json\/wp\/v2\/posts\/139431\/revisions"}],"wp:featuredmedia":[{"embeddable":true,"href":"https:\/\/www.hoymercedes.com.ar\/principal\/wp-json\/wp\/v2\/media\/139432"}],"wp:attachment":[{"href":"https:\/\/www.hoymercedes.com.ar\/principal\/wp-json\/wp\/v2\/media?parent=139431"}],"wp:term":[{"taxonomy":"category","embeddable":true,"href":"https:\/\/www.hoymercedes.com.ar\/principal\/wp-json\/wp\/v2\/categories?post=139431"},{"taxonomy":"post_tag","embeddable":true,"href":"https:\/\/www.hoymercedes.com.ar\/principal\/wp-json\/wp\/v2\/tags?post=139431"}],"curies":[{"name":"wp","href":"https:\/\/api.w.org\/{rel}","templated":true}]}}