{"id":139507,"date":"2021-11-02T15:08:00","date_gmt":"2021-11-02T18:08:00","guid":{"rendered":"https:\/\/www.hoymercedes.com.ar\/principal\/?p=139507"},"modified":"2021-11-02T14:14:18","modified_gmt":"2021-11-02T17:14:18","slug":"policia-mercedes-realiza-allanamientos-en-rodriguez","status":"publish","type":"post","link":"https:\/\/www.hoymercedes.com.ar\/principal\/2021\/11\/02\/policia-mercedes-realiza-allanamientos-en-rodriguez\/","title":{"rendered":"Polic\u00eda Mercedes realiza allanamientos en Rodr\u00edguez"},"content":{"rendered":"\n<p>Tras una importante investigaci\u00f3n logra detener a un hombre apuntado como autor de estafas telef\u00f3nicas. La emisi\u00f3n del pedido de allanamiento estuvo a cargo de la U.F.I N\u00ba6 y el Juzgado de Garant\u00edas N\u00ba 2 del Departamento Judicial.<\/p>\n\n\n\n<p>Personal de la Sub Estaci\u00f3n Mercedes y GTO Mercedes procedi\u00f3 con el allanamiento en la localidad de General Rodr\u00edguez secuestrando un autom\u00f3vil marca Ford Eco Sport, una computadora con impresora y un tel\u00e9fono m\u00f3vil. Todos esos elementos permiten la continuidad de la investigaci\u00f3n <\/p>\n\n\n\n<p>Seg\u00fan se supo el hombre realizaba estafas telef\u00f3nicas y se encontraba actuando en la regi\u00f3n. Una investigaci\u00f3n con epicentro en Mercedes logr\u00f3 ponerlo a disposici\u00f3n de la Justicia.<\/p>\n","protected":false},"excerpt":{"rendered":"<p>Tras una importante investigaci\u00f3n logra detener a un hombre apuntado como autor de estafas telef\u00f3nicas. La emisi\u00f3n del pedido de &#8230; <a title=\"Polic\u00eda Mercedes realiza allanamientos en Rodr\u00edguez\" class=\"read-more\" href=\"https:\/\/www.hoymercedes.com.ar\/principal\/2021\/11\/02\/policia-mercedes-realiza-allanamientos-en-rodriguez\/\" aria-label=\"Leer m\u00e1s sobre Polic\u00eda Mercedes realiza allanamientos en Rodr\u00edguez\">Leer m\u00e1s<\/a><\/p>\n","protected":false},"author":1,"featured_media":139508,"comment_status":"closed","ping_status":"open","sticky":false,"template":"","format":"standard","meta":{"_monsterinsights_skip_tracking":false,"_monsterinsights_sitenote_active":false,"_monsterinsights_sitenote_note":"","_monsterinsights_sitenote_category":0,"jetpack_post_was_ever_published":false,"_jetpack_newsletter_access":"","_jetpack_dont_email_post_to_subs":false,"_jetpack_newsletter_tier_id":0,"_jetpack_memberships_contains_paywalled_content":false,"_jetpack_memberships_contains_paid_content":false,"footnotes":"","jetpack_publicize_message":"","jetpack_publicize_feature_enabled":true,"jetpack_social_post_already_shared":true,"jetpack_social_options":{"image_generator_settings":{"template":"highway","default_image_id":0,"font":"","enabled":false},"version":2},"_wpas_customize_per_network":false},"categories":[85],"tags":[96],"class_list":["post-139507","post","type-post","status-publish","format-standard","has-post-thumbnail","hentry","category-policial","tag-policial-2","generate-columns","tablet-grid-50","mobile-grid-100","grid-parent","grid-50"],"jetpack_publicize_connections":[],"jetpack_featured_media_url":"https:\/\/www.hoymercedes.com.ar\/principal\/wp-content\/uploads\/2021\/11\/WhatsApp-Image-2021-11-01-at-10.22.00-2.jpeg","wps_subtitle":"","jetpack_sharing_enabled":true,"_links":{"self":[{"href":"https:\/\/www.hoymercedes.com.ar\/principal\/wp-json\/wp\/v2\/posts\/139507","targetHints":{"allow":["GET"]}}],"collection":[{"href":"https:\/\/www.hoymercedes.com.ar\/principal\/wp-json\/wp\/v2\/posts"}],"about":[{"href":"https:\/\/www.hoymercedes.com.ar\/principal\/wp-json\/wp\/v2\/types\/post"}],"author":[{"embeddable":true,"href":"https:\/\/www.hoymercedes.com.ar\/principal\/wp-json\/wp\/v2\/users\/1"}],"replies":[{"embeddable":true,"href":"https:\/\/www.hoymercedes.com.ar\/principal\/wp-json\/wp\/v2\/comments?post=139507"}],"version-history":[{"count":0,"href":"https:\/\/www.hoymercedes.com.ar\/principal\/wp-json\/wp\/v2\/posts\/139507\/revisions"}],"wp:featuredmedia":[{"embeddable":true,"href":"https:\/\/www.hoymercedes.com.ar\/principal\/wp-json\/wp\/v2\/media\/139508"}],"wp:attachment":[{"href":"https:\/\/www.hoymercedes.com.ar\/principal\/wp-json\/wp\/v2\/media?parent=139507"}],"wp:term":[{"taxonomy":"category","embeddable":true,"href":"https:\/\/www.hoymercedes.com.ar\/principal\/wp-json\/wp\/v2\/categories?post=139507"},{"taxonomy":"post_tag","embeddable":true,"href":"https:\/\/www.hoymercedes.com.ar\/principal\/wp-json\/wp\/v2\/tags?post=139507"}],"curies":[{"name":"wp","href":"https:\/\/api.w.org\/{rel}","templated":true}]}}