{"id":139512,"date":"2021-11-02T19:03:12","date_gmt":"2021-11-02T22:03:12","guid":{"rendered":"https:\/\/www.hoymercedes.com.ar\/principal\/?p=139512"},"modified":"2021-11-02T19:03:19","modified_gmt":"2021-11-02T22:03:19","slug":"arribaron-a-mercedes-14-patrulleros-para-la-policia-de-mercedes","status":"publish","type":"post","link":"https:\/\/www.hoymercedes.com.ar\/principal\/2021\/11\/02\/arribaron-a-mercedes-14-patrulleros-para-la-policia-de-mercedes\/","title":{"rendered":"Arribaron a Mercedes 14 patrulleros para la Polic\u00eda de Mercedes"},"content":{"rendered":"\n<figure class=\"wp-block-image size-full\"><img loading=\"lazy\" decoding=\"async\" width=\"906\" height=\"643\" data-attachment-id=\"139513\" data-permalink=\"https:\/\/www.hoymercedes.com.ar\/principal\/2021\/11\/02\/arribaron-a-mercedes-14-patrulleros-para-la-policia-de-mercedes\/recorte\/#main\" data-orig-file=\"https:\/\/www.hoymercedes.com.ar\/principal\/wp-content\/uploads\/2021\/11\/recorte.png\" data-orig-size=\"906,643\" data-comments-opened=\"0\" data-image-meta=\"{&quot;aperture&quot;:&quot;0&quot;,&quot;credit&quot;:&quot;&quot;,&quot;camera&quot;:&quot;&quot;,&quot;caption&quot;:&quot;&quot;,&quot;created_timestamp&quot;:&quot;0&quot;,&quot;copyright&quot;:&quot;&quot;,&quot;focal_length&quot;:&quot;0&quot;,&quot;iso&quot;:&quot;0&quot;,&quot;shutter_speed&quot;:&quot;0&quot;,&quot;title&quot;:&quot;&quot;,&quot;orientation&quot;:&quot;0&quot;}\" data-image-title=\"recorte\" data-image-description=\"\" data-image-caption=\"\" data-large-file=\"https:\/\/www.hoymercedes.com.ar\/principal\/wp-content\/uploads\/2021\/11\/recorte.png\" src=\"https:\/\/www.hoymercedes.com.ar\/principal\/wp-content\/uploads\/2021\/11\/recorte.png\" alt=\"\" class=\"wp-image-139513\" srcset=\"https:\/\/www.hoymercedes.com.ar\/principal\/wp-content\/uploads\/2021\/11\/recorte.png 906w, https:\/\/www.hoymercedes.com.ar\/principal\/wp-content\/uploads\/2021\/11\/recorte-630x447.png 630w, https:\/\/www.hoymercedes.com.ar\/principal\/wp-content\/uploads\/2021\/11\/recorte-150x106.png 150w, https:\/\/www.hoymercedes.com.ar\/principal\/wp-content\/uploads\/2021\/11\/recorte-120x85.png 120w\" sizes=\"auto, (max-width: 906px) 100vw, 906px\" \/><\/figure>\n\n\n\n<p><\/p>\n\n\n\n<p>Sin poder hacer un acto de presentaci\u00f3n con p\u00fablico y a la prensa por motivo de la veda electoral, el jefe comunal Dr. Juan Ignacio Ustarroz realiz\u00f3 la recepci\u00f3n formal de 14 camionetas para la Polic\u00eda. Los m\u00f3viles ya est\u00e1n a disposici\u00f3n de la fuerza encontr\u00e1ndose en el predio del Mart\u00edn Rodr\u00edguez, sede de la Secretar\u00eda de Seguridad. Tras el arribo de los dispositivos desde la capital Provincial el secretario Gonzalo Anselmo expuso la novedad ante el juez de faltas Mat\u00edas Maresca, la secretaria de gobierno Clara Zunino qui\u00e9n tambi\u00e9n supo pasar por la cartera, el director V\u00edctor Palazzo, personal del \u00e1rea y el mencionado Intendente, aunque por cuestiones de veda electoral no se pudo hacer la entrega formal ni acto con integrantes de la fuerza.<\/p>\n\n\n\n<p><strong>Incorporaci\u00f3n<\/strong><\/p>\n\n\n\n<p>De esta manera, se renueva en casi su totalidad la flota de patrullaje, brind\u00e1ndoles a los efectivos policiales mejores herramientas para la seguridad de los vecinos.<\/p>\n\n\n\n<p>El intendente Juan Ignacio Ustarroz expres\u00f3 \u201csiempre hay una gran demanda en materia de seguridad, esto lo pudimos hablar con el Gobernador Kicillof, con el ministro de Seguridad, Sergio Berni, quienes atendieron el reclamo de la comunidad de Mercedes, y hoy en un d\u00eda hist\u00f3rico estamos recibiendo estos 14 nuevos patrulleros para la ciudad de Mercedes\u201d.<\/p>\n\n\n\n<p><strong>Fortalecimiento<\/strong><\/p>\n\n\n\n<p>En este sentido, el intendente Ustarroz destac\u00f3 \u201cesto fortalecer\u00e1n las cuadr\u00edculas, poder estar m\u00e1s cerca de cada barrio y vecino, algo que nos pone muy contentos\u201d y a\u00f1adi\u00f3 \u201cse est\u00e1 trabajando mucho para poder mejorar la seguridad de nuestra ciudad y de la provincia de Buenos Aires\u201d.<\/p>\n\n\n\n<p>Por otro lado, el Dr. Ustarroz expuso \u201cesto se debe a que el Gobierno Nacional en su momento pudo discutir lo que era la coparticipaci\u00f3n con la Ciudad de Buenos Aires y poder distribuir a la provincia de Buenos Aires m\u00e1s recursos econ\u00f3micos. Parte de esos recursos econ\u00f3micos fueron para mejorar los salarios de los trabajadores de las fuerzas de seguridad, como as\u00ed tambi\u00e9n, para invertir en patrulleros y distintos dispositivos de seguridad\u201d y agreg\u00f3 \u201cestamos muy agradecidos con todo el enorme trabajo que se viene haciendo\u201d.<\/p>\n\n\n\n<figure class=\"wp-block-image size-full\"><img loading=\"lazy\" decoding=\"async\" width=\"1006\" height=\"566\" data-attachment-id=\"139514\" data-permalink=\"https:\/\/www.hoymercedes.com.ar\/principal\/2021\/11\/02\/arribaron-a-mercedes-14-patrulleros-para-la-policia-de-mercedes\/dji_0024\/#main\" data-orig-file=\"https:\/\/www.hoymercedes.com.ar\/principal\/wp-content\/uploads\/2021\/11\/DJI_0024.jpg\" data-orig-size=\"1006,566\" data-comments-opened=\"0\" data-image-meta=\"{&quot;aperture&quot;:&quot;0&quot;,&quot;credit&quot;:&quot;&quot;,&quot;camera&quot;:&quot;&quot;,&quot;caption&quot;:&quot;&quot;,&quot;created_timestamp&quot;:&quot;0&quot;,&quot;copyright&quot;:&quot;&quot;,&quot;focal_length&quot;:&quot;0&quot;,&quot;iso&quot;:&quot;0&quot;,&quot;shutter_speed&quot;:&quot;0&quot;,&quot;title&quot;:&quot;&quot;,&quot;orientation&quot;:&quot;0&quot;}\" data-image-title=\"DJI_0024\" data-image-description=\"\" data-image-caption=\"\" data-large-file=\"https:\/\/www.hoymercedes.com.ar\/principal\/wp-content\/uploads\/2021\/11\/DJI_0024.jpg\" src=\"https:\/\/www.hoymercedes.com.ar\/principal\/wp-content\/uploads\/2021\/11\/DJI_0024.jpg\" alt=\"\" class=\"wp-image-139514\" srcset=\"https:\/\/www.hoymercedes.com.ar\/principal\/wp-content\/uploads\/2021\/11\/DJI_0024.jpg 1006w, https:\/\/www.hoymercedes.com.ar\/principal\/wp-content\/uploads\/2021\/11\/DJI_0024-630x354.jpg 630w, https:\/\/www.hoymercedes.com.ar\/principal\/wp-content\/uploads\/2021\/11\/DJI_0024-150x84.jpg 150w\" sizes=\"auto, (max-width: 1006px) 100vw, 1006px\" \/><\/figure>\n\n\n\n<p><strong>Trabajo<\/strong><\/p>\n\n\n\n<p>Asimismo, el intendente Ustarroz destac\u00f3 \u201cel trabajo de todo el equipo de seguridad porque detr\u00e1s de las gestiones que uno realiza tambi\u00e9n est\u00e1 el hoy secretario de seguridad, Gonzalo Anselmo\u201d y expuso \u201cen Mercedes se est\u00e1n realizando mejoras estructurales a nivel seguridad, donde durante este a\u00f1o incorporamos 174 c\u00e1mara de seguridad, tecnolog\u00eda y acciones que se suman a los ya dispuestos anillos de seguridad, postas m\u00f3viles en funci\u00f3n de un mapa del delito, como as\u00ed m\u00faltiples dispositivos, que aunque sabemos son muchos, resultan insuficientes porque cualquier hecho de inseguridad pone en crisis todo aquello que se va haciendo. Pero destac\u00f3 el gran compromiso de nuestras fuerzas de seguridad, lo que se est\u00e1 haciendo desde nuestra Secretar\u00eda de Seguridad, la articulaci\u00f3n con nuestro poder Judicial de nuestra ciudad, es decir, se trabaja mucho en pos de la seguridad de los vecinos\u201d.&nbsp;&nbsp;<\/p>\n\n\n\n<p><strong>Presencia<\/strong><\/p>\n\n\n\n<p>La secretaria de gobierno, Dra. Clara Zunino manifest\u00f3 \u201choy existe un Estado provincial presente, que est\u00e1 aportando a los Municipios, como competencia que tiene en la seguridad, la renovaci\u00f3n completa de la flota es realmente hist\u00f3rico\u201d y destac\u00f3 que \u201cahora, en esta segunda gesti\u00f3n local, nos encontramos con una presencia real del gobierno provincial, visible y efectiva en pol\u00edticas p\u00fablicas Reales en beneficio de nuestro pueblo\u201d, manifest\u00f3 la funcionaria y recalc\u00f3 que \u201ces una excelente noticia, que si bien no puede publicitarse, merece cada vecino y vecina conocerla porque es una gesti\u00f3n para ellas y ellos\u201d<\/p>\n\n\n\n<p><strong>Gesti\u00f3n<\/strong><\/p>\n\n\n\n<p>Gonzalo Anselmo, subsecretario de seguridad, coment\u00f3 \u201cgracias a la gesti\u00f3n de nuestro intendente Municipal con el Ministerio de Seguridad de la provincia de Buenos Aires, hoy estamos recibiendo 14 camionetas que se van a incorporar a las recorridas, a la amplia cobertura territorial que intentamos darle. Fundamentalmente ponderando el rol de nuestros efectivos policiales, brind\u00e1ndoles insumos nuevos para que puedan trabajar de la mejor manera\u201d.<\/p>\n\n\n\n<p><strong>Acto<\/strong><\/p>\n\n\n\n<p>Normalmente hubiera sido realizado un acto con autoridades provinciales, jefes y personal de las fuerzas de seguridad, dada la dimensi\u00f3n del arribo, pero la cercan\u00eda del acto electoral lleva que este tipo de gestiones no puedan ser expuestas en volumen, m\u00e1s all\u00e1 de la excelente noticia que es para la ciudan\u00eda.<\/p>\n","protected":false},"excerpt":{"rendered":"<p>Sin poder hacer un acto de presentaci\u00f3n con p\u00fablico y a la prensa por motivo de la veda electoral, el &#8230; <a title=\"Arribaron a Mercedes 14 patrulleros para la Polic\u00eda de Mercedes\" class=\"read-more\" href=\"https:\/\/www.hoymercedes.com.ar\/principal\/2021\/11\/02\/arribaron-a-mercedes-14-patrulleros-para-la-policia-de-mercedes\/\" aria-label=\"Leer m\u00e1s sobre Arribaron a Mercedes 14 patrulleros para la Polic\u00eda de Mercedes\">Leer m\u00e1s<\/a><\/p>\n","protected":false},"author":1,"featured_media":139514,"comment_status":"closed","ping_status":"open","sticky":false,"template":"","format":"standard","meta":{"_monsterinsights_skip_tracking":false,"_monsterinsights_sitenote_active":false,"_monsterinsights_sitenote_note":"","_monsterinsights_sitenote_category":0,"jetpack_post_was_ever_published":false,"_jetpack_newsletter_access":"","_jetpack_dont_email_post_to_subs":false,"_jetpack_newsletter_tier_id":0,"_jetpack_memberships_contains_paywalled_content":false,"_jetpack_memberships_contains_paid_content":false,"footnotes":"","jetpack_publicize_message":"","jetpack_publicize_feature_enabled":true,"jetpack_social_post_already_shared":true,"jetpack_social_options":{"image_generator_settings":{"template":"highway","default_image_id":0,"font":"","enabled":false},"version":2},"_wpas_customize_per_network":false},"categories":[85],"tags":[18086,5766,424],"class_list":["post-139512","post","type-post","status-publish","format-standard","has-post-thumbnail","hentry","category-policial","tag-14-patrulleros","tag-policia-comunal","tag-ustarroz","generate-columns","tablet-grid-50","mobile-grid-100","grid-parent","grid-50"],"jetpack_publicize_connections":[],"jetpack_featured_media_url":"https:\/\/www.hoymercedes.com.ar\/principal\/wp-content\/uploads\/2021\/11\/DJI_0024.jpg","wps_subtitle":"Seguridad ","jetpack_sharing_enabled":true,"_links":{"self":[{"href":"https:\/\/www.hoymercedes.com.ar\/principal\/wp-json\/wp\/v2\/posts\/139512","targetHints":{"allow":["GET"]}}],"collection":[{"href":"https:\/\/www.hoymercedes.com.ar\/principal\/wp-json\/wp\/v2\/posts"}],"about":[{"href":"https:\/\/www.hoymercedes.com.ar\/principal\/wp-json\/wp\/v2\/types\/post"}],"author":[{"embeddable":true,"href":"https:\/\/www.hoymercedes.com.ar\/principal\/wp-json\/wp\/v2\/users\/1"}],"replies":[{"embeddable":true,"href":"https:\/\/www.hoymercedes.com.ar\/principal\/wp-json\/wp\/v2\/comments?post=139512"}],"version-history":[{"count":0,"href":"https:\/\/www.hoymercedes.com.ar\/principal\/wp-json\/wp\/v2\/posts\/139512\/revisions"}],"wp:featuredmedia":[{"embeddable":true,"href":"https:\/\/www.hoymercedes.com.ar\/principal\/wp-json\/wp\/v2\/media\/139514"}],"wp:attachment":[{"href":"https:\/\/www.hoymercedes.com.ar\/principal\/wp-json\/wp\/v2\/media?parent=139512"}],"wp:term":[{"taxonomy":"category","embeddable":true,"href":"https:\/\/www.hoymercedes.com.ar\/principal\/wp-json\/wp\/v2\/categories?post=139512"},{"taxonomy":"post_tag","embeddable":true,"href":"https:\/\/www.hoymercedes.com.ar\/principal\/wp-json\/wp\/v2\/tags?post=139512"}],"curies":[{"name":"wp","href":"https:\/\/api.w.org\/{rel}","templated":true}]}}