{"id":139517,"date":"2021-11-02T21:12:19","date_gmt":"2021-11-03T00:12:19","guid":{"rendered":"https:\/\/www.hoymercedes.com.ar\/principal\/?p=139517"},"modified":"2021-11-02T21:12:25","modified_gmt":"2021-11-03T00:12:25","slug":"organizan-muestra-de-ofertas-universitarias-y-terciarias-en-suipacha","status":"publish","type":"post","link":"https:\/\/www.hoymercedes.com.ar\/principal\/2021\/11\/02\/organizan-muestra-de-ofertas-universitarias-y-terciarias-en-suipacha\/","title":{"rendered":"Organizan muestra de ofertas universitarias y terciarias en Suipacha"},"content":{"rendered":"\n<figure class=\"wp-block-image size-large\"><img loading=\"lazy\" decoding=\"async\" width=\"1024\" height=\"1024\" data-attachment-id=\"139518\" data-permalink=\"https:\/\/www.hoymercedes.com.ar\/principal\/2021\/11\/02\/organizan-muestra-de-ofertas-universitarias-y-terciarias-en-suipacha\/suip\/#main\" data-orig-file=\"https:\/\/www.hoymercedes.com.ar\/principal\/wp-content\/uploads\/2021\/11\/suip.jpeg\" data-orig-size=\"1280,1280\" data-comments-opened=\"0\" data-image-meta=\"{&quot;aperture&quot;:&quot;0&quot;,&quot;credit&quot;:&quot;&quot;,&quot;camera&quot;:&quot;&quot;,&quot;caption&quot;:&quot;&quot;,&quot;created_timestamp&quot;:&quot;0&quot;,&quot;copyright&quot;:&quot;&quot;,&quot;focal_length&quot;:&quot;0&quot;,&quot;iso&quot;:&quot;0&quot;,&quot;shutter_speed&quot;:&quot;0&quot;,&quot;title&quot;:&quot;&quot;,&quot;orientation&quot;:&quot;0&quot;}\" data-image-title=\"suip\" data-image-description=\"\" data-image-caption=\"\" data-large-file=\"https:\/\/www.hoymercedes.com.ar\/principal\/wp-content\/uploads\/2021\/11\/suip-1024x1024.jpeg\" src=\"https:\/\/www.hoymercedes.com.ar\/principal\/wp-content\/uploads\/2021\/11\/suip-1024x1024.jpeg\" alt=\"\" class=\"wp-image-139518\" srcset=\"https:\/\/www.hoymercedes.com.ar\/principal\/wp-content\/uploads\/2021\/11\/suip-1024x1024.jpeg 1024w, https:\/\/www.hoymercedes.com.ar\/principal\/wp-content\/uploads\/2021\/11\/suip-620x620.jpeg 620w, https:\/\/www.hoymercedes.com.ar\/principal\/wp-content\/uploads\/2021\/11\/suip-150x150.jpeg 150w, https:\/\/www.hoymercedes.com.ar\/principal\/wp-content\/uploads\/2021\/11\/suip.jpeg 1280w\" sizes=\"auto, (max-width: 1024px) 100vw, 1024px\" \/><figcaption>e<\/figcaption><\/figure>\n\n\n\n<p><\/p>\n\n\n\n<p>Desde la ONG Casa Patria Suipacha est\u00e1n organizando para este viernes 5 de noviembre desde las 10 de la ma\u00f1ana una jornada donde los estudiantes de los dos \u00faltimos a\u00f1os de secundario podr\u00e1n analizar ofertas de carreras universitarias y terciarias. La sede ser\u00e1 la plaza de la estaci\u00f3n.<\/p>\n\n\n\n<p><br>Una buena propuesta se viene para los chicos que est\u00e1n terminando la secundaria y ya est\u00e1n pensando en su futuro. No s\u00f3lo se presentar\u00e1n ofertas de carreras de casas de altos estudios sino que tambi\u00e9n habr\u00e1 propuestas con salida laboral m\u00e1s pr\u00f3xima.<br>\u201cHay que darles herramientas y propuestas a nuestros j\u00f3venes. Nuestras visitas a las universidades en los \u00faltimos d\u00edas han generado opciones para implementar inmediatamente. Una es esta, la posibilidad que los chicos tengan a mano la posibilidad de planificar su futuro m\u00e1s cercano\u201d, cont\u00f3 Juan Luis Mancini, ide\u00f3logo de la propuesta.<\/p>\n\n\n\n<p><br>Las instituciones que estar\u00e1n en esta muestra son: la Facultad de Agronom\u00eda de la UBA, el Instituto de Formaci\u00f3n Docente N\u00b0 7 de Mercedes, el Instituto del Profesorado Ciudad de Mercedes, el Centro Universitario Regional con sede en Mercedes, el Centro de Formaci\u00f3n Laboral N\u00b0 1 de Suipacha, el Centro de Formaci\u00f3n Laboral N\u00b0 2 de la vecina ciudad y tambi\u00e9n la Escuela de Arte de Mercedes.<\/p>\n\n\n\n<p><br>\u201cHay muchas opciones para decidir, desde una carrera universitaria de varios a\u00f1os de estudio hasta cursos con f\u00e1cil salida laboral\u201d, afirm\u00f3 Mancini sobre esta muestra que se desarrollar\u00e1 el viernes 5 de noviembre en la plaza de la Estaci\u00f3n.<\/p>\n","protected":false},"excerpt":{"rendered":"<p>Desde la ONG Casa Patria Suipacha est\u00e1n organizando para este viernes 5 de noviembre desde las 10 de la ma\u00f1ana &#8230; <a title=\"Organizan muestra de ofertas universitarias y terciarias en Suipacha\" class=\"read-more\" href=\"https:\/\/www.hoymercedes.com.ar\/principal\/2021\/11\/02\/organizan-muestra-de-ofertas-universitarias-y-terciarias-en-suipacha\/\" aria-label=\"Leer m\u00e1s sobre Organizan muestra de ofertas universitarias y terciarias en Suipacha\">Leer m\u00e1s<\/a><\/p>\n","protected":false},"author":1,"featured_media":139518,"comment_status":"closed","ping_status":"open","sticky":false,"template":"","format":"standard","meta":{"_monsterinsights_skip_tracking":false,"_monsterinsights_sitenote_active":false,"_monsterinsights_sitenote_note":"","_monsterinsights_sitenote_category":0,"jetpack_post_was_ever_published":false,"_jetpack_newsletter_access":"","_jetpack_dont_email_post_to_subs":false,"_jetpack_newsletter_tier_id":0,"_jetpack_memberships_contains_paywalled_content":false,"_jetpack_memberships_contains_paid_content":false,"footnotes":"","jetpack_publicize_message":"","jetpack_publicize_feature_enabled":true,"jetpack_social_post_already_shared":true,"jetpack_social_options":{"image_generator_settings":{"template":"highway","default_image_id":0,"font":"","enabled":false},"version":2},"_wpas_customize_per_network":false},"categories":[23],"tags":[17895,559],"class_list":["post-139517","post","type-post","status-publish","format-standard","has-post-thumbnail","hentry","category-educacion","tag-mancini","tag-suipacha","generate-columns","tablet-grid-50","mobile-grid-100","grid-parent","grid-50"],"jetpack_publicize_connections":[],"jetpack_featured_media_url":"https:\/\/www.hoymercedes.com.ar\/principal\/wp-content\/uploads\/2021\/11\/suip.jpeg","wps_subtitle":"Educaci\u00f2n regional","jetpack_sharing_enabled":true,"_links":{"self":[{"href":"https:\/\/www.hoymercedes.com.ar\/principal\/wp-json\/wp\/v2\/posts\/139517","targetHints":{"allow":["GET"]}}],"collection":[{"href":"https:\/\/www.hoymercedes.com.ar\/principal\/wp-json\/wp\/v2\/posts"}],"about":[{"href":"https:\/\/www.hoymercedes.com.ar\/principal\/wp-json\/wp\/v2\/types\/post"}],"author":[{"embeddable":true,"href":"https:\/\/www.hoymercedes.com.ar\/principal\/wp-json\/wp\/v2\/users\/1"}],"replies":[{"embeddable":true,"href":"https:\/\/www.hoymercedes.com.ar\/principal\/wp-json\/wp\/v2\/comments?post=139517"}],"version-history":[{"count":0,"href":"https:\/\/www.hoymercedes.com.ar\/principal\/wp-json\/wp\/v2\/posts\/139517\/revisions"}],"wp:featuredmedia":[{"embeddable":true,"href":"https:\/\/www.hoymercedes.com.ar\/principal\/wp-json\/wp\/v2\/media\/139518"}],"wp:attachment":[{"href":"https:\/\/www.hoymercedes.com.ar\/principal\/wp-json\/wp\/v2\/media?parent=139517"}],"wp:term":[{"taxonomy":"category","embeddable":true,"href":"https:\/\/www.hoymercedes.com.ar\/principal\/wp-json\/wp\/v2\/categories?post=139517"},{"taxonomy":"post_tag","embeddable":true,"href":"https:\/\/www.hoymercedes.com.ar\/principal\/wp-json\/wp\/v2\/tags?post=139517"}],"curies":[{"name":"wp","href":"https:\/\/api.w.org\/{rel}","templated":true}]}}