{"id":13958,"date":"2012-06-26T12:51:06","date_gmt":"2012-06-26T12:51:06","guid":{"rendered":"http:\/\/www.hoymercedes.com.ar\/principal\/?p=13958"},"modified":"2012-06-26T12:52:43","modified_gmt":"2012-06-26T12:52:43","slug":"juventud-17-de-octubre-instalo-carpa-invitando-a-donar-sangre-en-celebraciones-de-la-ciudad","status":"publish","type":"post","link":"https:\/\/www.hoymercedes.com.ar\/principal\/2012\/06\/26\/juventud-17-de-octubre-instalo-carpa-invitando-a-donar-sangre-en-celebraciones-de-la-ciudad\/","title":{"rendered":"Juventud 17 de Octubre instal\u00f3 carpa invitando a donar sangre en celebraciones de la ciudad"},"content":{"rendered":"<p><img loading=\"lazy\" decoding=\"async\" data-attachment-id=\"13960\" data-permalink=\"https:\/\/www.hoymercedes.com.ar\/principal\/2012\/06\/26\/juventud-17-de-octubre-instalo-carpa-invitando-a-donar-sangre-en-celebraciones-de-la-ciudad\/carpa-juventud-desfile\/#main\" data-orig-file=\"https:\/\/www.hoymercedes.com.ar\/principal\/wp-content\/uploads\/2012\/06\/Carpa-Juventud-Desfile.jpg\" data-orig-size=\"612,459\" data-comments-opened=\"1\" data-image-meta=\"{&quot;aperture&quot;:&quot;0&quot;,&quot;credit&quot;:&quot;&quot;,&quot;camera&quot;:&quot;&quot;,&quot;caption&quot;:&quot;&quot;,&quot;created_timestamp&quot;:&quot;0&quot;,&quot;copyright&quot;:&quot;&quot;,&quot;focal_length&quot;:&quot;0&quot;,&quot;iso&quot;:&quot;0&quot;,&quot;shutter_speed&quot;:&quot;0&quot;,&quot;title&quot;:&quot;&quot;}\" data-image-title=\"Carpa-Juventud-Desfile\" data-image-description=\"\" data-image-caption=\"\" data-large-file=\"https:\/\/www.hoymercedes.com.ar\/principal\/wp-content\/uploads\/2012\/06\/Carpa-Juventud-Desfile.jpg\" class=\"aligncenter size-full wp-image-13960\" title=\"Carpa-Juventud-Desfile\" src=\"https:\/\/www.hoymercedes.com.ar\/principal\/wp-content\/uploads\/2012\/06\/Carpa-Juventud-Desfile.jpg\" alt=\"\" width=\"612\" height=\"459\" \/><\/p>\n<p>La Juventud Peronista de la Agrupaci\u00f3n 17 de Octubre que tiene como conductor al Presidente del Partido Justicialista e Intendente de todos los mercedinos, Carlos Selva, aprovechando los festejos por los 260 a\u00f1os de la Ciudad de Mercedes, movilizo sus integrantes a fin de lanzar ante la sociedad la gacetilla de Militancia Juvenil que en su encabezado contiene el titulo \u201cEn Marcha\u201d.<\/p>\n<p>\u201cEl trabajo militante nos va poniendo constantemente nuevos retos, propuestas y vocaciones, la voluntad de trabajo se incrementa<\/p>\n<p>&nbsp;<\/p>\n<p>con la motivaci\u00f3n que implica andar por nuevos caminos, por eso hoy lanzamos nuestro medio impreso para estar m\u00e1s y mejor comunicados entre todos\u201d, expresan desde la Juventud.<\/p>\n<p>&nbsp;<\/p>\n<p>Los j\u00f3venes nos estamos dando una oportunidad hist\u00f3rica de acci\u00f3n directa en la sociedad. Tal como dice el Intendente Carlos Selva en una de las p\u00e1ginas de la gacetilla al darle la bienvenida a esta publicaci\u00f3n, no solo se trata de la participaci\u00f3n, de por si importante, sino tambi\u00e9n de la intervenci\u00f3n cultural ideol\u00f3gica que implica y significa salir con nuestra vos desde un medio impreso.<\/p>\n<p>\u201cDesde la Juventud Peronista de la Agrupaci\u00f3n 17 de Octubre pensamos en clave local y nacional. Arreglamos predios comunitarios, pintamos escuelas y espacios p\u00fablicos, realizamos actos pol\u00edticos y ciudadanos, creamos actos solidarios y nos reunimos cada viernes para debatir, reflexionar y dise\u00f1ar acciones p\u00fablicas a realizar desde el lugar que nos toca\u201d, manifiestan.<\/p>\n<p>\u201cSiempre decimos y repetimos que es un \u00e1mbito abierto a todos los que deseen participar y dar a conocer su opini\u00f3n. Para nosotros es lo m\u00e1s rico que podemos vivir: escucharnos y construir dial\u00e9cticamente la realidad\u201d, indican.<\/p>\n<p>Por \u00faltimo expresamos estar convencidos que juntos, en comunidad, es el mejor camino de construcci\u00f3n que una sociedad debe perseguir , por lo que convocamos a los distintos sectores de nuestra Mercedes en estos 260 a\u00f1os de historia a seguir trabajando poniendo siempre por sobre todo los intereses de nuestros vecinos .<\/p>\n<p>Juventud Peronista Agrupaci\u00f3n 17 de Octubre, Carlos Selva Conducci\u00f3n.<\/p>\n","protected":false},"excerpt":{"rendered":"<p>La Juventud Peronista de la Agrupaci\u00f3n 17 de Octubre que tiene como conductor al Presidente del Partido Justicialista e Intendente &#8230; <a title=\"Juventud 17 de Octubre instal\u00f3 carpa invitando a donar sangre en celebraciones de la ciudad\" class=\"read-more\" href=\"https:\/\/www.hoymercedes.com.ar\/principal\/2012\/06\/26\/juventud-17-de-octubre-instalo-carpa-invitando-a-donar-sangre-en-celebraciones-de-la-ciudad\/\" aria-label=\"Leer m\u00e1s sobre Juventud 17 de Octubre instal\u00f3 carpa invitando a donar sangre en celebraciones de la ciudad\">Leer m\u00e1s<\/a><\/p>\n","protected":false},"author":1,"featured_media":0,"comment_status":"open","ping_status":"open","sticky":false,"template":"","format":"standard","meta":{"_monsterinsights_skip_tracking":false,"_monsterinsights_sitenote_active":false,"_monsterinsights_sitenote_note":"","_monsterinsights_sitenote_category":0,"jetpack_post_was_ever_published":false,"_jetpack_newsletter_access":"","_jetpack_dont_email_post_to_subs":false,"_jetpack_newsletter_tier_id":0,"_jetpack_memberships_contains_paywalled_content":false,"_jetpack_memberships_contains_paid_content":false,"footnotes":"","jetpack_publicize_message":"","jetpack_publicize_feature_enabled":true,"jetpack_social_post_already_shared":false,"jetpack_social_options":{"image_generator_settings":{"template":"highway","default_image_id":0,"font":"","enabled":false},"version":2},"_wpas_customize_per_network":false},"categories":[5],"tags":[2417],"class_list":["post-13958","post","type-post","status-publish","format-standard","hentry","category-politica","tag-juventud-17-de-octubre-mercedes","generate-columns","tablet-grid-50","mobile-grid-100","grid-parent","grid-50"],"jetpack_publicize_connections":[],"jetpack_featured_media_url":"","wps_subtitle":"","jetpack_sharing_enabled":true,"_links":{"self":[{"href":"https:\/\/www.hoymercedes.com.ar\/principal\/wp-json\/wp\/v2\/posts\/13958","targetHints":{"allow":["GET"]}}],"collection":[{"href":"https:\/\/www.hoymercedes.com.ar\/principal\/wp-json\/wp\/v2\/posts"}],"about":[{"href":"https:\/\/www.hoymercedes.com.ar\/principal\/wp-json\/wp\/v2\/types\/post"}],"author":[{"embeddable":true,"href":"https:\/\/www.hoymercedes.com.ar\/principal\/wp-json\/wp\/v2\/users\/1"}],"replies":[{"embeddable":true,"href":"https:\/\/www.hoymercedes.com.ar\/principal\/wp-json\/wp\/v2\/comments?post=13958"}],"version-history":[{"count":0,"href":"https:\/\/www.hoymercedes.com.ar\/principal\/wp-json\/wp\/v2\/posts\/13958\/revisions"}],"wp:attachment":[{"href":"https:\/\/www.hoymercedes.com.ar\/principal\/wp-json\/wp\/v2\/media?parent=13958"}],"wp:term":[{"taxonomy":"category","embeddable":true,"href":"https:\/\/www.hoymercedes.com.ar\/principal\/wp-json\/wp\/v2\/categories?post=13958"},{"taxonomy":"post_tag","embeddable":true,"href":"https:\/\/www.hoymercedes.com.ar\/principal\/wp-json\/wp\/v2\/tags?post=13958"}],"curies":[{"name":"wp","href":"https:\/\/api.w.org\/{rel}","templated":true}]}}