{"id":139617,"date":"2021-11-04T12:21:00","date_gmt":"2021-11-04T15:21:00","guid":{"rendered":"https:\/\/www.hoymercedes.com.ar\/principal\/?p=139617"},"modified":"2021-11-04T11:24:35","modified_gmt":"2021-11-04T14:24:35","slug":"construyen-jardin-espacio-primera-infancia-en-el-eva-duarte","status":"publish","type":"post","link":"https:\/\/www.hoymercedes.com.ar\/principal\/2021\/11\/04\/construyen-jardin-espacio-primera-infancia-en-el-eva-duarte\/","title":{"rendered":"Construyen Jard\u00edn Espacio Primera Infancia en el Eva Duarte"},"content":{"rendered":"\n<p>Por Prensa Municipal &#8211; Las pol\u00edticas p\u00fablicas que viene desarrollando el Municipio de Mercedes se multiplican en todos los barrios, como as\u00ed tambi\u00e9n, las gestiones y el trabajo en conjunto con el Gobierno Provincial. De esta manera, se est\u00e1n llevando adelante las obras de construcci\u00f3n de un nuevo Espacio Primera Infancia en la ciudad, m\u00e1s espec\u00edficamente en el barrio Eva Duarte. \u00a0<\/p>\n\n\n\n<div class=\"wp-block-image\"><figure class=\"aligncenter size-full\"><img loading=\"lazy\" decoding=\"async\" width=\"800\" height=\"534\" data-attachment-id=\"139618\" data-permalink=\"https:\/\/www.hoymercedes.com.ar\/principal\/2021\/11\/04\/construyen-jardin-espacio-primera-infancia-en-el-eva-duarte\/dsc09667\/#main\" data-orig-file=\"https:\/\/www.hoymercedes.com.ar\/principal\/wp-content\/uploads\/2021\/11\/DSC09667.jpg\" data-orig-size=\"800,534\" data-comments-opened=\"0\" data-image-meta=\"{&quot;aperture&quot;:&quot;0&quot;,&quot;credit&quot;:&quot;&quot;,&quot;camera&quot;:&quot;&quot;,&quot;caption&quot;:&quot;&quot;,&quot;created_timestamp&quot;:&quot;0&quot;,&quot;copyright&quot;:&quot;&quot;,&quot;focal_length&quot;:&quot;0&quot;,&quot;iso&quot;:&quot;0&quot;,&quot;shutter_speed&quot;:&quot;0&quot;,&quot;title&quot;:&quot;&quot;,&quot;orientation&quot;:&quot;0&quot;}\" data-image-title=\"DSC09667\" data-image-description=\"\" data-image-caption=\"\" data-large-file=\"https:\/\/www.hoymercedes.com.ar\/principal\/wp-content\/uploads\/2021\/11\/DSC09667.jpg\" src=\"https:\/\/www.hoymercedes.com.ar\/principal\/wp-content\/uploads\/2021\/11\/DSC09667.jpg\" alt=\"\" class=\"wp-image-139618\" srcset=\"https:\/\/www.hoymercedes.com.ar\/principal\/wp-content\/uploads\/2021\/11\/DSC09667.jpg 800w, https:\/\/www.hoymercedes.com.ar\/principal\/wp-content\/uploads\/2021\/11\/DSC09667-630x421.jpg 630w, https:\/\/www.hoymercedes.com.ar\/principal\/wp-content\/uploads\/2021\/11\/DSC09667-150x100.jpg 150w\" sizes=\"auto, (max-width: 800px) 100vw, 800px\" \/><\/figure><\/div>\n\n\n\n<p>All\u00ed estuvo el intendente Juan Ignacio Ustarroz quien manifest\u00f3 \u201cestamos pr\u00f3ximos a finalizar la construcci\u00f3n de este Espacio Primera Infancia, uno m\u00e1s en la ciudad de Mercedes, este ser\u00e1 el octavo\u201d. &nbsp;<\/p>\n\n\n\n<p>En este sentido, el intendente Ustarroz indic\u00f3 \u201cesto lo inicio el barrio Eva Duarte, donde se trabaj\u00f3 mucho, pero cuando ve las dimensiones es imposible para un barrio hacer al cien por ciento esta obra tan importante desde el punto de vista de la arquitectura, pero por sobre todas las cosas, una obra muy importante desde el punto de vista de las pol\u00edticas p\u00fablicas de ni\u00f1ez e infancia que lleva adelante el Municipio\u201d y agreg\u00f3 \u201clo que nos vali\u00f3 el reconocimiento de UNICEF y que hoy impulsamos cada vez m\u00e1s porque tienen que ver con el presente y el futuro de nuestra ciudad\u201d. &nbsp;<\/p>\n\n\n\n<p>\u201cQue en diferentes zonas de nuestra ciudad haya Espacios Primera Infancia a nosotros nos genera mucha felicidad y es un honor muy grande que desde distintos puntos del pa\u00eds esto se tome como ejemplo\u201d afirm\u00f3 el intendente Ustarroz y remarc\u00f3 \u201cla ciudad crece y esta zona necesitaba un dispositivo de estas caracter\u00edsticas, calidad y calidez, as\u00ed que muy contentos\u201d.&nbsp;&nbsp;&nbsp;&nbsp;<\/p>\n\n\n\n<p>El secretario de Obras P\u00fablicas, Emanuel P\u00e9rez Carrera, se\u00f1al\u00f3 \u201cestamos en la etapa de la obra gruesa, todo lo que es revoque y se va a comenzar con la parte exterior \u2013recuadro de ventanas- e instalaciones, para luego comenzar con las terminaciones\u201d y destac\u00f3 \u201cestamos muy contentos porque el avance la obra es mayor a los tiempos proyectados, as\u00ed que calculamos que tenemos aproximadamente 3 meses hasta finalizarlos\u201d. &nbsp;<\/p>\n\n\n\n<p>Por su parte, la directora de Ni\u00f1ez y Adolescencia, Gabriela Olivella expres\u00f3 \u201ccada vez que recorremos una obra como est\u00e1 nos pone muy contentos y nos genera esta responsabilidad de dar cada vez m\u00e1s respuestas en materia de primera infancia que creemos de gran importancia\u201d. &nbsp;<\/p>\n","protected":false},"excerpt":{"rendered":"<p>Por Prensa Municipal &#8211; Las pol\u00edticas p\u00fablicas que viene desarrollando el Municipio de Mercedes se multiplican en todos los barrios, &#8230; <a title=\"Construyen Jard\u00edn Espacio Primera Infancia en el Eva Duarte\" class=\"read-more\" href=\"https:\/\/www.hoymercedes.com.ar\/principal\/2021\/11\/04\/construyen-jardin-espacio-primera-infancia-en-el-eva-duarte\/\" aria-label=\"Leer m\u00e1s sobre Construyen Jard\u00edn Espacio Primera Infancia en el Eva Duarte\">Leer m\u00e1s<\/a><\/p>\n","protected":false},"author":1,"featured_media":139618,"comment_status":"closed","ping_status":"open","sticky":false,"template":"","format":"standard","meta":{"_monsterinsights_skip_tracking":false,"_monsterinsights_sitenote_active":false,"_monsterinsights_sitenote_note":"","_monsterinsights_sitenote_category":0,"jetpack_post_was_ever_published":false,"_jetpack_newsletter_access":"","_jetpack_dont_email_post_to_subs":false,"_jetpack_newsletter_tier_id":0,"_jetpack_memberships_contains_paywalled_content":false,"_jetpack_memberships_contains_paid_content":false,"footnotes":"","jetpack_publicize_message":"","jetpack_publicize_feature_enabled":true,"jetpack_social_post_already_shared":true,"jetpack_social_options":{"image_generator_settings":{"template":"highway","default_image_id":0,"font":"","enabled":false},"version":2},"_wpas_customize_per_network":false},"categories":[30],"tags":[244],"class_list":["post-139617","post","type-post","status-publish","format-standard","has-post-thumbnail","hentry","category-municipio","tag-municipio-2","generate-columns","tablet-grid-50","mobile-grid-100","grid-parent","grid-50"],"jetpack_publicize_connections":[],"jetpack_featured_media_url":"https:\/\/www.hoymercedes.com.ar\/principal\/wp-content\/uploads\/2021\/11\/DSC09667.jpg","wps_subtitle":"","jetpack_sharing_enabled":true,"_links":{"self":[{"href":"https:\/\/www.hoymercedes.com.ar\/principal\/wp-json\/wp\/v2\/posts\/139617","targetHints":{"allow":["GET"]}}],"collection":[{"href":"https:\/\/www.hoymercedes.com.ar\/principal\/wp-json\/wp\/v2\/posts"}],"about":[{"href":"https:\/\/www.hoymercedes.com.ar\/principal\/wp-json\/wp\/v2\/types\/post"}],"author":[{"embeddable":true,"href":"https:\/\/www.hoymercedes.com.ar\/principal\/wp-json\/wp\/v2\/users\/1"}],"replies":[{"embeddable":true,"href":"https:\/\/www.hoymercedes.com.ar\/principal\/wp-json\/wp\/v2\/comments?post=139617"}],"version-history":[{"count":0,"href":"https:\/\/www.hoymercedes.com.ar\/principal\/wp-json\/wp\/v2\/posts\/139617\/revisions"}],"wp:featuredmedia":[{"embeddable":true,"href":"https:\/\/www.hoymercedes.com.ar\/principal\/wp-json\/wp\/v2\/media\/139618"}],"wp:attachment":[{"href":"https:\/\/www.hoymercedes.com.ar\/principal\/wp-json\/wp\/v2\/media?parent=139617"}],"wp:term":[{"taxonomy":"category","embeddable":true,"href":"https:\/\/www.hoymercedes.com.ar\/principal\/wp-json\/wp\/v2\/categories?post=139617"},{"taxonomy":"post_tag","embeddable":true,"href":"https:\/\/www.hoymercedes.com.ar\/principal\/wp-json\/wp\/v2\/tags?post=139617"}],"curies":[{"name":"wp","href":"https:\/\/api.w.org\/{rel}","templated":true}]}}