{"id":139620,"date":"2021-11-04T15:26:00","date_gmt":"2021-11-04T18:26:00","guid":{"rendered":"https:\/\/www.hoymercedes.com.ar\/principal\/?p=139620"},"modified":"2021-11-04T11:37:48","modified_gmt":"2021-11-04T14:37:48","slug":"ultimando-los-detalles-del-hospital-odontologico","status":"publish","type":"post","link":"https:\/\/www.hoymercedes.com.ar\/principal\/2021\/11\/04\/ultimando-los-detalles-del-hospital-odontologico\/","title":{"rendered":"Ultimando los detalles del Hospital Odontol\u00f3gico"},"content":{"rendered":"\n<p>En el marco de una recorrida realizada por la ciudad, el intendente Juan Ignacio Ustarroz, junto al secretario de Salud Nestor Pisapia y de Obras P\u00fablicas municipal Emanuel P\u00e9rez Carrera, estuvo visitando la obra del Hospital Odontol\u00f3gico. <\/p>\n\n\n\n<p>\u201cPara nosotros representa un gran avance para la ciudad en t\u00e9rminos de crecimiento, cuidado, salud, un dispositivo que no tienen otras ciudades y que para nosotros representa un claro progreso en pol\u00edticas p\u00fablicas. Trabajar con la Universidad de la Plata, verdaderamente es un prestigio. Y en este momento viendo este avance de obra, estamos en un 90% pr\u00e1cticamente, donde calculamos que en un mes estaremos finalizando\u201d, expres\u00f3 el Jefe Comunal. \u00a0<\/p>\n\n\n\n<p>Por su parte, el Secretario de Salud, el Dr. N\u00e9stor Pisapia dijo: \u201cEstamos muy contentos, falta muy poquito para poder terminar la obra. Estamos trabajando mucho en todo lo que tiene que ver con el equipamiento de este lugar, estamos teniendo reuniones con la Universidad de la Plata sobre la implementaci\u00f3n del trabajo. Va a ser un salto de calidad para todos los vecinos de Mercedes tener un lugar de referencia de nivel universitario, y nosotros creemos que la salud bucal es uno de los pilares respecto al cuidado de la salud\u201d. \u00a0<\/p>\n\n\n\n<p>En tanto, el Secretario de Obras P\u00fablicas Arquitecto Emanuel P\u00e9rez Carrera expres\u00f3: \u201cYa estamos en la etapa de las terminaciones, se est\u00e1n colocando los vidrios exteriores, ya se realizaron trabajos de pintura, todo lo que tiene que ver con los detalles finales. Estamos avanzando fuerte para en las pr\u00f3ximas semanas poder finalizar la obra gen\u00e9rica, para luego dar la puesta a punto junto a la Secretar\u00eda de Salud y los pormenores que tienen que ver con el equipamiento\u201d. \u00a0<\/p>\n\n\n\n<p>Fuente: Prensa Municipal<\/p>\n","protected":false},"excerpt":{"rendered":"<p>En el marco de una recorrida realizada por la ciudad, el intendente Juan Ignacio Ustarroz, junto al secretario de Salud &#8230; <a title=\"Ultimando los detalles del Hospital Odontol\u00f3gico\" class=\"read-more\" href=\"https:\/\/www.hoymercedes.com.ar\/principal\/2021\/11\/04\/ultimando-los-detalles-del-hospital-odontologico\/\" aria-label=\"Leer m\u00e1s sobre Ultimando los detalles del Hospital Odontol\u00f3gico\">Leer m\u00e1s<\/a><\/p>\n","protected":false},"author":1,"featured_media":139621,"comment_status":"closed","ping_status":"open","sticky":false,"template":"","format":"standard","meta":{"_monsterinsights_skip_tracking":false,"_monsterinsights_sitenote_active":false,"_monsterinsights_sitenote_note":"","_monsterinsights_sitenote_category":0,"jetpack_post_was_ever_published":false,"_jetpack_newsletter_access":"","_jetpack_dont_email_post_to_subs":false,"_jetpack_newsletter_tier_id":0,"_jetpack_memberships_contains_paywalled_content":false,"_jetpack_memberships_contains_paid_content":false,"footnotes":"","jetpack_publicize_message":"","jetpack_publicize_feature_enabled":true,"jetpack_social_post_already_shared":true,"jetpack_social_options":{"image_generator_settings":{"template":"highway","default_image_id":0,"font":"","enabled":false},"version":2},"_wpas_customize_per_network":false},"categories":[30],"tags":[244],"class_list":["post-139620","post","type-post","status-publish","format-standard","has-post-thumbnail","hentry","category-municipio","tag-municipio-2","generate-columns","tablet-grid-50","mobile-grid-100","grid-parent","grid-50"],"jetpack_publicize_connections":[],"jetpack_featured_media_url":"https:\/\/www.hoymercedes.com.ar\/principal\/wp-content\/uploads\/2021\/11\/DSC09644.jpg","wps_subtitle":"","jetpack_sharing_enabled":true,"_links":{"self":[{"href":"https:\/\/www.hoymercedes.com.ar\/principal\/wp-json\/wp\/v2\/posts\/139620","targetHints":{"allow":["GET"]}}],"collection":[{"href":"https:\/\/www.hoymercedes.com.ar\/principal\/wp-json\/wp\/v2\/posts"}],"about":[{"href":"https:\/\/www.hoymercedes.com.ar\/principal\/wp-json\/wp\/v2\/types\/post"}],"author":[{"embeddable":true,"href":"https:\/\/www.hoymercedes.com.ar\/principal\/wp-json\/wp\/v2\/users\/1"}],"replies":[{"embeddable":true,"href":"https:\/\/www.hoymercedes.com.ar\/principal\/wp-json\/wp\/v2\/comments?post=139620"}],"version-history":[{"count":0,"href":"https:\/\/www.hoymercedes.com.ar\/principal\/wp-json\/wp\/v2\/posts\/139620\/revisions"}],"wp:featuredmedia":[{"embeddable":true,"href":"https:\/\/www.hoymercedes.com.ar\/principal\/wp-json\/wp\/v2\/media\/139621"}],"wp:attachment":[{"href":"https:\/\/www.hoymercedes.com.ar\/principal\/wp-json\/wp\/v2\/media?parent=139620"}],"wp:term":[{"taxonomy":"category","embeddable":true,"href":"https:\/\/www.hoymercedes.com.ar\/principal\/wp-json\/wp\/v2\/categories?post=139620"},{"taxonomy":"post_tag","embeddable":true,"href":"https:\/\/www.hoymercedes.com.ar\/principal\/wp-json\/wp\/v2\/tags?post=139620"}],"curies":[{"name":"wp","href":"https:\/\/api.w.org\/{rel}","templated":true}]}}