{"id":139726,"date":"2021-11-07T07:19:00","date_gmt":"2021-11-07T10:19:00","guid":{"rendered":"https:\/\/www.hoymercedes.com.ar\/principal\/?p=139726"},"modified":"2021-11-07T09:53:41","modified_gmt":"2021-11-07T12:53:41","slug":"transportista-fallece-en-la-ruta-5","status":"publish","type":"post","link":"https:\/\/www.hoymercedes.com.ar\/principal\/2021\/11\/07\/transportista-fallece-en-la-ruta-5\/","title":{"rendered":"Transportista fallece en la Ruta 5"},"content":{"rendered":"\n<p>Un tr\u00e1gica determinaci\u00f3n tom\u00f3 un transportista al arrojarse al paso de un cami\u00f3n sobre ruta 5. El d\u00eda s\u00e1bado se alert\u00f3 a las autoridades policiales del siniestro ocurrido en el kil\u00f3metro 113,800 de la Ruta Nacional N\u00b0 5, jurisdicci\u00f3n Mercedes. La persona falleci\u00f3 a causa de \u00e9sto. <\/p>\n\n\n\n<div class=\"wp-block-image\"><figure class=\"aligncenter size-large\"><img loading=\"lazy\" decoding=\"async\" width=\"1024\" height=\"312\" data-attachment-id=\"139733\" data-permalink=\"https:\/\/www.hoymercedes.com.ar\/principal\/2021\/11\/07\/transportista-fallece-en-la-ruta-5\/camion-ruta5\/#main\" data-orig-file=\"https:\/\/www.hoymercedes.com.ar\/principal\/wp-content\/uploads\/2021\/11\/camion-ruta5-e1636289602796.jpg\" data-orig-size=\"800,244\" data-comments-opened=\"0\" data-image-meta=\"{&quot;aperture&quot;:&quot;0&quot;,&quot;credit&quot;:&quot;&quot;,&quot;camera&quot;:&quot;&quot;,&quot;caption&quot;:&quot;&quot;,&quot;created_timestamp&quot;:&quot;0&quot;,&quot;copyright&quot;:&quot;&quot;,&quot;focal_length&quot;:&quot;0&quot;,&quot;iso&quot;:&quot;0&quot;,&quot;shutter_speed&quot;:&quot;0&quot;,&quot;title&quot;:&quot;&quot;,&quot;orientation&quot;:&quot;0&quot;}\" data-image-title=\"camion ruta5\" data-image-description=\"\" data-image-caption=\"\" data-large-file=\"https:\/\/www.hoymercedes.com.ar\/principal\/wp-content\/uploads\/2021\/11\/camion-ruta5-1024x312.jpg\" src=\"https:\/\/www.hoymercedes.com.ar\/principal\/wp-content\/uploads\/2021\/11\/camion-ruta5-1024x312.jpg\" alt=\"\" class=\"wp-image-139733\"\/><\/figure><\/div>\n\n\n\n<p>El evento ocurri\u00f3 cuando un cami\u00f3n Iveco Stralis 530, color blanco, dominio AD352XC remolcando una batea cargada con arena, conducido por Sergio Pedernera, domiciliado de General Pico (LP) que circulaba en sentido Mercedes-Suipacha al llegar al citado kilometro atropell\u00f3 a una persona de sexo masculino que se hallaba a la vera de la ruta al lado de un cami\u00f3n estacionado en la banquina.<\/p>\n\n\n\n<p>De acuerdo a testimonios del chofer del cami\u00f3n Iveco, quien con profundo pesar, relat\u00f3 que ven\u00eda transitando por la ruta 5 y al acercarse lugar, ve un cami\u00f3n estacionado en la banquina con una persona aparentemente reparando un neum\u00e1tico del acoplado. Pocos metros antes de pasar junto a este cami\u00f3n, sorpresivamente la persona se para junto a la cinta asf\u00e1ltica y se arroja sobre la misma al paso de su veh\u00edculo, no pudiendo evitar atropellarlo. <\/p>\n\n\n\n<p>El cami\u00f3n Iveco en ese mismo momento estaba siendo sobrepasado por un autom\u00f3vil Volkswagen Golf, de color negro, en donde viajaba una joven pareja, quienes tambi\u00e9n presencian la tr\u00e1gica determinaci\u00f3n que tomara quien m\u00e1s tarde se establecer\u00eda su identidad como Eduardo Varela, transportista domiciliado en la localidad de Norberto de La Riestra, partido de 25 de Mayo.<\/p>\n\n\n\n<p>Intervino Polic\u00eda Comunal, CPR, Ambulancia del Same y Polic\u00eda Cient\u00edfica de Mercedes.<\/p>\n\n\n\n<p>Colaboraci\u00f3n Jorga Lasala. <\/p>\n\n\n\n<p><\/p>\n","protected":false},"excerpt":{"rendered":"<p>Un tr\u00e1gica determinaci\u00f3n tom\u00f3 un transportista al arrojarse al paso de un cami\u00f3n sobre ruta 5. El d\u00eda s\u00e1bado se &#8230; <a title=\"Transportista fallece en la Ruta 5\" class=\"read-more\" href=\"https:\/\/www.hoymercedes.com.ar\/principal\/2021\/11\/07\/transportista-fallece-en-la-ruta-5\/\" aria-label=\"Leer m\u00e1s sobre Transportista fallece en la Ruta 5\">Leer m\u00e1s<\/a><\/p>\n","protected":false},"author":1,"featured_media":139733,"comment_status":"closed","ping_status":"open","sticky":false,"template":"","format":"standard","meta":{"_monsterinsights_skip_tracking":false,"_monsterinsights_sitenote_active":false,"_monsterinsights_sitenote_note":"","_monsterinsights_sitenote_category":0,"jetpack_post_was_ever_published":false,"_jetpack_newsletter_access":"","_jetpack_dont_email_post_to_subs":false,"_jetpack_newsletter_tier_id":0,"_jetpack_memberships_contains_paywalled_content":false,"_jetpack_memberships_contains_paid_content":false,"footnotes":"","jetpack_publicize_message":"","jetpack_publicize_feature_enabled":true,"jetpack_social_post_already_shared":true,"jetpack_social_options":{"image_generator_settings":{"template":"highway","default_image_id":0,"font":"","enabled":false},"version":2},"_wpas_customize_per_network":false},"categories":[85],"tags":[96,538,10395],"class_list":["post-139726","post","type-post","status-publish","format-standard","has-post-thumbnail","hentry","category-policial","tag-policial-2","tag-ruta-5","tag-siniestro-vial","generate-columns","tablet-grid-50","mobile-grid-100","grid-parent","grid-50"],"jetpack_publicize_connections":[],"jetpack_featured_media_url":"https:\/\/www.hoymercedes.com.ar\/principal\/wp-content\/uploads\/2021\/11\/camion-ruta5-e1636289602796.jpg","wps_subtitle":"Siniestro vial","jetpack_sharing_enabled":true,"_links":{"self":[{"href":"https:\/\/www.hoymercedes.com.ar\/principal\/wp-json\/wp\/v2\/posts\/139726","targetHints":{"allow":["GET"]}}],"collection":[{"href":"https:\/\/www.hoymercedes.com.ar\/principal\/wp-json\/wp\/v2\/posts"}],"about":[{"href":"https:\/\/www.hoymercedes.com.ar\/principal\/wp-json\/wp\/v2\/types\/post"}],"author":[{"embeddable":true,"href":"https:\/\/www.hoymercedes.com.ar\/principal\/wp-json\/wp\/v2\/users\/1"}],"replies":[{"embeddable":true,"href":"https:\/\/www.hoymercedes.com.ar\/principal\/wp-json\/wp\/v2\/comments?post=139726"}],"version-history":[{"count":0,"href":"https:\/\/www.hoymercedes.com.ar\/principal\/wp-json\/wp\/v2\/posts\/139726\/revisions"}],"wp:featuredmedia":[{"embeddable":true,"href":"https:\/\/www.hoymercedes.com.ar\/principal\/wp-json\/wp\/v2\/media\/139733"}],"wp:attachment":[{"href":"https:\/\/www.hoymercedes.com.ar\/principal\/wp-json\/wp\/v2\/media?parent=139726"}],"wp:term":[{"taxonomy":"category","embeddable":true,"href":"https:\/\/www.hoymercedes.com.ar\/principal\/wp-json\/wp\/v2\/categories?post=139726"},{"taxonomy":"post_tag","embeddable":true,"href":"https:\/\/www.hoymercedes.com.ar\/principal\/wp-json\/wp\/v2\/tags?post=139726"}],"curies":[{"name":"wp","href":"https:\/\/api.w.org\/{rel}","templated":true}]}}