{"id":139740,"date":"2021-11-07T11:33:01","date_gmt":"2021-11-07T14:33:01","guid":{"rendered":"https:\/\/www.hoymercedes.com.ar\/principal\/?p=139740"},"modified":"2021-11-07T13:10:20","modified_gmt":"2021-11-07T16:10:20","slug":"choque-y-vuelco-sobre-la-ruta-n-5","status":"publish","type":"post","link":"https:\/\/www.hoymercedes.com.ar\/principal\/2021\/11\/07\/choque-y-vuelco-sobre-la-ruta-n-5\/","title":{"rendered":"Choque y vuelco sobre la Ruta N\u00b0 5"},"content":{"rendered":"\n<p>En la jornada del s\u00e1bado, choc\u00f3 un cami\u00f3n con un colectivo de larga distancia en el kil\u00f3metro 111 de la Ruta Nacional N\u00b0 5 en el momento en que la ruta estaba cortada por el siniestro ocurrido a dos kil\u00f3metros de all\u00ed. Trascendi\u00f3 que el colectivo circulaba sentido Mercedes-Suipacha a baja velocidad y aproxim\u00e1ndose al final de la cola de los veh\u00edculos que se hallaban detenidos sobre la cinta asf\u00e1ltica, es embestido por un cami\u00f3n Iveco 170E, color blanco, dominio LJG387 con acoplado, que circulaba detr\u00e1s y cuyo chofer no habr\u00eda percibido a tiempo que el transito estaba detenido. <\/p>\n\n\n\n<div class=\"wp-block-image\"><figure class=\"aligncenter size-full\"><img loading=\"lazy\" decoding=\"async\" width=\"800\" height=\"534\" data-attachment-id=\"139741\" data-permalink=\"https:\/\/www.hoymercedes.com.ar\/principal\/2021\/11\/07\/choque-y-vuelco-sobre-la-ruta-n-5\/vuelco-5-sabado-2\/#main\" data-orig-file=\"https:\/\/www.hoymercedes.com.ar\/principal\/wp-content\/uploads\/2021\/11\/vuelco-5-sabado-2.jpg\" data-orig-size=\"800,534\" data-comments-opened=\"0\" data-image-meta=\"{&quot;aperture&quot;:&quot;0&quot;,&quot;credit&quot;:&quot;&quot;,&quot;camera&quot;:&quot;&quot;,&quot;caption&quot;:&quot;&quot;,&quot;created_timestamp&quot;:&quot;1636280840&quot;,&quot;copyright&quot;:&quot;&quot;,&quot;focal_length&quot;:&quot;0&quot;,&quot;iso&quot;:&quot;0&quot;,&quot;shutter_speed&quot;:&quot;0&quot;,&quot;title&quot;:&quot;&quot;,&quot;orientation&quot;:&quot;1&quot;}\" data-image-title=\"vuelco 5 s\u00e1bado 2\" data-image-description=\"\" data-image-caption=\"\" data-large-file=\"https:\/\/www.hoymercedes.com.ar\/principal\/wp-content\/uploads\/2021\/11\/vuelco-5-sabado-2.jpg\" src=\"https:\/\/www.hoymercedes.com.ar\/principal\/wp-content\/uploads\/2021\/11\/vuelco-5-sabado-2.jpg\" alt=\"\" class=\"wp-image-139741\" srcset=\"https:\/\/www.hoymercedes.com.ar\/principal\/wp-content\/uploads\/2021\/11\/vuelco-5-sabado-2.jpg 800w, https:\/\/www.hoymercedes.com.ar\/principal\/wp-content\/uploads\/2021\/11\/vuelco-5-sabado-2-630x421.jpg 630w, https:\/\/www.hoymercedes.com.ar\/principal\/wp-content\/uploads\/2021\/11\/vuelco-5-sabado-2-150x100.jpg 150w\" sizes=\"auto, (max-width: 800px) 100vw, 800px\" \/><\/figure><\/div>\n\n\n\n<p>El cami\u00f3n pierde el control del cami\u00f3n, que efect\u00faa una maniobra de \u201ctijera\u201d embistiendo el lateral derecho del \u00f3mnibus y volcando al acoplado que remolcaba.<\/p>\n\n\n\n<p>El \u00f3mnibus era conducido por el santarrose\u00f1o Jesus Larrebola y transportaba un contingente de personas que volv\u00edan de un tour de compras en la feria \u201cLa Salada\u201d. En tanto, el cami\u00f3n era conducido por Julio Carranza domiciliado en Trenque Lauquen.<\/p>\n\n\n\n<p>No se registraron heridos. <\/p>\n\n\n\n<p>Intervino Polic\u00eda Comunal, CPR, Ambulancia del SAME de Mercedes.<\/p>\n\n\n\n<p>Colaboraci\u00f3n Jorge Lasala. <\/p>\n\n\n\n<div class=\"wp-block-image\"><figure class=\"aligncenter size-full\"><img loading=\"lazy\" decoding=\"async\" width=\"800\" height=\"533\" data-attachment-id=\"139743\" data-permalink=\"https:\/\/www.hoymercedes.com.ar\/principal\/2021\/11\/07\/choque-y-vuelco-sobre-la-ruta-n-5\/vuelco-5-sabado-1\/#main\" data-orig-file=\"https:\/\/www.hoymercedes.com.ar\/principal\/wp-content\/uploads\/2021\/11\/vuelco-5-sabado-1.jpg\" data-orig-size=\"800,533\" data-comments-opened=\"0\" data-image-meta=\"{&quot;aperture&quot;:&quot;0&quot;,&quot;credit&quot;:&quot;&quot;,&quot;camera&quot;:&quot;&quot;,&quot;caption&quot;:&quot;&quot;,&quot;created_timestamp&quot;:&quot;1636280830&quot;,&quot;copyright&quot;:&quot;&quot;,&quot;focal_length&quot;:&quot;0&quot;,&quot;iso&quot;:&quot;0&quot;,&quot;shutter_speed&quot;:&quot;0&quot;,&quot;title&quot;:&quot;&quot;,&quot;orientation&quot;:&quot;1&quot;}\" data-image-title=\"vuelco 5 s\u00e1bado 1\" data-image-description=\"\" data-image-caption=\"\" data-large-file=\"https:\/\/www.hoymercedes.com.ar\/principal\/wp-content\/uploads\/2021\/11\/vuelco-5-sabado-1.jpg\" src=\"https:\/\/www.hoymercedes.com.ar\/principal\/wp-content\/uploads\/2021\/11\/vuelco-5-sabado-1.jpg\" alt=\"\" class=\"wp-image-139743\" srcset=\"https:\/\/www.hoymercedes.com.ar\/principal\/wp-content\/uploads\/2021\/11\/vuelco-5-sabado-1.jpg 800w, https:\/\/www.hoymercedes.com.ar\/principal\/wp-content\/uploads\/2021\/11\/vuelco-5-sabado-1-630x420.jpg 630w, https:\/\/www.hoymercedes.com.ar\/principal\/wp-content\/uploads\/2021\/11\/vuelco-5-sabado-1-150x100.jpg 150w, https:\/\/www.hoymercedes.com.ar\/principal\/wp-content\/uploads\/2021\/11\/vuelco-5-sabado-1-700x465.jpg 700w\" sizes=\"auto, (max-width: 800px) 100vw, 800px\" \/><\/figure><\/div>\n","protected":false},"excerpt":{"rendered":"<p>En la jornada del s\u00e1bado, choc\u00f3 un cami\u00f3n con un colectivo de larga distancia en el kil\u00f3metro 111 de la &#8230; <a title=\"Choque y vuelco sobre la Ruta N\u00b0 5\" class=\"read-more\" href=\"https:\/\/www.hoymercedes.com.ar\/principal\/2021\/11\/07\/choque-y-vuelco-sobre-la-ruta-n-5\/\" aria-label=\"Leer m\u00e1s sobre Choque y vuelco sobre la Ruta N\u00b0 5\">Leer m\u00e1s<\/a><\/p>\n","protected":false},"author":1,"featured_media":139742,"comment_status":"closed","ping_status":"open","sticky":false,"template":"","format":"standard","meta":{"_monsterinsights_skip_tracking":false,"_monsterinsights_sitenote_active":false,"_monsterinsights_sitenote_note":"","_monsterinsights_sitenote_category":0,"jetpack_post_was_ever_published":false,"_jetpack_newsletter_access":"","_jetpack_dont_email_post_to_subs":false,"_jetpack_newsletter_tier_id":0,"_jetpack_memberships_contains_paywalled_content":false,"_jetpack_memberships_contains_paid_content":false,"footnotes":"","jetpack_publicize_message":"","jetpack_publicize_feature_enabled":true,"jetpack_social_post_already_shared":true,"jetpack_social_options":{"image_generator_settings":{"template":"highway","default_image_id":0,"font":"","enabled":false},"version":2},"_wpas_customize_per_network":false},"categories":[85],"tags":[],"class_list":["post-139740","post","type-post","status-publish","format-standard","has-post-thumbnail","hentry","category-policial","generate-columns","tablet-grid-50","mobile-grid-100","grid-parent","grid-50"],"jetpack_publicize_connections":[],"jetpack_featured_media_url":"https:\/\/www.hoymercedes.com.ar\/principal\/wp-content\/uploads\/2021\/11\/vuelco-5-sabado-3.jpg","wps_subtitle":"Siniestro vial","jetpack_sharing_enabled":true,"_links":{"self":[{"href":"https:\/\/www.hoymercedes.com.ar\/principal\/wp-json\/wp\/v2\/posts\/139740","targetHints":{"allow":["GET"]}}],"collection":[{"href":"https:\/\/www.hoymercedes.com.ar\/principal\/wp-json\/wp\/v2\/posts"}],"about":[{"href":"https:\/\/www.hoymercedes.com.ar\/principal\/wp-json\/wp\/v2\/types\/post"}],"author":[{"embeddable":true,"href":"https:\/\/www.hoymercedes.com.ar\/principal\/wp-json\/wp\/v2\/users\/1"}],"replies":[{"embeddable":true,"href":"https:\/\/www.hoymercedes.com.ar\/principal\/wp-json\/wp\/v2\/comments?post=139740"}],"version-history":[{"count":0,"href":"https:\/\/www.hoymercedes.com.ar\/principal\/wp-json\/wp\/v2\/posts\/139740\/revisions"}],"wp:featuredmedia":[{"embeddable":true,"href":"https:\/\/www.hoymercedes.com.ar\/principal\/wp-json\/wp\/v2\/media\/139742"}],"wp:attachment":[{"href":"https:\/\/www.hoymercedes.com.ar\/principal\/wp-json\/wp\/v2\/media?parent=139740"}],"wp:term":[{"taxonomy":"category","embeddable":true,"href":"https:\/\/www.hoymercedes.com.ar\/principal\/wp-json\/wp\/v2\/categories?post=139740"},{"taxonomy":"post_tag","embeddable":true,"href":"https:\/\/www.hoymercedes.com.ar\/principal\/wp-json\/wp\/v2\/tags?post=139740"}],"curies":[{"name":"wp","href":"https:\/\/api.w.org\/{rel}","templated":true}]}}