{"id":139816,"date":"2021-11-09T10:50:51","date_gmt":"2021-11-09T13:50:51","guid":{"rendered":"https:\/\/www.hoymercedes.com.ar\/principal\/?p=139816"},"modified":"2021-11-09T10:50:58","modified_gmt":"2021-11-09T13:50:58","slug":"ministro-de-pedro-visito-el-parque-industrial-y-recorrio-la-suipachense","status":"publish","type":"post","link":"https:\/\/www.hoymercedes.com.ar\/principal\/2021\/11\/09\/ministro-de-pedro-visito-el-parque-industrial-y-recorrio-la-suipachense\/","title":{"rendered":"Ministro De Pedro visit\u00f3 el Parque Industrial y recorri\u00f3 La Suipachense"},"content":{"rendered":"\n<figure class=\"wp-block-image size-large\"><img loading=\"lazy\" decoding=\"async\" width=\"1024\" height=\"682\" data-attachment-id=\"139817\" data-permalink=\"https:\/\/www.hoymercedes.com.ar\/principal\/2021\/11\/09\/ministro-de-pedro-visito-el-parque-industrial-y-recorrio-la-suipachense\/wado-suipacha\/#main\" data-orig-file=\"https:\/\/www.hoymercedes.com.ar\/principal\/wp-content\/uploads\/2021\/11\/Wado-Suipacha.jpeg\" data-orig-size=\"1600,1066\" data-comments-opened=\"0\" data-image-meta=\"{&quot;aperture&quot;:&quot;0&quot;,&quot;credit&quot;:&quot;&quot;,&quot;camera&quot;:&quot;&quot;,&quot;caption&quot;:&quot;&quot;,&quot;created_timestamp&quot;:&quot;0&quot;,&quot;copyright&quot;:&quot;&quot;,&quot;focal_length&quot;:&quot;0&quot;,&quot;iso&quot;:&quot;0&quot;,&quot;shutter_speed&quot;:&quot;0&quot;,&quot;title&quot;:&quot;&quot;,&quot;orientation&quot;:&quot;0&quot;}\" data-image-title=\"Wado-Suipacha\" data-image-description=\"\" data-image-caption=\"\" data-large-file=\"https:\/\/www.hoymercedes.com.ar\/principal\/wp-content\/uploads\/2021\/11\/Wado-Suipacha-1024x682.jpeg\" src=\"https:\/\/www.hoymercedes.com.ar\/principal\/wp-content\/uploads\/2021\/11\/Wado-Suipacha-1024x682.jpeg\" alt=\"\" class=\"wp-image-139817\" srcset=\"https:\/\/www.hoymercedes.com.ar\/principal\/wp-content\/uploads\/2021\/11\/Wado-Suipacha-1024x682.jpeg 1024w, https:\/\/www.hoymercedes.com.ar\/principal\/wp-content\/uploads\/2021\/11\/Wado-Suipacha-630x420.jpeg 630w, https:\/\/www.hoymercedes.com.ar\/principal\/wp-content\/uploads\/2021\/11\/Wado-Suipacha-150x100.jpeg 150w, https:\/\/www.hoymercedes.com.ar\/principal\/wp-content\/uploads\/2021\/11\/Wado-Suipacha-1536x1023.jpeg 1536w, https:\/\/www.hoymercedes.com.ar\/principal\/wp-content\/uploads\/2021\/11\/Wado-Suipacha-700x465.jpeg 700w, https:\/\/www.hoymercedes.com.ar\/principal\/wp-content\/uploads\/2021\/11\/Wado-Suipacha.jpeg 1600w\" sizes=\"auto, (max-width: 1024px) 100vw, 1024px\" \/><\/figure>\n\n\n\n<p>El ministro del Interior Wado De Pedro visit\u00f3 el Parque Industrial de Suipacha y estuvo de visita en la empresa l\u00e1ctea La Suipachense junto con el candidato Juan Luis Mancini.<\/p>\n\n\n\n<p><br>El viernes pasado durante la tarde el ministro De Pedro se acerc\u00f3 hasta la ciudad para tomar contacto de manera directa con empresarios y emprendedores que hoy forman parte del Parque Industrial. Fue recibido en la empresa metal\u00fargica De Polvere y luego de una breve recorrida hizo una ronda de charla con los empresarios. Estuvo acompa\u00f1ado del subsecretario de Asuntos Municipales Santiago R\u00e9vora, el director provincial Pablo Massa y los candidatos a concejal del Frente Todos Bel\u00e9n Morales y<br>\u201cEn Suipacha como en todo el pa\u00eds la industria se est\u00e1 recuperando. Despu\u00e9s de una crisis sin precedentes y de una pandemia, las metal\u00fargicas, la industria l\u00e1ctea y muchos sectores se est\u00e1n recuperando, invirtiendo y apostando al trabajo\u201d, cont\u00f3 Wado De Pedro en sus redes sociales luego de visitar la ciudad.<\/p>\n\n\n\n<p><br>El ministro luego se traslad\u00f3 hasta la empresa La Suipachense, donde recorri\u00f3 las instalaciones y charl\u00f3 con operarios y tambi\u00e9n los directivos de la importante industria l\u00e1ctea de la zona. \u201cLa empresa en 2018 estaba quebrada, pas\u00f3 de vender 30 a 410 mil litros de leche diarios. Est\u00e1 sumando trabajadores y trabajadoras e invirtiendo en nuevas l\u00edneas de producci\u00f3n\u201d, explic\u00f3 en el ministro luego de su visita.<\/p>\n\n\n\n<p><br>El referente y candidato del Frente Todos Juan Luis Mancini se refiri\u00f3 a esta nueva visita del ministro. \u201cPara Suipacha es muy importante tener a un ministro del Interior como Wado compenetrado y ocupado con lo que pasa en nuestra ciudad. Wado entiende el modo de trabajo para hacer crecer la ciudad para el futuro. Es con el aporte de todos los vecinos y eso es lo que vinimos pregonando en estos meses\u201d, dijo el candidato Mancini.<\/p>\n\n\n\n<p><\/p>\n","protected":false},"excerpt":{"rendered":"<p>El ministro del Interior Wado De Pedro visit\u00f3 el Parque Industrial de Suipacha y estuvo de visita en la empresa &#8230; <a title=\"Ministro De Pedro visit\u00f3 el Parque Industrial y recorri\u00f3 La Suipachense\" class=\"read-more\" href=\"https:\/\/www.hoymercedes.com.ar\/principal\/2021\/11\/09\/ministro-de-pedro-visito-el-parque-industrial-y-recorrio-la-suipachense\/\" aria-label=\"Leer m\u00e1s sobre Ministro De Pedro visit\u00f3 el Parque Industrial y recorri\u00f3 La Suipachense\">Leer m\u00e1s<\/a><\/p>\n","protected":false},"author":1,"featured_media":139817,"comment_status":"closed","ping_status":"open","sticky":false,"template":"","format":"standard","meta":{"_monsterinsights_skip_tracking":false,"_monsterinsights_sitenote_active":false,"_monsterinsights_sitenote_note":"","_monsterinsights_sitenote_category":0,"jetpack_post_was_ever_published":false,"_jetpack_newsletter_access":"","_jetpack_dont_email_post_to_subs":false,"_jetpack_newsletter_tier_id":0,"_jetpack_memberships_contains_paywalled_content":false,"_jetpack_memberships_contains_paid_content":false,"footnotes":"","jetpack_publicize_message":"","jetpack_publicize_feature_enabled":true,"jetpack_social_post_already_shared":true,"jetpack_social_options":{"image_generator_settings":{"template":"highway","default_image_id":0,"font":"","enabled":false},"version":2},"_wpas_customize_per_network":false},"categories":[5],"tags":[281],"class_list":["post-139816","post","type-post","status-publish","format-standard","has-post-thumbnail","hentry","category-politica","tag-wado-de-pedro","generate-columns","tablet-grid-50","mobile-grid-100","grid-parent","grid-50"],"jetpack_publicize_connections":[],"jetpack_featured_media_url":"https:\/\/www.hoymercedes.com.ar\/principal\/wp-content\/uploads\/2021\/11\/Wado-Suipacha.jpeg","wps_subtitle":"Actividad Nacional ","jetpack_sharing_enabled":true,"_links":{"self":[{"href":"https:\/\/www.hoymercedes.com.ar\/principal\/wp-json\/wp\/v2\/posts\/139816","targetHints":{"allow":["GET"]}}],"collection":[{"href":"https:\/\/www.hoymercedes.com.ar\/principal\/wp-json\/wp\/v2\/posts"}],"about":[{"href":"https:\/\/www.hoymercedes.com.ar\/principal\/wp-json\/wp\/v2\/types\/post"}],"author":[{"embeddable":true,"href":"https:\/\/www.hoymercedes.com.ar\/principal\/wp-json\/wp\/v2\/users\/1"}],"replies":[{"embeddable":true,"href":"https:\/\/www.hoymercedes.com.ar\/principal\/wp-json\/wp\/v2\/comments?post=139816"}],"version-history":[{"count":0,"href":"https:\/\/www.hoymercedes.com.ar\/principal\/wp-json\/wp\/v2\/posts\/139816\/revisions"}],"wp:featuredmedia":[{"embeddable":true,"href":"https:\/\/www.hoymercedes.com.ar\/principal\/wp-json\/wp\/v2\/media\/139817"}],"wp:attachment":[{"href":"https:\/\/www.hoymercedes.com.ar\/principal\/wp-json\/wp\/v2\/media?parent=139816"}],"wp:term":[{"taxonomy":"category","embeddable":true,"href":"https:\/\/www.hoymercedes.com.ar\/principal\/wp-json\/wp\/v2\/categories?post=139816"},{"taxonomy":"post_tag","embeddable":true,"href":"https:\/\/www.hoymercedes.com.ar\/principal\/wp-json\/wp\/v2\/tags?post=139816"}],"curies":[{"name":"wp","href":"https:\/\/api.w.org\/{rel}","templated":true}]}}