{"id":139883,"date":"2021-11-10T15:15:00","date_gmt":"2021-11-10T18:15:00","guid":{"rendered":"https:\/\/www.hoymercedes.com.ar\/principal\/?p=139883"},"modified":"2021-11-10T14:34:21","modified_gmt":"2021-11-10T17:34:21","slug":"aprehendieron-a-un-hombre-acusado-de-amenazar-a-su-expareja","status":"publish","type":"post","link":"https:\/\/www.hoymercedes.com.ar\/principal\/2021\/11\/10\/aprehendieron-a-un-hombre-acusado-de-amenazar-a-su-expareja\/","title":{"rendered":"Aprehendieron a un hombre acusado de amenazar a su expareja"},"content":{"rendered":"\n<p><em>El hecho ocurri\u00f3 este martes por la noche en Luj\u00e1n. Seg\u00fan informaron fuentes policiales, el sujeto, de 43 a\u00f1os, se movilizaba en una camioneta y ten\u00eda en su poder dos armas de fuego y una bolsa de nylon con una sustancia blanca similar a la coca\u00edna.<\/em><\/p>\n\n\n\n<div class=\"wp-block-image\"><figure class=\"aligncenter size-full\"><img loading=\"lazy\" decoding=\"async\" width=\"696\" height=\"457\" data-attachment-id=\"139884\" data-permalink=\"https:\/\/www.hoymercedes.com.ar\/principal\/2021\/11\/10\/aprehendieron-a-un-hombre-acusado-de-amenazar-a-su-expareja\/arma-de-fuego-aprehension-amenazas-696x457\/#main\" data-orig-file=\"https:\/\/www.hoymercedes.com.ar\/principal\/wp-content\/uploads\/2021\/11\/Arma-de-fuego-Aprehension-amenazas-696x457-1.jpg\" data-orig-size=\"696,457\" data-comments-opened=\"0\" data-image-meta=\"{&quot;aperture&quot;:&quot;0&quot;,&quot;credit&quot;:&quot;&quot;,&quot;camera&quot;:&quot;&quot;,&quot;caption&quot;:&quot;&quot;,&quot;created_timestamp&quot;:&quot;0&quot;,&quot;copyright&quot;:&quot;&quot;,&quot;focal_length&quot;:&quot;0&quot;,&quot;iso&quot;:&quot;0&quot;,&quot;shutter_speed&quot;:&quot;0&quot;,&quot;title&quot;:&quot;&quot;,&quot;orientation&quot;:&quot;0&quot;}\" data-image-title=\"Arma-de-fuego-Aprehensi\u00f3n-amenazas-696&amp;#215;457\" data-image-description=\"\" data-image-caption=\"\" data-large-file=\"https:\/\/www.hoymercedes.com.ar\/principal\/wp-content\/uploads\/2021\/11\/Arma-de-fuego-Aprehension-amenazas-696x457-1.jpg\" src=\"https:\/\/www.hoymercedes.com.ar\/principal\/wp-content\/uploads\/2021\/11\/Arma-de-fuego-Aprehension-amenazas-696x457-1.jpg\" alt=\"\" class=\"wp-image-139884\" srcset=\"https:\/\/www.hoymercedes.com.ar\/principal\/wp-content\/uploads\/2021\/11\/Arma-de-fuego-Aprehension-amenazas-696x457-1.jpg 696w, https:\/\/www.hoymercedes.com.ar\/principal\/wp-content\/uploads\/2021\/11\/Arma-de-fuego-Aprehension-amenazas-696x457-1-630x414.jpg 630w, https:\/\/www.hoymercedes.com.ar\/principal\/wp-content\/uploads\/2021\/11\/Arma-de-fuego-Aprehension-amenazas-696x457-1-150x98.jpg 150w\" sizes=\"auto, (max-width: 696px) 100vw, 696px\" \/><\/figure><\/div>\n\n\n\n<p>Este martes por la noche, en el marco de un procedimiento que deriv\u00f3 en el corte de algunas calles de la localidad de Luj\u00e1n, la Polic\u00eda de dicha ciudad aprehendi\u00f3 a un hombre que est\u00e1 acusado de presentarse en la casa de su expareja y amenazarla de muerte.<\/p>\n\n\n\n<p>Seg\u00fan informaron fuentes consultadas del Comando de Patrulla Luj\u00e1n, efectivos de esa dependencia policial, en conjunto con personal de la DDI Luj\u00e1n, tomaron conocimiento que una joven de 25 a\u00f1os \u201cfue amenazada de muerte por su expareja, de nombre Luis Alberto y de 43 a\u00f1os, quien se encontrar\u00eda estacionado frente a la casa de la femenina, en Mitre al 1.000, en una camioneta Volkswagen Amarok\u201d.<\/p>\n\n\n\n<p>Y una vez en el lugar, procedieron a la aprehensi\u00f3n del sujeto. Pero tambi\u00e9n, tal como detallaron, incautaron \u201cun arma de fuego Beretta calibre 9mm, una Bersa Thuender-Pro calibre 22 y una bolsa de nylon de color trasparente con una sustancia blanca similar a clorhidrato de coca\u00edna\u201d.<\/p>\n\n\n\n<p>En el hecho tiene injerencia la UFI N\u00b0 9 del Departamento Judicial Mercedes, que inici\u00f3 actuaciones caratuladas \u201camenazas calificadas por el uso de arma de fuego, portaci\u00f3n ilegal de arma de guerra y tenencia de estupefacientes\u201d.<\/p>\n\n\n\n<p>Fuente: Luj\u00e1n Hoy<\/p>\n","protected":false},"excerpt":{"rendered":"<p>El hecho ocurri\u00f3 este martes por la noche en Luj\u00e1n. Seg\u00fan informaron fuentes policiales, el sujeto, de 43 a\u00f1os, se &#8230; <a title=\"Aprehendieron a un hombre acusado de amenazar a su expareja\" class=\"read-more\" href=\"https:\/\/www.hoymercedes.com.ar\/principal\/2021\/11\/10\/aprehendieron-a-un-hombre-acusado-de-amenazar-a-su-expareja\/\" aria-label=\"Leer m\u00e1s sobre Aprehendieron a un hombre acusado de amenazar a su expareja\">Leer m\u00e1s<\/a><\/p>\n","protected":false},"author":1,"featured_media":139884,"comment_status":"closed","ping_status":"open","sticky":false,"template":"","format":"standard","meta":{"_monsterinsights_skip_tracking":false,"_monsterinsights_sitenote_active":false,"_monsterinsights_sitenote_note":"","_monsterinsights_sitenote_category":0,"jetpack_post_was_ever_published":false,"_jetpack_newsletter_access":"","_jetpack_dont_email_post_to_subs":false,"_jetpack_newsletter_tier_id":0,"_jetpack_memberships_contains_paywalled_content":false,"_jetpack_memberships_contains_paid_content":false,"footnotes":"","jetpack_publicize_message":"","jetpack_publicize_feature_enabled":true,"jetpack_social_post_already_shared":true,"jetpack_social_options":{"image_generator_settings":{"template":"highway","default_image_id":0,"font":"","enabled":false},"version":2},"_wpas_customize_per_network":false},"categories":[85],"tags":[],"class_list":["post-139883","post","type-post","status-publish","format-standard","has-post-thumbnail","hentry","category-policial","generate-columns","tablet-grid-50","mobile-grid-100","grid-parent","grid-50"],"jetpack_publicize_connections":[],"jetpack_featured_media_url":"https:\/\/www.hoymercedes.com.ar\/principal\/wp-content\/uploads\/2021\/11\/Arma-de-fuego-Aprehension-amenazas-696x457-1.jpg","wps_subtitle":"Regional","jetpack_sharing_enabled":true,"_links":{"self":[{"href":"https:\/\/www.hoymercedes.com.ar\/principal\/wp-json\/wp\/v2\/posts\/139883","targetHints":{"allow":["GET"]}}],"collection":[{"href":"https:\/\/www.hoymercedes.com.ar\/principal\/wp-json\/wp\/v2\/posts"}],"about":[{"href":"https:\/\/www.hoymercedes.com.ar\/principal\/wp-json\/wp\/v2\/types\/post"}],"author":[{"embeddable":true,"href":"https:\/\/www.hoymercedes.com.ar\/principal\/wp-json\/wp\/v2\/users\/1"}],"replies":[{"embeddable":true,"href":"https:\/\/www.hoymercedes.com.ar\/principal\/wp-json\/wp\/v2\/comments?post=139883"}],"version-history":[{"count":0,"href":"https:\/\/www.hoymercedes.com.ar\/principal\/wp-json\/wp\/v2\/posts\/139883\/revisions"}],"wp:featuredmedia":[{"embeddable":true,"href":"https:\/\/www.hoymercedes.com.ar\/principal\/wp-json\/wp\/v2\/media\/139884"}],"wp:attachment":[{"href":"https:\/\/www.hoymercedes.com.ar\/principal\/wp-json\/wp\/v2\/media?parent=139883"}],"wp:term":[{"taxonomy":"category","embeddable":true,"href":"https:\/\/www.hoymercedes.com.ar\/principal\/wp-json\/wp\/v2\/categories?post=139883"},{"taxonomy":"post_tag","embeddable":true,"href":"https:\/\/www.hoymercedes.com.ar\/principal\/wp-json\/wp\/v2\/tags?post=139883"}],"curies":[{"name":"wp","href":"https:\/\/api.w.org\/{rel}","templated":true}]}}