{"id":139903,"date":"2021-11-11T10:20:27","date_gmt":"2021-11-11T13:20:27","guid":{"rendered":"https:\/\/www.hoymercedes.com.ar\/principal\/?p=139903"},"modified":"2021-11-11T10:20:32","modified_gmt":"2021-11-11T13:20:32","slug":"el-cept-4-inauguro-la-primera-radio-escolar-rural-de-la-region","status":"publish","type":"post","link":"https:\/\/www.hoymercedes.com.ar\/principal\/2021\/11\/11\/el-cept-4-inauguro-la-primera-radio-escolar-rural-de-la-region\/","title":{"rendered":"El CEPT 4 inaugur\u00f3 la primera radio escolar rural de la regi\u00f3n"},"content":{"rendered":"\n<figure class=\"wp-block-image size-full\"><img loading=\"lazy\" decoding=\"async\" width=\"899\" height=\"599\" data-attachment-id=\"139904\" data-permalink=\"https:\/\/www.hoymercedes.com.ar\/principal\/2021\/11\/11\/el-cept-4-inauguro-la-primera-radio-escolar-rural-de-la-region\/indice-2\/#main\" data-orig-file=\"https:\/\/www.hoymercedes.com.ar\/principal\/wp-content\/uploads\/2021\/11\/indice.jpg\" data-orig-size=\"899,599\" data-comments-opened=\"0\" data-image-meta=\"{&quot;aperture&quot;:&quot;0&quot;,&quot;credit&quot;:&quot;&quot;,&quot;camera&quot;:&quot;&quot;,&quot;caption&quot;:&quot;&quot;,&quot;created_timestamp&quot;:&quot;0&quot;,&quot;copyright&quot;:&quot;&quot;,&quot;focal_length&quot;:&quot;0&quot;,&quot;iso&quot;:&quot;0&quot;,&quot;shutter_speed&quot;:&quot;0&quot;,&quot;title&quot;:&quot;&quot;,&quot;orientation&quot;:&quot;0&quot;}\" data-image-title=\"indice\" data-image-description=\"\" data-image-caption=\"\" data-large-file=\"https:\/\/www.hoymercedes.com.ar\/principal\/wp-content\/uploads\/2021\/11\/indice.jpg\" src=\"https:\/\/www.hoymercedes.com.ar\/principal\/wp-content\/uploads\/2021\/11\/indice.jpg\" alt=\"\" class=\"wp-image-139904\" srcset=\"https:\/\/www.hoymercedes.com.ar\/principal\/wp-content\/uploads\/2021\/11\/indice.jpg 899w, https:\/\/www.hoymercedes.com.ar\/principal\/wp-content\/uploads\/2021\/11\/indice-630x420.jpg 630w, https:\/\/www.hoymercedes.com.ar\/principal\/wp-content\/uploads\/2021\/11\/indice-150x100.jpg 150w, https:\/\/www.hoymercedes.com.ar\/principal\/wp-content\/uploads\/2021\/11\/indice-700x465.jpg 700w\" sizes=\"auto, (max-width: 899px) 100vw, 899px\" \/><\/figure>\n\n\n\n<p>Este martes por la tarde qued\u00f3 oficialmente inaugurada la radio del CEPT N\u00b0 4 y cont\u00f3 la con la presencia del intendente municipal Juan Ustarroz y la referente en educaci\u00f3n Florencia Comalini.<br>El Centro Educativo para la Producci\u00f3n Total dio un paso importante en sus proyectos institucionales con la creaci\u00f3n de la primera radio de una escuela rural en la regi\u00f3n. Son pocas las que funcionan en el pa\u00eds y una de ellas est\u00e1 en Mercedes. Se trata de una radio que funciona por streaming y se puede escuchar ingresando a la web: radiocept4.com.ar o baj\u00e1ndose la app del Playstore del celular.<br>El intendente Ustarroz visit\u00f3 el CEPT este martes por la tarde junto con Florencia Comalini y el Inspector Jefe Cristian Ponce. Fueron recibidos por el director Fabi\u00e1n Rodr\u00edguez, el Consejo de Administraci\u00f3n, que est\u00e1 integrado por los padres de los alumnos, los docentes y los alumnos que durante esta semana est\u00e1n en permanencia. Tambi\u00e9n estuvieron presentes Guillermo C\u00e1ceres, creador de la radio escolar de San Patricio y referente de medios escolares la regi\u00f3n y la coordinadora de Educaci\u00f3n Digital de provincia Carolina Dist\u00e9fano y el presidente de la FACEPT (federaci\u00f3n que integra a los CEPTs de la provincia) Javier Prada.<br>\u201cAgradecemos el apoyo que siempre nos da la Municipalidad para nuestros proyectos. Es una propuesta innovadora que nos va a permitir contar con nuestras voces, las de los alumnos m\u00e1s que nada, la realidad de nuestros familias y las actividades escolares\u201d, cont\u00f3 el director Rodr\u00edguez al momento de decir unas palabras.<br>Luego de las palabras de rigor se llev\u00f3 adelante la transmisi\u00f3n oficial por la radio de la cual participaron el intendente y dem\u00e1s invitados. El profesor y periodista Mariano P\u00e9rez es quien ide\u00f3 el proyecto y lo pudo llevar adelante. \u201cHay que agradecer al intendente porque nos apoyaron enseguida con el proyecto y aportaron el equipamiento necesario con la gesti\u00f3n de Lucho Demergasso como tambi\u00e9n a Marcelo Far\u00eds que colabor\u00f3 con la instalaci\u00f3n. Es una idea que se fue generando desde hace a\u00f1os y en este 2021 nos animamos a hacerla realidad. Lo m\u00e1s importante de esta radio es que tiene participaci\u00f3n plena de nuestros alumnos: desde los que son operadores t\u00e9cnicos hasta aquellos que pusieron su voz a la art\u00edstica de la radio, o quienes grabaron entrevistas, publicidades, informes y dem\u00e1s formatos radiales\u201d, cont\u00f3 el docente.<\/p>\n\n\n\n<figure class=\"wp-block-image size-large\"><img loading=\"lazy\" decoding=\"async\" width=\"1024\" height=\"683\" data-attachment-id=\"139905\" data-permalink=\"https:\/\/www.hoymercedes.com.ar\/principal\/2021\/11\/11\/el-cept-4-inauguro-la-primera-radio-escolar-rural-de-la-region\/dsc00644\/#main\" data-orig-file=\"https:\/\/www.hoymercedes.com.ar\/principal\/wp-content\/uploads\/2021\/11\/DSC00644.jpg\" data-orig-size=\"1800,1200\" data-comments-opened=\"0\" data-image-meta=\"{&quot;aperture&quot;:&quot;9&quot;,&quot;credit&quot;:&quot;&quot;,&quot;camera&quot;:&quot;ILCE-7M3&quot;,&quot;caption&quot;:&quot;&quot;,&quot;created_timestamp&quot;:&quot;1636478899&quot;,&quot;copyright&quot;:&quot;&quot;,&quot;focal_length&quot;:&quot;28&quot;,&quot;iso&quot;:&quot;5000&quot;,&quot;shutter_speed&quot;:&quot;0.008&quot;,&quot;title&quot;:&quot;&quot;,&quot;orientation&quot;:&quot;0&quot;}\" data-image-title=\"DSC00644\" data-image-description=\"\" data-image-caption=\"\" data-large-file=\"https:\/\/www.hoymercedes.com.ar\/principal\/wp-content\/uploads\/2021\/11\/DSC00644-1024x683.jpg\" src=\"https:\/\/www.hoymercedes.com.ar\/principal\/wp-content\/uploads\/2021\/11\/DSC00644-1024x683.jpg\" alt=\"\" class=\"wp-image-139905\" srcset=\"https:\/\/www.hoymercedes.com.ar\/principal\/wp-content\/uploads\/2021\/11\/DSC00644-1024x683.jpg 1024w, https:\/\/www.hoymercedes.com.ar\/principal\/wp-content\/uploads\/2021\/11\/DSC00644-630x420.jpg 630w, https:\/\/www.hoymercedes.com.ar\/principal\/wp-content\/uploads\/2021\/11\/DSC00644-150x100.jpg 150w, https:\/\/www.hoymercedes.com.ar\/principal\/wp-content\/uploads\/2021\/11\/DSC00644-1536x1024.jpg 1536w, https:\/\/www.hoymercedes.com.ar\/principal\/wp-content\/uploads\/2021\/11\/DSC00644.jpg 1800w\" sizes=\"auto, (max-width: 1024px) 100vw, 1024px\" \/><\/figure>\n\n\n\n<p><br>En medio de la entrevista Florencia Comalini destac\u00f3 el valor pedag\u00f3gico que tiene la creaci\u00f3n de esta radio. \u201cEs muy emocionante ver que estamos al aire y hay alumnos que est\u00e1n operando t\u00e9cnicamente. Es primordial que nuestros alumnos aprendan nuevas habilidades y que en este caso la radio sea un recurso para alcanzar las propuestas de aprendizaje\u201d, dijo la referente del programa PROEBA.<\/p>\n\n\n\n<p><br>Por \u00faltimo el intendente fue quien dej\u00f3 las palabras finales en esta especie de conversatorio que sali\u00f3 en vivo por la radio del CEPT 4. \u201cEs importante el proceso en la construcci\u00f3n de un proyecto como \u00e9ste. La perpetuidad en el tiempo tiene que ver con la mayor participaci\u00f3n posible de los distintos actores. Esa es la idea con la que nos manejamos desde nuestra gesti\u00f3n y creemos que es el camino: todos unidos en un bien com\u00fan y esta radio es un ejemplo de ese trabajo. Quiero felicitar a todos los integrantes del CEPT 4 por esta importante propuesta que va a permitir escuchar sobre otras realidades, sobre otro campo, dejando de lado las voces hegem\u00f3nicas que muchas veces se escuchan en los medios de comunicaci\u00f3n\u201d, asegur\u00f3 el intendente municipal.<\/p>\n\n\n\n<p><br>La radio del CEPT 4 transmite en vivo las 24 horas y tambi\u00e9n se pueden seguir las actividades del establecimiento en sus redes sociales en Instagram y Facebook.<\/p>\n","protected":false},"excerpt":{"rendered":"<p>Este martes por la tarde qued\u00f3 oficialmente inaugurada la radio del CEPT N\u00b0 4 y cont\u00f3 la con la presencia &#8230; <a title=\"El CEPT 4 inaugur\u00f3 la primera radio escolar rural de la regi\u00f3n\" class=\"read-more\" href=\"https:\/\/www.hoymercedes.com.ar\/principal\/2021\/11\/11\/el-cept-4-inauguro-la-primera-radio-escolar-rural-de-la-region\/\" aria-label=\"Leer m\u00e1s sobre El CEPT 4 inaugur\u00f3 la primera radio escolar rural de la regi\u00f3n\">Leer m\u00e1s<\/a><\/p>\n","protected":false},"author":1,"featured_media":139904,"comment_status":"closed","ping_status":"open","sticky":false,"template":"","format":"standard","meta":{"_monsterinsights_skip_tracking":false,"_monsterinsights_sitenote_active":false,"_monsterinsights_sitenote_note":"","_monsterinsights_sitenote_category":0,"jetpack_post_was_ever_published":false,"_jetpack_newsletter_access":"","_jetpack_dont_email_post_to_subs":false,"_jetpack_newsletter_tier_id":0,"_jetpack_memberships_contains_paywalled_content":false,"_jetpack_memberships_contains_paid_content":false,"footnotes":"","jetpack_publicize_message":"","jetpack_publicize_feature_enabled":true,"jetpack_social_post_already_shared":true,"jetpack_social_options":{"image_generator_settings":{"template":"highway","default_image_id":0,"font":"","enabled":false},"version":2},"_wpas_customize_per_network":false},"categories":[8],"tags":[11796,9219,18092],"class_list":["post-139903","post","type-post","status-publish","format-standard","has-post-thumbnail","hentry","category-sociedad","tag-cept-4","tag-radio","tag-ustarrz","generate-columns","tablet-grid-50","mobile-grid-100","grid-parent","grid-50"],"jetpack_publicize_connections":[],"jetpack_featured_media_url":"https:\/\/www.hoymercedes.com.ar\/principal\/wp-content\/uploads\/2021\/11\/indice.jpg","wps_subtitle":"Educaci\u00f3n ","jetpack_sharing_enabled":true,"_links":{"self":[{"href":"https:\/\/www.hoymercedes.com.ar\/principal\/wp-json\/wp\/v2\/posts\/139903","targetHints":{"allow":["GET"]}}],"collection":[{"href":"https:\/\/www.hoymercedes.com.ar\/principal\/wp-json\/wp\/v2\/posts"}],"about":[{"href":"https:\/\/www.hoymercedes.com.ar\/principal\/wp-json\/wp\/v2\/types\/post"}],"author":[{"embeddable":true,"href":"https:\/\/www.hoymercedes.com.ar\/principal\/wp-json\/wp\/v2\/users\/1"}],"replies":[{"embeddable":true,"href":"https:\/\/www.hoymercedes.com.ar\/principal\/wp-json\/wp\/v2\/comments?post=139903"}],"version-history":[{"count":0,"href":"https:\/\/www.hoymercedes.com.ar\/principal\/wp-json\/wp\/v2\/posts\/139903\/revisions"}],"wp:featuredmedia":[{"embeddable":true,"href":"https:\/\/www.hoymercedes.com.ar\/principal\/wp-json\/wp\/v2\/media\/139904"}],"wp:attachment":[{"href":"https:\/\/www.hoymercedes.com.ar\/principal\/wp-json\/wp\/v2\/media?parent=139903"}],"wp:term":[{"taxonomy":"category","embeddable":true,"href":"https:\/\/www.hoymercedes.com.ar\/principal\/wp-json\/wp\/v2\/categories?post=139903"},{"taxonomy":"post_tag","embeddable":true,"href":"https:\/\/www.hoymercedes.com.ar\/principal\/wp-json\/wp\/v2\/tags?post=139903"}],"curies":[{"name":"wp","href":"https:\/\/api.w.org\/{rel}","templated":true}]}}